{"id":40425,"date":"2024-03-18T14:43:51","date_gmt":"2024-03-18T17:43:51","guid":{"rendered":"https:\/\/radiorevelacionfm.cl\/?p=40425"},"modified":"2024-03-18T14:43:51","modified_gmt":"2024-03-18T17:43:51","slug":"200-personas-asisten-a-primera-feria-laboral-mop-trabajo-impulsando-la-reactivacion-economica-chile-avanzando","status":"publish","type":"post","link":"https:\/\/radiorevelacionfm.cl\/?p=40425","title":{"rendered":"200 personas asisten a \u201cPrimera Feria Laboral MOP \u2013Trabajo impulsando la reactivaci\u00f3n econ\u00f3mica, Chile avanzando\u201d"},"content":{"rendered":"<p><span data-mce-type=\"bookmark\" style=\"display: inline-block; width: 0px; overflow: hidden; line-height: 0;\" class=\"mce_SELRES_start\">\ufeff<\/span><div class=\"flex_column av_one_full  flex_column_div av-zero-column-padding first  avia-builder-el-0  el_before_av_one_full  avia-builder-el-first  \" style='border-radius:0px; '><div  class='avia-image-container  av-styling-    avia-builder-el-1  avia-builder-el-no-sibling  avia-align-center '  itemprop=\"image\" itemscope=\"itemscope\" itemtype=\"https:\/\/schema.org\/ImageObject\"  ><div class='avia-image-container-inner'><div class='avia-image-overlay-wrap'><img decoding=\"async\" class='wp-image-40251 avia-img-lazy-loading-not-40251 avia_image' src=\"https:\/\/radiorevelacionfm.cl\/wp-content\/uploads\/2024\/03\/whatsapp-image-2024-03-11-at-1_optimized.02.04-pm-1.jpeg\" alt='' title='whatsapp-image-2024-03-11-at-1_optimized.02.04-pm-(1)' height=\"600\" width=\"963\"  itemprop=\"thumbnailUrl\" srcset=\"https:\/\/radiorevelacionfm.cl\/wp-content\/uploads\/2024\/03\/whatsapp-image-2024-03-11-at-1_optimized.02.04-pm-1.jpeg 963w, https:\/\/radiorevelacionfm.cl\/wp-content\/uploads\/2024\/03\/whatsapp-image-2024-03-11-at-1_optimized.02.04-pm-1-300x187.jpeg 300w, https:\/\/radiorevelacionfm.cl\/wp-content\/uploads\/2024\/03\/whatsapp-image-2024-03-11-at-1_optimized.02.04-pm-1-768x479.jpeg 768w, https:\/\/radiorevelacionfm.cl\/wp-content\/uploads\/2024\/03\/whatsapp-image-2024-03-11-at-1_optimized.02.04-pm-1-705x439.jpeg 705w, https:\/\/radiorevelacionfm.cl\/wp-content\/uploads\/2024\/03\/whatsapp-image-2024-03-11-at-1_optimized.02.04-pm-1-450x280.jpeg 450w, https:\/\/radiorevelacionfm.cl\/wp-content\/uploads\/2024\/03\/whatsapp-image-2024-03-11-at-1_optimized.02.04-pm-1-600x374.jpeg 600w\" sizes=\"(max-width: 963px) 100vw, 963px\" \/><\/div><\/div><\/div><\/div><span data-mce-type=\"bookmark\" style=\"display: inline-block; width: 0px; overflow: hidden; line-height: 0;\" class=\"mce_SELRES_end\">\ufeff<\/span><div class=\"flex_column av_one_full  flex_column_div av-zero-column-padding first  avia-builder-el-2  el_after_av_one_full  el_before_av_one_full  column-top-margin\" style='border-radius:0px; '><section class=\"av_textblock_section \"  itemscope=\"itemscope\" itemtype=\"https:\/\/schema.org\/BlogPosting\" itemprop=\"blogPost\" ><div class='avia_textblock  '   itemprop=\"text\" ><p style=\"text-align: center;\"><strong><span style=\"font-size: 18pt;\">200 personas asisten a \u201cPrimera Feria Laboral MOP \u2013Trabajo impulsando la reactivaci\u00f3n econ\u00f3mica, Chile avanzando\u201d<\/span><\/strong><\/p>\n<div id=\"gtx-trans\" style=\"position: absolute; left: -50px; top: 4.31534px;\">\n<div class=\"gtx-trans-icon\"><\/div>\n<\/div>\n<\/div><\/section><\/div><div class=\"flex_column av_one_full  flex_column_div av-zero-column-padding first  avia-builder-el-4  el_after_av_one_full  el_before_av_hr  column-top-margin\" style='border-radius:0px; '><section class=\"av_textblock_section \"  itemscope=\"itemscope\" itemtype=\"https:\/\/schema.org\/BlogPosting\" itemprop=\"blogPost\" ><div class='avia_textblock  '   itemprop=\"text\" ><p style=\"text-align: justify;\">Un positivo balance de la primera Feria Laboral MOP\u2013Trabajo: \u201cImpulsando la Reactivaci\u00f3n Econ\u00f3mica, Chile Avanzando\u201d, que organizaron el Ministerio de Obras P\u00fablicas y el Ministerio del Trabajo y Previsi\u00f3n Social, realiz\u00f3 el Secretario Regional Ministerial de Obras P\u00fablicas, Patricio Sanhueza Ulloa.<\/p>\n<p style=\"text-align: justify;\">\u201cEs grato poder mostrar las se\u00f1ales de reactivaci\u00f3n econ\u00f3mica que impulsa el gabinete pro crecimiento y empleo en el gobierno del presidente Gabriel Boric Font. Claramente esto era muy necesario, porque hemos tenido muchas personas buscando empleo, as\u00ed que agradecemos su presencia, as\u00ed como tambi\u00e9n a cada una de las empresas constructoras que han participado con obras p\u00fablicas que se encuentran en ejecuci\u00f3n y\/o est\u00e1n por iniciarlas. Pretendemos seguir haciendo estas Ferias, porque esta es una muestra de los primeros contratos que estamos adjudicando y estamos optimistas respecto a que vamos a continuar adjudicando obras, as\u00ed que de la misma forma en que lo hicimos en esta Feria, para las pr\u00f3ximas queremos continuar reuniendo y acercando a las personas que requieren empleo con las empresas constructoras que van a ejecutar nuestras obras. A nivel pa\u00eds el 96% del presupuesto del Ministerio de Obras P\u00fablicas se ejecuta a trav\u00e9s de empresas privadas, y hoy contamos con una inversi\u00f3n de 276 mil millones de pesos con los que se abordar\u00e1n\u00a0 44 licitaciones de obras para construir la infraestructura que mejorar\u00e1 el bienestar de las personas\u201d, destac\u00f3 Patricio Sanhueza Ulloa.<\/p>\n<p style=\"text-align: justify;\">Nuestro gobierno \u201cen estos dos a\u00f1os ha materializado cambios relevantes para el bienestar de la comunidad en seguridad p\u00fablica, en seguridad social y en seguridad econ\u00f3mica, pero hoy tambi\u00e9n es el gobierno quien est\u00e1 impulsando la reactivaci\u00f3n econ\u00f3mica, con una agenda pro crecimiento y empleo para avanzar hacia un pa\u00eds m\u00e1s equitativo e inclusivo, en donde todos y todas son importantes, y en donde estamos entregando obras y empleos que dar\u00e1n mayores oportunidades a todos y a todas, as\u00ed que estamos muy conformes con la asistencia de 200 personas a esta Feria, y que pudieran contactarse con las empresas constructoras para obtener un empleo. Adem\u00e1s, como Ministerio de Obras P\u00fablicas hemos firmado un convenio con ONU mujeres para propiciar la integraci\u00f3n de ellas al \u00e1mbito de la construcci\u00f3n, as\u00ed que tambi\u00e9n fue una oportunidad para las mujeres, y estamos muy conformes con el resultado de esta Feria\u201d, agreg\u00f3 la autoridad regional de OOPP.<\/p>\n<p style=\"text-align: justify;\">La Feria Laboral organizada por los Ministerios de Obras P\u00fablicas y del Trabajo y Previsi\u00f3n Social, fue inaugurada por la ministra de esta cartera, Jeanette Jara Rom\u00e1n, en el marco de las actividades que se desarroll\u00f3 en la regi\u00f3n de Ays\u00e9n, con ocasi\u00f3n del cumplimiento de los dos a\u00f1os del gobierno del presidente Gabriel Boric Font, y present\u00f3 una oferta de 150 empleos disponibles en la regi\u00f3n, en diferentes niveles formativos como profesionales, t\u00e9cnicos y jornales por parte de empresas constructoras que ejecutan obras p\u00fablicas en diferentes sectores en esta zona del pa\u00eds, en el marco de la Agenda de reactivaci\u00f3n econ\u00f3mica y gabinete pro crecimiento y empleo que lleva adelante el gobierno.<\/p>\n<p style=\"text-align: justify;\">En la Feria participaron activamente el Servicio Nacional de Capacitaci\u00f3n de Empleo (SENCE), para hacer curr\u00edculum y contar con asesor\u00eda de la Oficina de Intermediaci\u00f3n Laboral (OMIL), de manera de hacer el enlace entre la empresa y los trabajadores, el Servicio Nacional de Migraciones, INACAP, CFT, Registro Civil e Identificaci\u00f3n, Administradora de Fondos de Cesant\u00eda (AFC), Aguas Patagonia y las Empresas Constructoras Urales, Bitumix, Flesan, Patricio Roa, Apia, entre otras.<\/p>\n<\/div><\/section><\/div><div  style='height:50px' class='hr hr-invisible   avia-builder-el-6  el_after_av_one_full  el_before_av_social_share '><span class='hr-inner ' ><span class='hr-inner-style'><\/span><\/span><\/div><\/p>\n<div  class='av-social-sharing-box  avia-builder-el-7  el_after_av_hr  el_before_av_hr  '><div class='av-share-box'><h5 class='av-share-link-description av-no-toc '>Compartir esta noticia<\/h5><ul class='av-share-box-list noLightbox'><li class='av-share-link av-social-link-facebook' ><a target=\"_blank\" aria-label=\"Compartir en Facebook\" href='https:\/\/www.facebook.com\/sharer.php?u=https:\/\/radiorevelacionfm.cl\/?p=40425&#038;t=200%20personas%20asisten%20a%20%E2%80%9CPrimera%20Feria%20Laboral%20MOP%20%E2%80%93Trabajo%20impulsando%20la%20reactivaci%C3%B3n%20econ%C3%B3mica%2C%20Chile%20avanzando%E2%80%9D' aria-hidden='false' data-av_icon='\ue8f3' data-av_iconfont='entypo-fontello' title='' data-avia-related-tooltip='Compartir en Facebook' rel=\"noopener\"><span class='avia_hidden_link_text'>Compartir en Facebook<\/span><\/a><\/li><li class='av-share-link av-social-link-twitter' ><a target=\"_blank\" aria-label=\"Compartir en Twitter\" href='https:\/\/twitter.com\/share?text=200%20personas%20asisten%20a%20%E2%80%9CPrimera%20Feria%20Laboral%20MOP%20%E2%80%93Trabajo%20impulsando%20la%20reactivaci%C3%B3n%20econ%C3%B3mica%2C%20Chile%20avanzando%E2%80%9D&#038;url=https:\/\/radiorevelacionfm.cl\/?p=40425' aria-hidden='false' data-av_icon='\ue8f1' data-av_iconfont='entypo-fontello' title='' data-avia-related-tooltip='Compartir en Twitter' rel=\"noopener\"><span class='avia_hidden_link_text'>Compartir en Twitter<\/span><\/a><\/li><li class='av-share-link av-social-link-whatsapp' ><a target=\"_blank\" aria-label=\"Compartir en Whatsapp\" href='https:\/\/api.whatsapp.com\/send?text=https:\/\/radiorevelacionfm.cl\/?p=40425' aria-hidden='false' data-av_icon='\uf232' data-av_iconfont='entypo-fontello' title='' data-avia-related-tooltip='Compartir en Whatsapp' rel=\"noopener\"><span class='avia_hidden_link_text'>Compartir en Whatsapp<\/span><\/a><\/li><li class='av-share-link av-social-link-linkedin' ><a target=\"_blank\" aria-label=\"Compartir en LinkedIn\" href='https:\/\/linkedin.com\/shareArticle?mini=true&#038;title=200%20personas%20asisten%20a%20%E2%80%9CPrimera%20Feria%20Laboral%20MOP%20%E2%80%93Trabajo%20impulsando%20la%20reactivaci%C3%B3n%20econ%C3%B3mica%2C%20Chile%20avanzando%E2%80%9D&#038;url=https:\/\/radiorevelacionfm.cl\/?p=40425' aria-hidden='false' data-av_icon='\ue8fc' data-av_iconfont='entypo-fontello' title='' data-avia-related-tooltip='Compartir en LinkedIn' rel=\"noopener\"><span class='avia_hidden_link_text'>Compartir en LinkedIn<\/span><\/a><\/li><li class='av-share-link av-social-link-mail' ><a  aria-label=\"Compartir por correo\" href='mailto:?subject=200%20personas%20asisten%20a%20%E2%80%9CPrimera%20Feria%20Laboral%20MOP%20%E2%80%93Trabajo%20impulsando%20la%20reactivaci%C3%B3n%20econ%C3%B3mica%2C%20Chile%20avanzando%E2%80%9D&#038;body=https:\/\/radiorevelacionfm.cl\/?p=40425' aria-hidden='false' data-av_icon='\ue805' data-av_iconfont='entypo-fontello' title='' data-avia-related-tooltip='Compartir por correo'><span class='avia_hidden_link_text'>Compartir por correo<\/span><\/a><\/li><\/ul><\/div><\/div>\n<div  style='height:50px' class='hr hr-invisible   avia-builder-el-8  el_after_av_social_share  el_before_av_comments_list '><span class='hr-inner ' ><span class='hr-inner-style'><\/span><\/span><\/div>\n<div  class='av-buildercomment  av-blog-meta-html-info-disabled av-blog-meta-tag-disabled  '><\/div>\n","protected":false},"excerpt":{"rendered":"<p>\ufeff\ufeff<\/p>\n","protected":false},"author":1,"featured_media":40251,"comment_status":"open","ping_status":"open","sticky":false,"template":"","format":"standard","meta":{"footnotes":""},"categories":[38],"tags":[],"class_list":["post-40425","post","type-post","status-publish","format-standard","has-post-thumbnail","hentry","category-regional"],"jetpack_featured_media_url":"https:\/\/radiorevelacionfm.cl\/wp-content\/uploads\/2024\/03\/whatsapp-image-2024-03-11-at-1_optimized.02.04-pm-1.jpeg","_links":{"self":[{"href":"https:\/\/radiorevelacionfm.cl\/index.php?rest_route=\/wp\/v2\/posts\/40425","targetHints":{"allow":["GET"]}}],"collection":[{"href":"https:\/\/radiorevelacionfm.cl\/index.php?rest_route=\/wp\/v2\/posts"}],"about":[{"href":"https:\/\/radiorevelacionfm.cl\/index.php?rest_route=\/wp\/v2\/types\/post"}],"author":[{"embeddable":true,"href":"https:\/\/radiorevelacionfm.cl\/index.php?rest_route=\/wp\/v2\/users\/1"}],"replies":[{"embeddable":true,"href":"https:\/\/radiorevelacionfm.cl\/index.php?rest_route=%2Fwp%2Fv2%2Fcomments&post=40425"}],"version-history":[{"count":2,"href":"https:\/\/radiorevelacionfm.cl\/index.php?rest_route=\/wp\/v2\/posts\/40425\/revisions"}],"predecessor-version":[{"id":40427,"href":"https:\/\/radiorevelacionfm.cl\/index.php?rest_route=\/wp\/v2\/posts\/40425\/revisions\/40427"}],"wp:featuredmedia":[{"embeddable":true,"href":"https:\/\/radiorevelacionfm.cl\/index.php?rest_route=\/wp\/v2\/media\/40251"}],"wp:attachment":[{"href":"https:\/\/radiorevelacionfm.cl\/index.php?rest_route=%2Fwp%2Fv2%2Fmedia&parent=40425"}],"wp:term":[{"taxonomy":"category","embeddable":true,"href":"https:\/\/radiorevelacionfm.cl\/index.php?rest_route=%2Fwp%2Fv2%2Fcategories&post=40425"},{"taxonomy":"post_tag","embeddable":true,"href":"https:\/\/radiorevelacionfm.cl\/index.php?rest_route=%2Fwp%2Fv2%2Ftags&post=40425"}],"curies":[{"name":"wp","href":"https:\/\/api.w.org\/{rel}","templated":true}]}}