{"id":40422,"date":"2024-03-18T10:59:46","date_gmt":"2024-03-18T13:59:46","guid":{"rendered":"https:\/\/radiorevelacionfm.cl\/?p=40422"},"modified":"2024-03-18T10:59:46","modified_gmt":"2024-03-18T13:59:46","slug":"con-foco-en-el-seguimiento-de-grandes-proyectos-sesiono-por-primera-vez-la-mesa-regional-de-inversion-privada","status":"publish","type":"post","link":"https:\/\/radiorevelacionfm.cl\/?p=40422","title":{"rendered":"Con foco en el seguimiento de grandes proyectos, sesion\u00f3 por primera vez la Mesa Regional de Inversi\u00f3n Privada"},"content":{"rendered":"<div class=\"flex_column av_one_full  flex_column_div av-zero-column-padding first  avia-builder-el-0  el_before_av_one_full  avia-builder-el-first  \" style='border-radius:0px; '><div  class='avia-image-container  av-styling-    avia-builder-el-1  avia-builder-el-no-sibling  avia-align-center '  itemprop=\"image\" itemscope=\"itemscope\" itemtype=\"https:\/\/schema.org\/ImageObject\"  ><div class='avia-image-container-inner'><div class='avia-image-overlay-wrap'><img decoding=\"async\" class='wp-image-40423 avia-img-lazy-loading-not-40423 avia_image' src=\"https:\/\/radiorevelacionfm.cl\/wp-content\/uploads\/2024\/03\/mri-5-1_optimized-1.jpg\" alt='' title='mri-5-(1)_optimized (1)' height=\"600\" width=\"1067\"  itemprop=\"thumbnailUrl\" srcset=\"https:\/\/radiorevelacionfm.cl\/wp-content\/uploads\/2024\/03\/mri-5-1_optimized-1.jpg 1067w, https:\/\/radiorevelacionfm.cl\/wp-content\/uploads\/2024\/03\/mri-5-1_optimized-1-300x169.jpg 300w, https:\/\/radiorevelacionfm.cl\/wp-content\/uploads\/2024\/03\/mri-5-1_optimized-1-1030x579.jpg 1030w, https:\/\/radiorevelacionfm.cl\/wp-content\/uploads\/2024\/03\/mri-5-1_optimized-1-768x432.jpg 768w, https:\/\/radiorevelacionfm.cl\/wp-content\/uploads\/2024\/03\/mri-5-1_optimized-1-705x396.jpg 705w, https:\/\/radiorevelacionfm.cl\/wp-content\/uploads\/2024\/03\/mri-5-1_optimized-1-450x253.jpg 450w, https:\/\/radiorevelacionfm.cl\/wp-content\/uploads\/2024\/03\/mri-5-1_optimized-1-600x337.jpg 600w\" sizes=\"(max-width: 1067px) 100vw, 1067px\" \/><\/div><\/div><\/div><\/div><div class=\"flex_column av_one_full  flex_column_div av-zero-column-padding first  avia-builder-el-2  el_after_av_one_full  el_before_av_one_full  column-top-margin\" style='border-radius:0px; '><section class=\"av_textblock_section \"  itemscope=\"itemscope\" itemtype=\"https:\/\/schema.org\/BlogPosting\" itemprop=\"blogPost\" ><div class='avia_textblock  '   itemprop=\"text\" ><p style=\"text-align: center;\"><strong><span style=\"font-size: 18pt;\">Con foco en el seguimiento de grandes proyectos, sesion\u00f3 por primera vez la Mesa Regional de Inversi\u00f3n Privada<\/span><\/strong><\/p>\n<div id=\"gtx-trans\" style=\"position: absolute; left: -50px; top: 4.31534px;\">\n<div class=\"gtx-trans-icon\"><\/div>\n<\/div>\n<\/div><\/section><\/div><div class=\"flex_column av_one_full  flex_column_div av-zero-column-padding first  avia-builder-el-4  el_after_av_one_full  el_before_av_hr  column-top-margin\" style='border-radius:0px; '><section class=\"av_textblock_section \"  itemscope=\"itemscope\" itemtype=\"https:\/\/schema.org\/BlogPosting\" itemprop=\"blogPost\" ><div class='avia_textblock  '   itemprop=\"text\" ><p style=\"text-align: justify;\"><em>La mesa integrada por representantes del Estado y mundo privado, realizar\u00e1 seguimiento y monitoreo a grandes proyectos de inversi\u00f3n para identificar los principales nudos cr\u00edticos, para avanzar y concretar las inversiones de modo m\u00e1s fluido. <\/em><\/p>\n<p style=\"text-align: justify;\">Con el apoyo de la Oficina de Grandes Proyectos del Ministerio de Econom\u00eda y en el marco del Comit\u00e9 de Crecimiento Econ\u00f3mico, Desarrollo y Empleo, se implement\u00f3 en la Regi\u00f3n de Ays\u00e9n; la Mesa Regional de Inversi\u00f3n Privada, instancia que permitir\u00e1 robustecer el di\u00e1logo entre la empresa privada y el estado, pensando y proyectando el crecimiento econ\u00f3mico local. La MRI sesion\u00f3 por primera vez con el objetivo de fortalecer la alianza p\u00fablico\/privada. En ese contexto y para avanzar en torno a estas urgencias, se congregaron liderados por el Seremi de Econom\u00eda, Fomento y Turismo; Felipe Rojas Pizarro, el Delegado Presidencial Regional; Rodrigo Araya Morales, el Seremi de Energ\u00eda Carlos D\u00edaz, Seremi de Obras P\u00fablicas; Patricio Sanhueza, Seremi de Miner\u00eda; Juan V\u00e1squez, Seremi del Medio Ambiente; Yoal D\u00edaz, Director Regional de Sernatur Claudio Montecinos, Sub Director Regional Corfo; Fernando Johnson y representantes del Gobierno Regional, Difoi; Mariana \u00c1vila y Gast\u00f3n \u00c1vila, quienes en su conjunto conocieron en detalle los proyectos de Inversiones Nieves del Sur, Edelays\u00e9n, Mitre Minning y Red Aeroportuaria Austral Sociedad Concesionaria S.A.<\/p>\n<p style=\"text-align: justify;\">El Delegado Presidencial Regional; Rodrigo Araya fue el encargado de dar la bienvenida a esta mesa donde realiz\u00f3 un profundo an\u00e1lisis para contextualizar la evoluci\u00f3n de la inversi\u00f3n a nivel local y adem\u00e1s, tuvo palabras para referirse a las diversas oportunidades de inversi\u00f3n que presenta el territorio, poniendo especial \u00e9nfasis en la intenci\u00f3n expresa por parte del Gobierno en dinamizar procesos y buscar mejoras administrativas que faciliten la inversi\u00f3n.<\/p>\n<p style=\"text-align: justify;\">El Seremi de Econom\u00eda, Fomento y Turismo; Felipe Rojas, quien preside la instancia, puso sobre relieve la importancia de la MRI, enfatizando que: \u201cDesde nuestro Gobierno surge la iniciativa de crear esta mesa que tiene como fin, monitorear constantemente los grandes proyectos e inversiones locales, para detectar aquellos motivos que muchas veces hacen extensos los procesos de materializaci\u00f3n. En ese contexto la mesa convoc\u00f3 tanto a p\u00fablicos como privados, para crear un di\u00e1logo que camine hacia avanzar en soluciones para las diversas necesidades y urgencias, en el entendido que mientras m\u00e1s se avance en concretar estas inversiones, m\u00e1s cerca estamos de mejorar y dinamizar la econom\u00eda y por ende, el bienestar de las familias de nuestra regi\u00f3n.\u201d<\/p>\n<p style=\"text-align: justify;\">El representante de Inversiones Nieves del Sur; Rodrigo Canales, relev\u00f3 tambi\u00e9n la gravitancia de esta alianza p\u00fablico\/privada:<\/p>\n<p style=\"text-align: justify;\">\u201cEsta es una instancia muy necesaria para identificar qu\u00e9 cosas pueden mejorar o facilitar los caminos para la inversi\u00f3n privada. Es bueno que hayan participado varias serem\u00edas y haber contado con la presencia del delegado presidencial para que, de este modo conozca de primera fuente las inversiones privadas y cu\u00e1les son nuestras inquietudes para poder desarrollarlas de la mejor forma y aportar a la regi\u00f3n, que es lo m\u00e1s importante. Conocer las dificultades, trabas y demoras que se suscitan cuando deseas hacer una inversi\u00f3n importante, es clave. Existen varios puntos; permisolog\u00eda, tiempos dilatados y algo de lo que comentamos tambi\u00e9n, es que nos acompa\u00f1en en la capacitaci\u00f3n de capital humano para el crecimiento regional.\u201d<\/p>\n<p style=\"text-align: justify;\">Por su parte la Gobernadora Regional, Andrea Mac\u00edas Palma, tambi\u00e9n tuvo palabras para relevar la MRI; \u201cEsta mesa es tremendamente relevante porque facilita el di\u00e1logo entre la acci\u00f3n p\u00fablica y privada, lo que es absolutamente necesario para nuestra regi\u00f3n, sobre todo en atenci\u00f3n a la atracci\u00f3n de inversiones. Como Gobierno Regional hemos desarrollado un trabajo junto a Corfo, a trav\u00e9s del Programa de Atracci\u00f3n de Inversiones y donde se elabor\u00f3 un estudio respecto a la oferta de valor de la Regi\u00f3n de Ays\u00e9n. Con este mapeo territorial, hemos podido fijar cu\u00e1les son los sectores y vocaciones productivas m\u00e1s relevantes para la regi\u00f3n, donde creemos que hay que hacer foco en la atracci\u00f3n de inversi\u00f3n privada, para que se complemente con la inversi\u00f3n p\u00fablica. Y entendiendo que la inversi\u00f3n privada, tambi\u00e9n requiere de apoyo por parte del Estado, es que estamos trabajado en un estudio para identificar las debilidades que puedan tener los instrumentos de excepci\u00f3n que posee nuestra regi\u00f3n, con la intenci\u00f3n de recomendar ajustes e incorporar algunas ideas que vienen desde el sector privado y que se relacionan con hacer m\u00e1s eficientes estos instrumentos. Esperamos que esta mesa regional de inversi\u00f3n privada, sea un aporte sostenible en el tiempo y que permita aquello que tanto deseamos para nuestra regi\u00f3n; promover un polo de desarrollo que permita avanzar en aquellas necesidades que tenemos.\u201d<\/p>\n<p style=\"text-align: justify;\">Los proyectos que est\u00e1n sobre la mesa acumulan alrededor de USD 200 M, los que est\u00e1n en ejecuci\u00f3n o en v\u00edas de comenzar y que en definitiva, reactivar\u00e1n a\u00fan m\u00e1s la dinamizaci\u00f3n econ\u00f3mica regional, activando la empleabilidad e impactando positivamente en diversos \u00e1mbitos regionales. Tanto desde el sector privado, como del sector p\u00fablico, emergi\u00f3 la premisa de que se vuelve imperioso que tanto el estado como las empresas, deban dialogar unidos para buscar soluciones a los nudos cr\u00edticos que puedan convertirse en barreras para concretar inversiones, ya que desde la vinculaci\u00f3n de ambos sectores surgir\u00e1n las soluciones para mejorar no s\u00f3lo la econom\u00eda regional, sino que la calidad de vida de quienes habitan este territorio.<\/p>\n<\/div><\/section><\/div><div  style='height:50px' class='hr hr-invisible   avia-builder-el-6  el_after_av_one_full  el_before_av_social_share '><span class='hr-inner ' ><span class='hr-inner-style'><\/span><\/span><\/div><\/p>\n<div  class='av-social-sharing-box  avia-builder-el-7  el_after_av_hr  el_before_av_hr  '><div class='av-share-box'><h5 class='av-share-link-description av-no-toc '>Compartir esta noticia<\/h5><ul class='av-share-box-list noLightbox'><li class='av-share-link av-social-link-facebook' ><a target=\"_blank\" aria-label=\"Compartir en Facebook\" href='https:\/\/www.facebook.com\/sharer.php?u=https:\/\/radiorevelacionfm.cl\/?p=40422&#038;t=Con%20foco%20en%20el%20seguimiento%20de%20grandes%20proyectos%2C%20sesion%C3%B3%20por%20primera%20vez%20la%20Mesa%20Regional%20de%20Inversi%C3%B3n%20Privada' aria-hidden='false' data-av_icon='\ue8f3' data-av_iconfont='entypo-fontello' title='' data-avia-related-tooltip='Compartir en Facebook' rel=\"noopener\"><span class='avia_hidden_link_text'>Compartir en Facebook<\/span><\/a><\/li><li class='av-share-link av-social-link-twitter' ><a target=\"_blank\" aria-label=\"Compartir en Twitter\" href='https:\/\/twitter.com\/share?text=Con%20foco%20en%20el%20seguimiento%20de%20grandes%20proyectos%2C%20sesion%C3%B3%20por%20primera%20vez%20la%20Mesa%20Regional%20de%20Inversi%C3%B3n%20Privada&#038;url=https:\/\/radiorevelacionfm.cl\/?p=40422' aria-hidden='false' data-av_icon='\ue8f1' data-av_iconfont='entypo-fontello' title='' data-avia-related-tooltip='Compartir en Twitter' rel=\"noopener\"><span class='avia_hidden_link_text'>Compartir en Twitter<\/span><\/a><\/li><li class='av-share-link av-social-link-whatsapp' ><a target=\"_blank\" aria-label=\"Compartir en Whatsapp\" href='https:\/\/api.whatsapp.com\/send?text=https:\/\/radiorevelacionfm.cl\/?p=40422' aria-hidden='false' data-av_icon='\uf232' data-av_iconfont='entypo-fontello' title='' data-avia-related-tooltip='Compartir en Whatsapp' rel=\"noopener\"><span class='avia_hidden_link_text'>Compartir en Whatsapp<\/span><\/a><\/li><li class='av-share-link av-social-link-linkedin' ><a target=\"_blank\" aria-label=\"Compartir en LinkedIn\" href='https:\/\/linkedin.com\/shareArticle?mini=true&#038;title=Con%20foco%20en%20el%20seguimiento%20de%20grandes%20proyectos%2C%20sesion%C3%B3%20por%20primera%20vez%20la%20Mesa%20Regional%20de%20Inversi%C3%B3n%20Privada&#038;url=https:\/\/radiorevelacionfm.cl\/?p=40422' aria-hidden='false' data-av_icon='\ue8fc' data-av_iconfont='entypo-fontello' title='' data-avia-related-tooltip='Compartir en LinkedIn' rel=\"noopener\"><span class='avia_hidden_link_text'>Compartir en LinkedIn<\/span><\/a><\/li><li class='av-share-link av-social-link-mail' ><a  aria-label=\"Compartir por correo\" href='mailto:?subject=Con%20foco%20en%20el%20seguimiento%20de%20grandes%20proyectos%2C%20sesion%C3%B3%20por%20primera%20vez%20la%20Mesa%20Regional%20de%20Inversi%C3%B3n%20Privada&#038;body=https:\/\/radiorevelacionfm.cl\/?p=40422' aria-hidden='false' data-av_icon='\ue805' data-av_iconfont='entypo-fontello' title='' data-avia-related-tooltip='Compartir por correo'><span class='avia_hidden_link_text'>Compartir por correo<\/span><\/a><\/li><\/ul><\/div><\/div>\n<div  style='height:50px' class='hr hr-invisible   avia-builder-el-8  el_after_av_social_share  el_before_av_comments_list '><span class='hr-inner ' ><span class='hr-inner-style'><\/span><\/span><\/div>\n<div  class='av-buildercomment  av-blog-meta-html-info-disabled av-blog-meta-tag-disabled  '><\/div>\n","protected":false},"excerpt":{"rendered":"","protected":false},"author":1,"featured_media":40423,"comment_status":"open","ping_status":"open","sticky":false,"template":"","format":"standard","meta":{"footnotes":""},"categories":[38],"tags":[],"class_list":["post-40422","post","type-post","status-publish","format-standard","has-post-thumbnail","hentry","category-regional"],"jetpack_featured_media_url":"https:\/\/radiorevelacionfm.cl\/wp-content\/uploads\/2024\/03\/mri-5-1_optimized-1.jpg","_links":{"self":[{"href":"https:\/\/radiorevelacionfm.cl\/index.php?rest_route=\/wp\/v2\/posts\/40422","targetHints":{"allow":["GET"]}}],"collection":[{"href":"https:\/\/radiorevelacionfm.cl\/index.php?rest_route=\/wp\/v2\/posts"}],"about":[{"href":"https:\/\/radiorevelacionfm.cl\/index.php?rest_route=\/wp\/v2\/types\/post"}],"author":[{"embeddable":true,"href":"https:\/\/radiorevelacionfm.cl\/index.php?rest_route=\/wp\/v2\/users\/1"}],"replies":[{"embeddable":true,"href":"https:\/\/radiorevelacionfm.cl\/index.php?rest_route=%2Fwp%2Fv2%2Fcomments&post=40422"}],"version-history":[{"count":1,"href":"https:\/\/radiorevelacionfm.cl\/index.php?rest_route=\/wp\/v2\/posts\/40422\/revisions"}],"predecessor-version":[{"id":40424,"href":"https:\/\/radiorevelacionfm.cl\/index.php?rest_route=\/wp\/v2\/posts\/40422\/revisions\/40424"}],"wp:featuredmedia":[{"embeddable":true,"href":"https:\/\/radiorevelacionfm.cl\/index.php?rest_route=\/wp\/v2\/media\/40423"}],"wp:attachment":[{"href":"https:\/\/radiorevelacionfm.cl\/index.php?rest_route=%2Fwp%2Fv2%2Fmedia&parent=40422"}],"wp:term":[{"taxonomy":"category","embeddable":true,"href":"https:\/\/radiorevelacionfm.cl\/index.php?rest_route=%2Fwp%2Fv2%2Fcategories&post=40422"},{"taxonomy":"post_tag","embeddable":true,"href":"https:\/\/radiorevelacionfm.cl\/index.php?rest_route=%2Fwp%2Fv2%2Ftags&post=40422"}],"curies":[{"name":"wp","href":"https:\/\/api.w.org\/{rel}","templated":true}]}}