{"id":4042,"date":"2021-05-11T21:02:07","date_gmt":"2021-05-12T00:02:07","guid":{"rendered":"https:\/\/radiorevelacionfm.cl\/?p=4042"},"modified":"2021-05-11T21:02:07","modified_gmt":"2021-05-12T00:02:07","slug":"autoridades-regionales-entregan-informacion-para-elecciones-de-este-15-y-16-de-mayo","status":"publish","type":"post","link":"https:\/\/radiorevelacionfm.cl\/?p=4042","title":{"rendered":"Autoridades regionales entregan informaci\u00f3n para elecciones de este 15 y 16 de mayo"},"content":{"rendered":"<div class=\"flex_column av_one_full  flex_column_div av-zero-column-padding first  avia-builder-el-0  el_before_av_one_full  avia-builder-el-first  \" style='border-radius:0px; '><div  class='avia-image-container  av-styling-    avia-builder-el-1  avia-builder-el-no-sibling  avia-align-center '  itemprop=\"image\" itemscope=\"itemscope\" itemtype=\"https:\/\/schema.org\/ImageObject\"  ><div class='avia-image-container-inner'><div class='avia-image-overlay-wrap'><img decoding=\"async\" class='wp-image-4043 avia-img-lazy-loading-not-4043 avia_image' src=\"https:\/\/radiorevelacionfm.cl\/wp-content\/uploads\/2021\/05\/VOTACIONES-1-1.jpg\" alt='' title='VOTACIONES (1) (1)' height=\"600\" width=\"969\"  itemprop=\"thumbnailUrl\" srcset=\"https:\/\/radiorevelacionfm.cl\/wp-content\/uploads\/2021\/05\/VOTACIONES-1-1.jpg 969w, https:\/\/radiorevelacionfm.cl\/wp-content\/uploads\/2021\/05\/VOTACIONES-1-1-300x186.jpg 300w, https:\/\/radiorevelacionfm.cl\/wp-content\/uploads\/2021\/05\/VOTACIONES-1-1-768x476.jpg 768w, https:\/\/radiorevelacionfm.cl\/wp-content\/uploads\/2021\/05\/VOTACIONES-1-1-705x437.jpg 705w, https:\/\/radiorevelacionfm.cl\/wp-content\/uploads\/2021\/05\/VOTACIONES-1-1-600x372.jpg 600w\" sizes=\"(max-width: 969px) 100vw, 969px\" \/><\/div><\/div><\/div><\/div><div class=\"flex_column av_one_full  flex_column_div av-zero-column-padding first  avia-builder-el-2  el_after_av_one_full  el_before_av_one_full  column-top-margin\" style='border-radius:0px; '><section class=\"av_textblock_section \"  itemscope=\"itemscope\" itemtype=\"https:\/\/schema.org\/BlogPosting\" itemprop=\"blogPost\" ><div class='avia_textblock  '   itemprop=\"text\" ><p style=\"text-align: center;\"><strong><span style=\"font-size: 18pt;\">Autoridades regionales entregan informaci\u00f3n para elecciones de este 15 y 16 de mayo<\/span><\/strong><\/p>\n<div id=\"gtx-trans\" style=\"position: absolute; left: -50px; top: 4.31534px;\">\n<div class=\"gtx-trans-icon\"><\/div>\n<\/div>\n<\/div><\/section><\/div><div class=\"flex_column av_one_full  flex_column_div av-zero-column-padding first  avia-builder-el-4  el_after_av_one_full  el_before_av_hr  column-top-margin\" style='border-radius:0px; '><section class=\"av_textblock_section \"  itemscope=\"itemscope\" itemtype=\"https:\/\/schema.org\/BlogPosting\" itemprop=\"blogPost\" ><div class='avia_textblock  '   itemprop=\"text\" ><p style=\"font-weight: 400; text-align: justify;\">Este martes, y a trav\u00e9s de una transmisi\u00f3n en vivo, la Intendenta de la Regi\u00f3n de Ays\u00e9n, Margarita Ossa, junto a los Secretarios Regionales Ministeriales de Gobierno y Transporte y Telecomunicaciones, Tatiana Fontecha y Fabi\u00e1n Rojas; el General de Brigada Luis P\u00e9rez, jefe de la Defensa Nacional; y el encargado de Fiscalizaci\u00f3n y Formaci\u00f3n Ciudadana de Servel, Miguel Ortiz, entregaron informaci\u00f3n sobre el proceso eleccionario que vivir\u00e1 el pa\u00eds este 15 y 16 de mayo, donde la ciudadan\u00eda ejercer\u00e1 su voto para los candidatos a gobernadores regionales, convencionales constituyentes, alcaldes y concejales.<\/p>\n<p style=\"font-weight: 400; text-align: justify;\">\u201cNos quedan cuatros d\u00edas para enfrentar un proceso hist\u00f3rico para nuestro pa\u00eds y nuestra regi\u00f3n, donde tendremos la oportunidad de plasmar la voz ciudadana a trav\u00e9s de urnas. Es un momento importante donde la democracia cobra un valor fundamental, y al cual todos nosotros debemos acudir y asistir con tranquilidad. Adem\u00e1s, en esos dos d\u00edas de votaci\u00f3n van a tener preferencia las embarazadas, adultos mayores y las personas con discapacidad\u201d,\u00a0enfatiz\u00f3 la Intendenta.<\/p>\n<p style=\"font-weight: 400; text-align: justify;\">Por su parte, el\u00a0General de Brigada Luis P\u00e9rez, jefe de la Defensa Nacional, explic\u00f3 que a partir de este jueves, entre las 09:00 y 14:30 horas, las Fuerzas Armadas van a tomar posesi\u00f3n de todos los locales de votaci\u00f3n para resguardar el orden p\u00fablico y permitir que estas elecciones se ejecuten de la mejor forma posible.<\/p>\n<p style=\"font-weight: 400; text-align: justify;\">\u201cVamos a tener un despliegue igual que se ha realizado anteriormente para el control de la cuarentena y, al mismo tiempo al despliegue que estamos realizando en los locales de votaci\u00f3n para mantener el orden p\u00fablico en ellos. Vamos hacer el m\u00e1ximo de los esfuerzos para que esta fiesta de la democracia se realice de la mejor manera posible\u201d,\u00a0puntualiz\u00f3.<\/p>\n<p style=\"font-weight: 400; text-align: justify;\">Asimismo, precis\u00f3 que debido a las elecciones, este domingo 16 de mayo el inicio del toque de queda se retrasar\u00e1 a las 02:00 am del d\u00eda lunes, y hasta las 05:00 am.<\/p>\n<p style=\"font-weight: 400; text-align: justify;\"><strong>Sufragios y urnas<\/strong><\/p>\n<p style=\"font-weight: 400; text-align: justify;\">El proceso democr\u00e1tico contempla la postulaci\u00f3n de 16.730 candidatos a nivel nacional. En la Regi\u00f3n de Ays\u00e9n cuenta con un padr\u00f3n electoral de 98.610 electores y 313 mesas distribuidas tanto en Coyhaique, Ays\u00e9n, General Carrera, Capit\u00e1n Prat y Cisnes.<\/p>\n<p style=\"font-weight: 400; text-align: justify;\">\u201cEl resguardo de las urnas van a estar a cargo del delegado y jefe de local respectivo. Se va a disponer dentro de cada local de votaci\u00f3n una sala especial para el resguardo de las urnas. Al mismo tiempo, cada mesa va a recibir \u2013dentro de los materiales electorales que esa mesa tiene\u2013 sellos espec\u00edficos para hacer cierre tanto de la urna como de la sala en donde van a estar bajo resguardo\u201d,\u00a0detall\u00f3 el\u00a0encargado de Fiscalizaci\u00f3n y Formaci\u00f3n Ciudadana de Servel, Miguel Ortiz.<\/p>\n<p style=\"font-weight: 400; text-align: justify;\">Cabe destacar que los votos se encontrar\u00e1n bajo puerta cerrada, donde el delegado electoral tendr\u00e1 la responsabilidad de cerrar la sala y abrirla al siguiente d\u00eda domingo en la ma\u00f1ana. Durante la noche, en los establecimientos educacionales estar\u00e1n las Fuerzas Armadas, el delegado nocturno o jefe local (en representaci\u00f3n del delegado electoral), adem\u00e1s de los apoderados que puedan ser nombrados por los partidos pol\u00edticos, listas o candidatos independientes.<\/p>\n<p style=\"font-weight: 400; text-align: justify;\"><strong>Recorridos<\/strong><\/p>\n<p style=\"font-weight: 400; text-align: justify;\">El\u00a0Secretario Regional Ministerial de Transporte y Telecomunicaciones, Fabi\u00e1n Rojas,\u00a0explic\u00f3 que habr\u00e1 recorridos especiales para las pr\u00f3ximas elecciones del fin de semana, con el fin que los ciudadanos puedan acudir a los locales de votaci\u00f3n.<\/p>\n<p style=\"font-weight: 400; text-align: justify;\">\u201cHemos dispuesto 63 servicios de transporte subsidiado gratuito en toda la Regi\u00f3n de Ays\u00e9n. Obviamente, los que ya funcionaban en forma normal de las respectivas localidades rurales pero, adem\u00e1s, a trav\u00e9s de la Intendencia Regional hemos contratado 19 nuevos servicios en zonas que no tienen com\u00fanmente un subsidio de transporte\u201d,\u00a0enfatiz\u00f3 el Seremi.<\/p>\n<p style=\"font-weight: 400; text-align: justify;\">Tambi\u00e9n ser\u00e1n 39 servicios a zonas aisladas que operar\u00e1n regularmente con tarifas preestablecidas y que en las elecciones brindar\u00e1n movilizaci\u00f3n en forma gratuita. Del mismo modo, servicios para zonas aisladas de otros modos (como fluvial, mar\u00edtimo o lacustre), subvencionados por el Ministerio de Transporte y Telecomunicaciones.<\/p>\n<\/div><\/section><\/div><div  style='height:50px' class='hr hr-invisible   avia-builder-el-6  el_after_av_one_full  el_before_av_social_share '><span class='hr-inner ' ><span class='hr-inner-style'><\/span><\/span><\/div><\/p>\n<div  class='av-social-sharing-box  avia-builder-el-7  el_after_av_hr  el_before_av_hr  '><div class='av-share-box'><h5 class='av-share-link-description av-no-toc '>Compartir esta noticia<\/h5><ul class='av-share-box-list noLightbox'><li class='av-share-link av-social-link-facebook' ><a target=\"_blank\" aria-label=\"Compartir en Facebook\" href='https:\/\/www.facebook.com\/sharer.php?u=https:\/\/radiorevelacionfm.cl\/?p=4042&#038;t=Autoridades%20regionales%20entregan%20informaci%C3%B3n%20para%20elecciones%20de%20este%2015%20y%2016%20de%20mayo' aria-hidden='false' data-av_icon='\ue8f3' data-av_iconfont='entypo-fontello' title='' data-avia-related-tooltip='Compartir en Facebook' rel=\"noopener\"><span class='avia_hidden_link_text'>Compartir en Facebook<\/span><\/a><\/li><li class='av-share-link av-social-link-twitter' ><a target=\"_blank\" aria-label=\"Compartir en Twitter\" href='https:\/\/twitter.com\/share?text=Autoridades%20regionales%20entregan%20informaci%C3%B3n%20para%20elecciones%20de%20este%2015%20y%2016%20de%20mayo&#038;url=https:\/\/radiorevelacionfm.cl\/?p=4042' aria-hidden='false' data-av_icon='\ue8f1' data-av_iconfont='entypo-fontello' title='' data-avia-related-tooltip='Compartir en Twitter' rel=\"noopener\"><span class='avia_hidden_link_text'>Compartir en Twitter<\/span><\/a><\/li><li class='av-share-link av-social-link-whatsapp' ><a target=\"_blank\" aria-label=\"Compartir en Whatsapp\" href='https:\/\/api.whatsapp.com\/send?text=https:\/\/radiorevelacionfm.cl\/?p=4042' aria-hidden='false' data-av_icon='\uf232' data-av_iconfont='entypo-fontello' title='' data-avia-related-tooltip='Compartir en Whatsapp' rel=\"noopener\"><span class='avia_hidden_link_text'>Compartir en Whatsapp<\/span><\/a><\/li><li class='av-share-link av-social-link-linkedin' ><a target=\"_blank\" aria-label=\"Compartir en LinkedIn\" href='https:\/\/linkedin.com\/shareArticle?mini=true&#038;title=Autoridades%20regionales%20entregan%20informaci%C3%B3n%20para%20elecciones%20de%20este%2015%20y%2016%20de%20mayo&#038;url=https:\/\/radiorevelacionfm.cl\/?p=4042' aria-hidden='false' data-av_icon='\ue8fc' data-av_iconfont='entypo-fontello' title='' data-avia-related-tooltip='Compartir en LinkedIn' rel=\"noopener\"><span class='avia_hidden_link_text'>Compartir en LinkedIn<\/span><\/a><\/li><li class='av-share-link av-social-link-mail' ><a  aria-label=\"Compartir por correo\" href='mailto:?subject=Autoridades%20regionales%20entregan%20informaci%C3%B3n%20para%20elecciones%20de%20este%2015%20y%2016%20de%20mayo&#038;body=https:\/\/radiorevelacionfm.cl\/?p=4042' aria-hidden='false' data-av_icon='\ue805' data-av_iconfont='entypo-fontello' title='' data-avia-related-tooltip='Compartir por correo'><span class='avia_hidden_link_text'>Compartir por correo<\/span><\/a><\/li><\/ul><\/div><\/div>\n<div  style='height:50px' class='hr hr-invisible   avia-builder-el-8  el_after_av_social_share  el_before_av_comments_list '><span class='hr-inner ' ><span class='hr-inner-style'><\/span><\/span><\/div>\n<div  class='av-buildercomment  av-blog-meta-html-info-disabled av-blog-meta-tag-disabled  '><\/div>\n","protected":false},"excerpt":{"rendered":"","protected":false},"author":1,"featured_media":4043,"comment_status":"open","ping_status":"open","sticky":false,"template":"","format":"standard","meta":{"footnotes":""},"categories":[38],"tags":[],"class_list":["post-4042","post","type-post","status-publish","format-standard","has-post-thumbnail","hentry","category-regional"],"jetpack_featured_media_url":"https:\/\/radiorevelacionfm.cl\/wp-content\/uploads\/2021\/05\/VOTACIONES-1-1.jpg","_links":{"self":[{"href":"https:\/\/radiorevelacionfm.cl\/index.php?rest_route=\/wp\/v2\/posts\/4042","targetHints":{"allow":["GET"]}}],"collection":[{"href":"https:\/\/radiorevelacionfm.cl\/index.php?rest_route=\/wp\/v2\/posts"}],"about":[{"href":"https:\/\/radiorevelacionfm.cl\/index.php?rest_route=\/wp\/v2\/types\/post"}],"author":[{"embeddable":true,"href":"https:\/\/radiorevelacionfm.cl\/index.php?rest_route=\/wp\/v2\/users\/1"}],"replies":[{"embeddable":true,"href":"https:\/\/radiorevelacionfm.cl\/index.php?rest_route=%2Fwp%2Fv2%2Fcomments&post=4042"}],"version-history":[{"count":1,"href":"https:\/\/radiorevelacionfm.cl\/index.php?rest_route=\/wp\/v2\/posts\/4042\/revisions"}],"predecessor-version":[{"id":4044,"href":"https:\/\/radiorevelacionfm.cl\/index.php?rest_route=\/wp\/v2\/posts\/4042\/revisions\/4044"}],"wp:featuredmedia":[{"embeddable":true,"href":"https:\/\/radiorevelacionfm.cl\/index.php?rest_route=\/wp\/v2\/media\/4043"}],"wp:attachment":[{"href":"https:\/\/radiorevelacionfm.cl\/index.php?rest_route=%2Fwp%2Fv2%2Fmedia&parent=4042"}],"wp:term":[{"taxonomy":"category","embeddable":true,"href":"https:\/\/radiorevelacionfm.cl\/index.php?rest_route=%2Fwp%2Fv2%2Fcategories&post=4042"},{"taxonomy":"post_tag","embeddable":true,"href":"https:\/\/radiorevelacionfm.cl\/index.php?rest_route=%2Fwp%2Fv2%2Ftags&post=4042"}],"curies":[{"name":"wp","href":"https:\/\/api.w.org\/{rel}","templated":true}]}}