{"id":40419,"date":"2024-03-18T10:34:20","date_gmt":"2024-03-18T13:34:20","guid":{"rendered":"https:\/\/radiorevelacionfm.cl\/?p=40419"},"modified":"2024-03-18T10:34:20","modified_gmt":"2024-03-18T13:34:20","slug":"corte-de-coyhaique-ordena-mejorar-condiciones-de-habitabilidad-de-seccion-femenina-de-centro-penitenciario","status":"publish","type":"post","link":"https:\/\/radiorevelacionfm.cl\/?p=40419","title":{"rendered":"Corte de Coyhaique ordena mejorar condiciones de habitabilidad de secci\u00f3n femenina de centro penitenciario"},"content":{"rendered":"<div class=\"flex_column av_one_full  flex_column_div av-zero-column-padding first  avia-builder-el-0  el_before_av_one_full  avia-builder-el-first  \" style='border-radius:0px; '><div  class='avia-image-container  av-styling-    avia-builder-el-1  avia-builder-el-no-sibling  avia-align-center '  itemprop=\"image\" itemscope=\"itemscope\" itemtype=\"https:\/\/schema.org\/ImageObject\"  ><div class='avia-image-container-inner'><div class='avia-image-overlay-wrap'><img decoding=\"async\" class='wp-image-40420 avia-img-lazy-loading-not-40420 avia_image' src=\"https:\/\/radiorevelacionfm.cl\/wp-content\/uploads\/2024\/03\/foto-01-corte-apelaciones-2024-1_optimized.jpg\" alt='' title='foto-01-corte-apelaciones-(2024)-(1)_optimized' height=\"600\" width=\"1069\"  itemprop=\"thumbnailUrl\" srcset=\"https:\/\/radiorevelacionfm.cl\/wp-content\/uploads\/2024\/03\/foto-01-corte-apelaciones-2024-1_optimized.jpg 1069w, https:\/\/radiorevelacionfm.cl\/wp-content\/uploads\/2024\/03\/foto-01-corte-apelaciones-2024-1_optimized-300x168.jpg 300w, https:\/\/radiorevelacionfm.cl\/wp-content\/uploads\/2024\/03\/foto-01-corte-apelaciones-2024-1_optimized-1030x578.jpg 1030w, https:\/\/radiorevelacionfm.cl\/wp-content\/uploads\/2024\/03\/foto-01-corte-apelaciones-2024-1_optimized-768x431.jpg 768w, https:\/\/radiorevelacionfm.cl\/wp-content\/uploads\/2024\/03\/foto-01-corte-apelaciones-2024-1_optimized-705x396.jpg 705w, https:\/\/radiorevelacionfm.cl\/wp-content\/uploads\/2024\/03\/foto-01-corte-apelaciones-2024-1_optimized-450x253.jpg 450w, https:\/\/radiorevelacionfm.cl\/wp-content\/uploads\/2024\/03\/foto-01-corte-apelaciones-2024-1_optimized-600x337.jpg 600w\" sizes=\"(max-width: 1069px) 100vw, 1069px\" \/><\/div><\/div><\/div><\/div><div class=\"flex_column av_one_full  flex_column_div av-zero-column-padding first  avia-builder-el-2  el_after_av_one_full  el_before_av_one_full  column-top-margin\" style='border-radius:0px; '><section class=\"av_textblock_section \"  itemscope=\"itemscope\" itemtype=\"https:\/\/schema.org\/BlogPosting\" itemprop=\"blogPost\" ><div class='avia_textblock  '   itemprop=\"text\" ><p style=\"text-align: center;\"><span style=\"font-size: 18pt;\"><b>Corte de Coyhaique ordena mejorar condiciones de habitabilidad de secci\u00f3n femenina de centro penitenciario<\/b><\/span><\/p>\n<div id=\"gtx-trans\" style=\"position: absolute; left: -50px; top: 4.31534px;\">\n<div class=\"gtx-trans-icon\"><\/div>\n<\/div>\n<\/div><\/section><\/div><div class=\"flex_column av_one_full  flex_column_div av-zero-column-padding first  avia-builder-el-4  el_after_av_one_full  el_before_av_hr  column-top-margin\" style='border-radius:0px; '><section class=\"av_textblock_section \"  itemscope=\"itemscope\" itemtype=\"https:\/\/schema.org\/BlogPosting\" itemprop=\"blogPost\" ><div class='avia_textblock  '   itemprop=\"text\" ><p class=\"v1MsoNormal\" style=\"text-align: justify;\">La Corte de Apelaciones de Coyhaique acogi\u00f3 el recurso de amparo presentado por el Instituto de Derechos Humanos (INDH) y por la Defensor\u00eda Penal P\u00fablica y le orden\u00f3 a Gendarmer\u00eda mejorar las condiciones de habitabilidad de la secci\u00f3n femenina del Centro de Cumplimiento Penitenciario de la ciudad.<\/p>\n<p class=\"v1MsoNormal\" style=\"text-align: justify;\">En fallo un\u00e1nime (causa rol 4-2024), la Primera Sala del tribunal de alzada \u2013integrada por los ministros Luis Aedo Mora, Pedro Castro Espinoza y Natalia Rencoret Oliva\u2013 acogi\u00f3 la acci\u00f3n constitucional, tras establecer que la instituci\u00f3n penitenciaria ha vulnerado derechos constitucionales de las privadas de libertad e instrumentos internacionales ratificados y vigentes en Chile sobre la materia.<\/p>\n<p class=\"v1MsoNormal\" style=\"text-align: justify;\">\u00abQue, de los antecedentes vertidos en el recurso, se colige que lo reclamado estriba en las condiciones de habitabilidad en que se encuentran las mujeres privadas de libertad, tanto internas condenadas como imputadas, de la secci\u00f3n femenina del C.C.P. de Coyhaique, las que dicen relaci\u00f3n con el espacio en que residen, deficientes condiciones estructurales e higi\u00e9nicas del mismo, excesivos tiempos de encierro en los dormitorios y su escasa ventilaci\u00f3n, tal situaci\u00f3n derivar\u00eda en diversos problemas de convivencia entre las internas, condiciones de aislaci\u00f3n t\u00e9rmica de los dormitorios de la misma secci\u00f3n, considerando el clima particular de la zona; condiciones carcelarias, que vulneran las garant\u00edas constitucionales de este grupo de mujeres privadas de libertad en el C.C.P. Coyhaique, as\u00ed como los tratados internacionales sobre Derechos Humanos de los cuales el Estado de Chile es parte, conculcando su libertad personal y seguridad individual m\u00e1s all\u00e1 de lo razonable y permitido por la Constituci\u00f3n y las leyes, al poner en riesgo la integridad f\u00edsica y ps\u00edquica de aquellas.\u00bb, sostiene el fallo.<\/p>\n<p class=\"v1MsoNormal\" style=\"text-align: justify;\">La resoluci\u00f3n agrega que: \u00ab(&#8230;) atendida la constataci\u00f3n de los hechos denunciados y reconocidos por la instituci\u00f3n recurrida, los mismos solo pueden ser calificados como vulneratorios de las garant\u00edas fundamentales de las mujeres internas, que habitan la secci\u00f3n femenina del Centro de Cumplimiento Penitenciario de Coyhaique, lo que lleva a concluir que efectivamente Gendarmer\u00eda de Chile, en su rol constitucional de garante de la integridad personal de las privadas de libertad, no ha dado cumplimiento cabal a tal deber, por lo que aquello tiene impacto en la afectaci\u00f3n de su seguridad individual como garant\u00eda fundamental, conectada con la dignidad personal que atiende a la tutela del ser humano en cuanto tal, siendo necesario para ello disponer el mejoramiento de las condiciones habitacionales de la referida secci\u00f3n femenina del recinto penitenciario en cuesti\u00f3n, as\u00ed como la evaluaci\u00f3n de la adecuada segregaci\u00f3n y la eventual disposici\u00f3n de reapertura de las secciones femeninas otrora existentes en las distintas unidades penales de la regi\u00f3n, a objeto de atender con eficacia y en condiciones de un adecuado arraigo familiar, el ingreso de mujeres imputadas y condenadas\u00bb.<\/p>\n<p class=\"v1MsoNormal\" style=\"text-align: justify;\">Para el tribunal de alzada, en la especie: \u00ab(&#8230;) la decisi\u00f3n a la que se arriba lo ha sido en aras del respeto y preservaci\u00f3n de los derechos humanos de todas las personas incluidas aquellas que se encuentran privadas de libertad, quienes no pueden permanecer expuestas a tales padecimientos atendida su condici\u00f3n procesal, deber p\u00fablico que no puede ceder frente a lo antigua o precaria de la infraestructura carcelaria, sin que sea admisible que d\u00eda a d\u00eda Gendarmer\u00eda de Chile y con ello, el Estado, a trav\u00e9s de las diversas instituciones administrativas relacionadas con la soluci\u00f3n de esta clase de asuntos, adopte una actitud pasiva frente a las evidentes vulneraciones denunciadas (&#8230;)\u00bb.<\/p>\n<p class=\"v1MsoNormal\" style=\"text-align: justify;\">Por tanto, se resuelve que: \u00ab<b>SE ACOGE<\/b>\u00a0sin costas, la acci\u00f3n constitucional de amparo deducida el abogado Joaqu\u00edn Bizama Tiznado, Jefe de la Oficina Regional del Instituto de Derechos Humanos de la Regi\u00f3n de Ays\u00e9n, en favor de las mujeres privadas de libertad, en calidad de condenadas o imputadas, en el Centro de Cumplimiento Penitenciario de Coyhaique; y Jorge Alejandro Moraga Torres, Defensor Regional de la Defensor\u00eda Penal P\u00fablica de Ays\u00e9n, en representaci\u00f3n de las mujeres privadas de libertad, en calidad de condenadas, individualizadas en el libelo, en cuanto se disponen las siguientes medidas:<\/p>\n<p class=\"v1MsoNormal\" style=\"text-align: justify;\">1. Se instruye a Gendarmer\u00eda de Chile, que deber\u00e1 adoptar de forma urgente, todas las medidas que sean necesarias para restablecer el imperio del derecho y asegurar la tutela del derecho amagado, en particular, para el mejoramiento de las condiciones materiales de habitabilidad de la secci\u00f3n femenina del C.C.P. de Coyhaique, disponiendo la adecuada segregaci\u00f3n y derecho de desencierro, debiendo informar a esta Corte dentro del t\u00e9rmino de 30 d\u00edas, con copia a los recurrentes, acerca de las medidas a adoptar y avances, especialmente en lo que dice relaci\u00f3n con los problemas de aislaci\u00f3n del dormitorio y ba\u00f1o, as\u00ed como las condiciones del patio de las mujeres privadas de libertad.<\/p>\n<p class=\"v1MsoNormal\" style=\"text-align: justify;\">2. Se ordena a Gendarmer\u00eda de Chile viabilizar a la brevedad la reapertura de las secciones femeninas de las distintas unidades penales de la regi\u00f3n, a objeto de atender el ingreso de mujeres imputadas y condenadas, sin perjuicio de las actividades de coordinaci\u00f3n del Secretario Regional Ministerial de Justicia y Derechos Humanos de la regi\u00f3n de Ays\u00e9n y dem\u00e1s \u00f3rganos relacionados, debiendo la recurrida informar dentro de tres meses la ejecuci\u00f3n de lo resuelto.<\/p>\n<p class=\"v1MsoNormal\" style=\"text-align: justify;\">3. De igual modo, se ordena oficiar al Secretario Regional Ministerial de Justicia y Derechos Humanos de la regi\u00f3n de Ays\u00e9n, a fin que, si lo tiene a bien, se constituya en la unidad penal en su calidad de autoridad del servicio para que tome conocimiento y adopte las medidas urgentes y necesarias que sean pertinentes, incluida la factibilidad de reapertura de las secciones femeninas en los distintos recintos penitenciarios de la regi\u00f3n.<\/p>\n<p class=\"v1MsoNormal\" style=\"text-align: justify;\">4. Se encomienda al Juzgado de Garant\u00eda competente, a quien le corresponde realizar la visita semanal de c\u00e1rcel al Centro de Cumplimiento Penitenciario de Coyhaique, a objeto que fiscalice el funcionamiento de la secci\u00f3n femenina, en relaci\u00f3n espec\u00edficamente a los aspectos que son materia de este recurso\u00bb.<\/p>\n<\/div><\/section><\/div><div  style='height:50px' class='hr hr-invisible   avia-builder-el-6  el_after_av_one_full  el_before_av_social_share '><span class='hr-inner ' ><span class='hr-inner-style'><\/span><\/span><\/div><\/p>\n<div  class='av-social-sharing-box  avia-builder-el-7  el_after_av_hr  el_before_av_hr  '><div class='av-share-box'><h5 class='av-share-link-description av-no-toc '>Compartir esta noticia<\/h5><ul class='av-share-box-list noLightbox'><li class='av-share-link av-social-link-facebook' ><a target=\"_blank\" aria-label=\"Compartir en Facebook\" href='https:\/\/www.facebook.com\/sharer.php?u=https:\/\/radiorevelacionfm.cl\/?p=40419&#038;t=Corte%20de%20Coyhaique%20ordena%20mejorar%20condiciones%20de%20habitabilidad%20de%20secci%C3%B3n%20femenina%20de%20centro%20penitenciario' aria-hidden='false' data-av_icon='\ue8f3' data-av_iconfont='entypo-fontello' title='' data-avia-related-tooltip='Compartir en Facebook' rel=\"noopener\"><span class='avia_hidden_link_text'>Compartir en Facebook<\/span><\/a><\/li><li class='av-share-link av-social-link-twitter' ><a target=\"_blank\" aria-label=\"Compartir en Twitter\" href='https:\/\/twitter.com\/share?text=Corte%20de%20Coyhaique%20ordena%20mejorar%20condiciones%20de%20habitabilidad%20de%20secci%C3%B3n%20femenina%20de%20centro%20penitenciario&#038;url=https:\/\/radiorevelacionfm.cl\/?p=40419' aria-hidden='false' data-av_icon='\ue8f1' data-av_iconfont='entypo-fontello' title='' data-avia-related-tooltip='Compartir en Twitter' rel=\"noopener\"><span class='avia_hidden_link_text'>Compartir en Twitter<\/span><\/a><\/li><li class='av-share-link av-social-link-whatsapp' ><a target=\"_blank\" aria-label=\"Compartir en Whatsapp\" href='https:\/\/api.whatsapp.com\/send?text=https:\/\/radiorevelacionfm.cl\/?p=40419' aria-hidden='false' data-av_icon='\uf232' data-av_iconfont='entypo-fontello' title='' data-avia-related-tooltip='Compartir en Whatsapp' rel=\"noopener\"><span class='avia_hidden_link_text'>Compartir en Whatsapp<\/span><\/a><\/li><li class='av-share-link av-social-link-linkedin' ><a target=\"_blank\" aria-label=\"Compartir en LinkedIn\" href='https:\/\/linkedin.com\/shareArticle?mini=true&#038;title=Corte%20de%20Coyhaique%20ordena%20mejorar%20condiciones%20de%20habitabilidad%20de%20secci%C3%B3n%20femenina%20de%20centro%20penitenciario&#038;url=https:\/\/radiorevelacionfm.cl\/?p=40419' aria-hidden='false' data-av_icon='\ue8fc' data-av_iconfont='entypo-fontello' title='' data-avia-related-tooltip='Compartir en LinkedIn' rel=\"noopener\"><span class='avia_hidden_link_text'>Compartir en LinkedIn<\/span><\/a><\/li><li class='av-share-link av-social-link-mail' ><a  aria-label=\"Compartir por correo\" href='mailto:?subject=Corte%20de%20Coyhaique%20ordena%20mejorar%20condiciones%20de%20habitabilidad%20de%20secci%C3%B3n%20femenina%20de%20centro%20penitenciario&#038;body=https:\/\/radiorevelacionfm.cl\/?p=40419' aria-hidden='false' data-av_icon='\ue805' data-av_iconfont='entypo-fontello' title='' data-avia-related-tooltip='Compartir por correo'><span class='avia_hidden_link_text'>Compartir por correo<\/span><\/a><\/li><\/ul><\/div><\/div>\n<div  style='height:50px' class='hr hr-invisible   avia-builder-el-8  el_after_av_social_share  el_before_av_comments_list '><span class='hr-inner ' ><span class='hr-inner-style'><\/span><\/span><\/div>\n<div  class='av-buildercomment  av-blog-meta-html-info-disabled av-blog-meta-tag-disabled  '><\/div>\n","protected":false},"excerpt":{"rendered":"","protected":false},"author":1,"featured_media":40420,"comment_status":"open","ping_status":"open","sticky":false,"template":"","format":"standard","meta":{"footnotes":""},"categories":[55],"tags":[],"class_list":["post-40419","post","type-post","status-publish","format-standard","has-post-thumbnail","hentry","category-justicia"],"jetpack_featured_media_url":"https:\/\/radiorevelacionfm.cl\/wp-content\/uploads\/2024\/03\/foto-01-corte-apelaciones-2024-1_optimized.jpg","_links":{"self":[{"href":"https:\/\/radiorevelacionfm.cl\/index.php?rest_route=\/wp\/v2\/posts\/40419","targetHints":{"allow":["GET"]}}],"collection":[{"href":"https:\/\/radiorevelacionfm.cl\/index.php?rest_route=\/wp\/v2\/posts"}],"about":[{"href":"https:\/\/radiorevelacionfm.cl\/index.php?rest_route=\/wp\/v2\/types\/post"}],"author":[{"embeddable":true,"href":"https:\/\/radiorevelacionfm.cl\/index.php?rest_route=\/wp\/v2\/users\/1"}],"replies":[{"embeddable":true,"href":"https:\/\/radiorevelacionfm.cl\/index.php?rest_route=%2Fwp%2Fv2%2Fcomments&post=40419"}],"version-history":[{"count":1,"href":"https:\/\/radiorevelacionfm.cl\/index.php?rest_route=\/wp\/v2\/posts\/40419\/revisions"}],"predecessor-version":[{"id":40421,"href":"https:\/\/radiorevelacionfm.cl\/index.php?rest_route=\/wp\/v2\/posts\/40419\/revisions\/40421"}],"wp:featuredmedia":[{"embeddable":true,"href":"https:\/\/radiorevelacionfm.cl\/index.php?rest_route=\/wp\/v2\/media\/40420"}],"wp:attachment":[{"href":"https:\/\/radiorevelacionfm.cl\/index.php?rest_route=%2Fwp%2Fv2%2Fmedia&parent=40419"}],"wp:term":[{"taxonomy":"category","embeddable":true,"href":"https:\/\/radiorevelacionfm.cl\/index.php?rest_route=%2Fwp%2Fv2%2Fcategories&post=40419"},{"taxonomy":"post_tag","embeddable":true,"href":"https:\/\/radiorevelacionfm.cl\/index.php?rest_route=%2Fwp%2Fv2%2Ftags&post=40419"}],"curies":[{"name":"wp","href":"https:\/\/api.w.org\/{rel}","templated":true}]}}