{"id":40414,"date":"2024-03-17T22:16:40","date_gmt":"2024-03-18T01:16:40","guid":{"rendered":"https:\/\/radiorevelacionfm.cl\/?p=40414"},"modified":"2024-03-17T22:22:11","modified_gmt":"2024-03-18T01:22:11","slug":"mega-loteo-impulsado-por-fundadores-de-chile-rural-ag-se-emplaza-sobre-parque-nacional-cerro-castillo","status":"publish","type":"post","link":"https:\/\/radiorevelacionfm.cl\/?p=40414","title":{"rendered":"Mega loteo impulsado por fundadores de Chile Rural AG se emplaza sobre Parque Nacional Cerro Castillo"},"content":{"rendered":"<div class=\"flex_column av_one_full  flex_column_div av-zero-column-padding first  avia-builder-el-0  el_before_av_one_full  avia-builder-el-first  \" style='border-radius:0px; '><div  class='avia-image-container  av-styling-    avia-builder-el-1  avia-builder-el-no-sibling  avia-align-center '  itemprop=\"image\" itemscope=\"itemscope\" itemtype=\"https:\/\/schema.org\/ImageObject\"  ><div class='avia-image-container-inner'><div class='avia-image-overlay-wrap'><img decoding=\"async\" class='wp-image-40417 avia-img-lazy-loading-not-40417 avia_image' src=\"https:\/\/radiorevelacionfm.cl\/wp-content\/uploads\/2024\/03\/sector-mega-loteo-lago-elizalde-1-2_optimized-1.jpg\" alt='' title='sector-mega-loteo-lago-elizalde-(1)-(2)_optimized (1)' height=\"600\" width=\"1041\"  itemprop=\"thumbnailUrl\" srcset=\"https:\/\/radiorevelacionfm.cl\/wp-content\/uploads\/2024\/03\/sector-mega-loteo-lago-elizalde-1-2_optimized-1.jpg 1041w, https:\/\/radiorevelacionfm.cl\/wp-content\/uploads\/2024\/03\/sector-mega-loteo-lago-elizalde-1-2_optimized-1-300x173.jpg 300w, https:\/\/radiorevelacionfm.cl\/wp-content\/uploads\/2024\/03\/sector-mega-loteo-lago-elizalde-1-2_optimized-1-1030x594.jpg 1030w, https:\/\/radiorevelacionfm.cl\/wp-content\/uploads\/2024\/03\/sector-mega-loteo-lago-elizalde-1-2_optimized-1-768x443.jpg 768w, https:\/\/radiorevelacionfm.cl\/wp-content\/uploads\/2024\/03\/sector-mega-loteo-lago-elizalde-1-2_optimized-1-705x406.jpg 705w, https:\/\/radiorevelacionfm.cl\/wp-content\/uploads\/2024\/03\/sector-mega-loteo-lago-elizalde-1-2_optimized-1-450x259.jpg 450w, https:\/\/radiorevelacionfm.cl\/wp-content\/uploads\/2024\/03\/sector-mega-loteo-lago-elizalde-1-2_optimized-1-600x346.jpg 600w\" sizes=\"(max-width: 1041px) 100vw, 1041px\" \/><\/div><\/div><\/div><\/div><div class=\"flex_column av_one_full  flex_column_div av-zero-column-padding first  avia-builder-el-2  el_after_av_one_full  el_before_av_one_full  column-top-margin\" style='border-radius:0px; '><section class=\"av_textblock_section \"  itemscope=\"itemscope\" itemtype=\"https:\/\/schema.org\/BlogPosting\" itemprop=\"blogPost\" ><div class='avia_textblock  '   itemprop=\"text\" ><p style=\"text-align: center;\"><span style=\"font-size: 18pt;\"><b><span lang=\"ES-TRAD\">Mega loteo impulsado por fundadores de Chile Rural AG se emplaza sobre Parque Nacional Cerro Castillo<\/span><\/b><\/span><\/p>\n<div id=\"gtx-trans\" style=\"position: absolute; left: -50px; top: 4.31534px;\">\n<div class=\"gtx-trans-icon\"><\/div>\n<\/div>\n<\/div><\/section><\/div><\/p>\n<div class=\"flex_column av_one_full  flex_column_div av-zero-column-padding first  avia-builder-el-4  el_after_av_one_full  el_before_av_hr  column-top-margin\" style='border-radius:0px; '><section class=\"av_textblock_section \"  itemscope=\"itemscope\" itemtype=\"https:\/\/schema.org\/BlogPosting\" itemprop=\"blogPost\" ><div class='avia_textblock  '   itemprop=\"text\" ><p class=\"v1gmail-MsoListParagraphCxSpFirst\" style=\"text-align: justify;\"><span lang=\"ES-TRAD\">\u00b7 <\/span><i><span lang=\"ES-TRAD\">Abogados Juan Francisco Varela, Felipe Riesco y Francisco Rivadeneira representan a Lago Elizalde SpA y a la vez integran el estudio Barros Silva Varela Vigil Abogados, entidad ha operado como matriz legal de Chile Rural AG.<\/span><\/i><\/p>\n<p class=\"v1gmail-MsoListParagraphCxSpMiddle\" style=\"text-align: justify;\"><span lang=\"ES-TRAD\">\u00b7 <\/span><i><span lang=\"ES-TRAD\">El proyecto se superpone en casi 5 hect\u00e1reas con dicha \u00e1rea silvestre protegida, seg\u00fan consign\u00f3 un informe de la Corporaci\u00f3n Nacional Forestal.<\/span><\/i><\/p>\n<p class=\"v1gmail-MsoListParagraphCxSpLast\" style=\"text-align: justify;\"><span lang=\"ES-TRAD\">\u00b7 <\/span><i><span lang=\"ES-TRAD\">Superintendencia del Medio Ambiente incorpor\u00f3 estos antecedentes al procedimiento que busca establecer si se determina una causal de elusi\u00f3n de la legislaci\u00f3n ambiental.<\/span><\/i><\/p>\n<p class=\"v1MsoNormal\" style=\"text-align: justify;\"><span lang=\"ES-TRAD\">Mediante el ordinario 115\/2022 del 19 de mayo de 2022 enviado a la seremi de Bienes Nacionales, la Corporaci\u00f3n Nacional Forestal de Ays\u00e9n (CONAF) confirm\u00f3 que el proyecto \u00ab<i>Fundo Lago Elizalde<\/i>\u00bb de la inmobiliaria Lago Elizalde SpA se encuentra constituido parcialmente al interior del Parque Nacional Cerro Castillo.\u00a0<span class=\"v1gmail-Apple-converted-space\">\u00a0<\/span>Esto, en atenci\u00f3n a una denuncia en tal sentido realizada por Peter Hartmann Samhaber, director regional del Comit\u00e9 pro Defensa de la Fauna y Flora de Ays\u00e9n.<span class=\"v1gmail-Apple-converted-space\">\u00a0<\/span><\/span><\/p>\n<p class=\"v1MsoNormal\" style=\"text-align: justify;\"><span lang=\"ES-TRAD\">Pasados casi dos a\u00f1os, reci\u00e9n el 1 de marzo pasado la Superintendencia del Medio Ambiente (SMA) ingres\u00f3 este antecedente a las denuncias que en paralelo se han realizado desde 2020 en contra de la parcelaci\u00f3n de 79 lotes aleda\u00f1a (y ya confirmadamente \u00ab<i>dentro<\/i>\u00ab) al sector norte del Parque Nacional Cerro Castillo.\u00a0<span class=\"v1gmail-Apple-converted-space\">\u00a0<\/span>Una de ellas fue ingresada por Carolina y Nieves Cosmelli Pereira, cuya familia posee un predio vecino al mega loteo, quienes fueron representadas por el ex subsecretario de Obras P\u00fablicas y ex presidente del directorio del Metro de Santiago, Clemente P\u00e9rez Err\u00e1zuriz.\u00a0<span class=\"v1gmail-Apple-converted-space\">\u00a0<\/span>La otra, presentada por Erwin Sandoval Gallardo como presidente de la Corporaci\u00f3n Privada para el Desarrollo de Ays\u00e9n (CODESA), Peter Hartmann Samhaber como presidente de la Agrupaci\u00f3n Ays\u00e9n Reserva de Vida y el periodista Patricio Segura Ortiz, tambi\u00e9n director de CODESA.<\/span><\/p>\n<p class=\"v1MsoNormal\" style=\"text-align: justify;\"><span lang=\"ES-TRAD\">La sociedad Lago Elizalde SpA<span class=\"v1gmail-Apple-converted-space\">\u00a0<\/span><a href=\"https:\/\/radio.uchile.cl\/2022\/08\/27\/inmobiliarias-consecuentes-organizaciones-denuncian-que-parcelan-sus-proyectos-de-mega-loteos-para-eludir-la-legislacion-ambiental\/\" target=\"_blank\" rel=\"noopener noreferrer\">es representada legalmente<\/a><span class=\"v1gmail-Apple-converted-space\">\u00a0<\/span>por Tom\u00e1s Prado Correa,<span class=\"v1gmail-Apple-converted-space\">\u00a0<\/span><a href=\"https:\/\/www.eha.cl\/noticia\/opinion\/opinion-el-actuar-ilegal-y-arbitrario-de-autoridades-frente-a-las-parcelaciones-por-tomas-prado-correa-presidente-asociacion-gremial-chile-rural-14498\" target=\"_blank\" rel=\"noopener noreferrer\">presidente de Chile Rural AG<\/a><span class=\"v1gmail-Apple-converted-space\">\u00a0<\/span>hasta abril de 2023.\u00a0<span class=\"v1gmail-Apple-converted-space\">\u00a0<\/span>Esta organizaci\u00f3n ha sido una de las impulsoras de la<span class=\"v1gmail-Apple-converted-space\">\u00a0<\/span><a href=\"https:\/\/www.eha.cl\/noticia\/opinion\/opinion-el-actuar-ilegal-y-arbitrario-de-autoridades-frente-a-las-parcelaciones-por-tomas-prado-correa-presidente-asociacion-gremial-chile-rural-14498\" target=\"_blank\" rel=\"noopener noreferrer\">ofensiva en contra de las regulaciones<\/a><span class=\"v1gmail-Apple-converted-space\">\u00a0<\/span>que desde la sociedad civil y el Ministerio de Agricultura, entre otros organismos, se han intentado imponer a las mega parcelaciones en todo el pa\u00eds, pero principalmente en el sur de Chile.\u00a0<span class=\"v1gmail-Apple-converted-space\">\u00a0<\/span><\/span><\/p>\n<p class=\"v1MsoNormal\" style=\"text-align: justify;\"><span lang=\"ES-TRAD\">Hasta esa fecha tambi\u00e9n fue secretario de Chile Rural Juan Francisco Varela Echaurren, colega de Prado en la representaci\u00f3n de Lago Elizalde SpA.\u00a0<span class=\"v1gmail-Apple-converted-space\">\u00a0<\/span>Otro actor es Felipe Riesco Eyzaguirre, ex subsecretario de Medio Ambiente del segundo gobierno de Sebasti\u00e1n Pi\u00f1era y actual<span class=\"v1gmail-Apple-converted-space\">\u00a0<\/span><a href=\"https:\/\/lyd.org\/nosotros\/consejeros-de-politicas-publicas\/2020\/04\/felipe-riesco\/\" target=\"_blank\" rel=\"noopener noreferrer\">integrante del Consejo de Pol\u00edticas P\u00fablicas del think tank UDI Libertad y Desarrollo<\/a>, quien ha sido y a la vez<span class=\"v1gmail-Apple-converted-space\">\u00a0<\/span><a href=\"https:\/\/dfmas.df.cl\/df-mas\/por-dentro\/gremio-de-los-gestores-de-parcelas-presenta-demanda-contra-el-sag-e\" target=\"_blank\" rel=\"noopener noreferrer\">asesor jur\u00eddico de Chile Rural<\/a>.<\/span><\/p>\n<p class=\"v1MsoNormal\" style=\"text-align: justify;\"><span lang=\"ES-TRAD\">Este grupo lo integra a su vez Francisco Rivadeneira Dom\u00ednguez,<span class=\"v1gmail-Apple-converted-space\">\u00a0<\/span><a href=\"https:\/\/www.infolobby.cl\/Ficha\/Audiencia\/nr006ar188651\" target=\"_blank\" rel=\"noopener noreferrer\">gestor de intereses tanto de Chile Rural<\/a>como de<span class=\"v1gmail-Apple-converted-space\">\u00a0<\/span><a href=\"https:\/\/www.infolobby.cl\/Ficha\/Audiencia\/aw0044761951\" target=\"_blank\" rel=\"noopener noreferrer\">Lago Elizalde SpA<\/a>, a la cual tambi\u00e9n representa legalmente.<span class=\"v1gmail-Apple-converted-space\">\u00a0<\/span><\/span><\/p>\n<p class=\"v1MsoNormal\" style=\"text-align: justify;\"><span lang=\"ES-TRAD\"><a href=\"https:\/\/www.bsvv.cl\/persona\/francisco-varela-e\/\" target=\"_blank\" rel=\"noopener noreferrer\">Varela<\/a>,<span class=\"v1gmail-Apple-converted-space\">\u00a0<\/span><a href=\"https:\/\/www.bsvv.cl\/persona\/felipe-riesco-e\/\" target=\"_blank\" rel=\"noopener noreferrer\">Riesco<\/a><span class=\"v1gmail-Apple-converted-space\">\u00a0<\/span>y<span class=\"v1gmail-Apple-converted-space\">\u00a0<\/span><a href=\"https:\/\/www.bsvv.cl\/persona\/francisco-rivadeneira-d\/\" target=\"_blank\" rel=\"noopener noreferrer\">Rivadeneira<\/a><span class=\"v1gmail-Apple-converted-space\">\u00a0<\/span>forman parte del estudio Barros Silva Varela Vigil Abogados, entidad que ha operado como la matriz legal de Chile Rural AG.<\/span><\/p>\n<p class=\"v1MsoNormal\" style=\"text-align: justify;\"><span lang=\"ES-TRAD\">En el referido oficio de CONAF se consigna que \u00ab<i>existe un traslape de 4,86 h\u00e1s. del loteo &#8216;Fundo Lago Elizalde&#8217; con el l\u00edmite del Parque Nacional Cerro Castillo definido por el Ministerio de Bienes Nacionales<\/i>\u00ab.\u00a0Este an\u00e1lisis cartogr\u00e1fico \u00ab<i>fue validado en la visita a terreno, confirmando la concordancia de los l\u00edmites digitalizados del loteo con los cercos existentes de propietarios colindantes; y que en terreno se pudo constatar que existe un escarpe rocoso que coincide perfectamente con el l\u00edmite definido para el Parque Nacional Cerro Castillo<\/i>\u00ab.<\/span><\/p>\n<p class=\"v1MsoNormal\" style=\"text-align: justify;\"><span lang=\"ES-TRAD\">Fue en enero de 2020 que se realiz\u00f3 una primera denuncia por parte de la familia Cosmelli, inici\u00e1ndose en junio de 2021 un procedimiento para establecer si corresponde el ingreso al Sistema de Evaluaci\u00f3n de Impacto Ambiental (SEIA) del citado proyecto.\u00a0<span class=\"v1gmail-Apple-converted-space\">\u00a0<\/span>A este procedimiento se sumaron en abril de 2022 CODESA y la Agrupaci\u00f3n Ays\u00e9n Reserva de Vida, con apoyo de ONG FIMA, en el marco de la ofensiva regional de las organizaciones de la sociedad civil contra cerca de 60 mega loteos en Ays\u00e9n.<\/span><\/p>\n<p class=\"v1MsoNormal\" style=\"text-align: justify;\"><span lang=\"ES-TRAD\">La SMA tom\u00f3 conocimiento del ordinario de CONAF reci\u00e9n en el \u00faltimo tiempo, luego de lo cual consider\u00f3 que esta informaci\u00f3n es \u00ab<i>relevante para una adecuada resoluci\u00f3n del procedimiento de requerimiento de ingreso REQ-019-2021<\/i>\u00ab, especialmente para el an\u00e1lisis de la tipolog\u00eda asociada a los proyectos o actividades \u00ab<i>susceptibles de causar impacto ambiental<\/i>\u00bb en \u00e1reas puestas bajo protecci\u00f3n oficial.\u00a0<span class=\"v1gmail-Apple-converted-space\">\u00a0<\/span>Por ello, incorpor\u00f3 este antecedente al expediente y traslad\u00f3 tanto al titular como a los denunciantes la resoluci\u00f3n para que presenten sus descargos.\u00a0<span class=\"v1gmail-Apple-converted-space\">\u00a0<\/span><\/span><\/p>\n<p class=\"v1MsoNormal\" style=\"text-align: justify;\"><span lang=\"ES-TRAD\">El plazo para ello vence el martes 19 de marzo.<\/span><\/p>\n<p class=\"v1MsoNormal\" style=\"text-align: justify;\"><span lang=\"ES-TRAD\">En la parcelaci\u00f3n se han realizado diversos trabajos en terreno (incluso posterior a la denuncia y el requerimiento de ingreso de la autoridad ambiental), incluido el inicio de la construcci\u00f3n de un puente, caminos intraprediales y obras de remoci\u00f3n de tierra, seg\u00fan ha confirmado la propia SMA.\u00a0<span class=\"v1gmail-Apple-converted-space\">\u00a0<\/span>Y \u00e9sta ha determinado que producto del loteo Fundo Lago Elizalde \u00ab<i>existe un riesgo de afectaci\u00f3n a la conservaci\u00f3n y preservaci\u00f3n del huemul (especie en peligro) del Parque Nacional Cerro Castillo, por el ataque de perros de los nuevos propietarios de estas 79 parcelas u otros perros que con el nuevo puente puede cruzar e ingresar al parque<\/i>\u00ab, situaci\u00f3n a la que se suma el traslape con los l\u00edmites de esta \u00e1rea silvestre protegida.<\/span><\/p>\n<p class=\"v1MsoNormal\" style=\"text-align: justify;\"><span lang=\"ES-TRAD\">Al respecto,<span class=\"v1gmail-Apple-converted-space\">\u00a0<\/span><b>Erwin Sandoval<\/b><span class=\"v1gmail-Apple-converted-space\">\u00a0<\/span>expres\u00f3 que \u00ab<i>resulta ineludible tener que hacer una menci\u00f3n, una vez m\u00e1s, a la falta de coordinaci\u00f3n entre \u00f3rganos p\u00fablicos.\u00a0<span class=\"v1gmail-Apple-converted-space\">\u00a0<\/span>Algo que en el presente caso se torna a\u00fan m\u00e1s dram\u00e1tico cuando, por un lado el Servicio Agr\u00edcola y Ganadero, y por otro la Corporaci\u00f3n Nacional Forestal, son dependientes de un mismo ministerio<\/i>\u00ab.\u00a0<span class=\"v1gmail-Apple-converted-space\">\u00a0<\/span>Esto porque \u00ab<i>no puede ser que proyectos de subdivisi\u00f3n como \u00e9ste se aprueben por el SAG y que, a\u00f1os despu\u00e9s, se advierta por otro \u00f3rgano, CONAF que es dependiente del mismo ministerio, que ese proyecto presentaba superposici\u00f3n con un parque nacional<\/i>\u00ab.<\/span><\/p>\n<p class=\"v1MsoNormal\" style=\"text-align: justify;\"><span lang=\"ES-TRAD\">En su visi\u00f3n, \u00ab<i>ha quedado en evidencia que las preocupaciones ciudadanas que venimos levantando hace a\u00f1os respecto de esta materia son reales y necesitan un abordaje. Un abordaje concreto y urgente<\/i>\u00ab.<\/span><\/p>\n<p class=\"v1MsoNormal\" style=\"text-align: justify;\"><b><span lang=\"ES-TRAD\">Peter Hartmann<\/span><\/b><span lang=\"ES-TRAD\">, en tanto, se\u00f1al\u00f3 que \u00ab<i>este caso del loteo en el Parque Nacional Cerro Castillo es bastante ins\u00f3lito y demuestra, otra vez, c\u00f3mo poderes f\u00e1cticos que dominan este pa\u00eds se toman los parques nacionales, los bienes nacionales, las \u00e1reas protegidas tranquilamente y CONAF no se dio ni cuenta<\/i>\u00ab.\u00a0<span class=\"v1gmail-Apple-converted-space\">\u00a0<\/span>Apunt\u00f3 que el organismo \u00ab<i>s\u00f3lo se dio cuenta cuando nosotros, dos a\u00f1os despu\u00e9s de que la Superintendencia de Medio Ambiente levantara un informe, le preguntamos a CONAF y ah\u00ed aparecen ellos<\/i>\u00ab.\u00a0<span class=\"v1gmail-Apple-converted-space\">\u00a0<\/span><\/span><\/p>\n<p class=\"v1MsoNormal\" style=\"text-align: justify;\"><span lang=\"ES-TRAD\">Lo m\u00e1s preocupante, indic\u00f3, es que \u00ab<i>llevamos ya cuatro a\u00f1os y todav\u00eda no pasa nada. Realmente la Superintendencia de Medio Ambiente se ha dado vuelta en c\u00edrculos en este tema, ya que CONAF no sab\u00eda y tuvimos que intervenir tambi\u00e9n<\/i>\u00ab.<\/span><\/p>\n<p class=\"v1MsoNormal\" style=\"text-align: justify;\"><span lang=\"ES-TRAD\">Pero \u00e9ste no es un caso aislado.\u00a0<span class=\"v1gmail-Apple-converted-space\">\u00a0<\/span>\u00ab<i>No es la \u00fanica parte en que se toman las \u00e1reas protegidas, porque ya sabemos c\u00f3mo funciona la cosa con los salmoneros y en otros proyectos, en otras partes del pa\u00eds<\/i>\u00ab, concluy\u00f3.<\/span><\/p>\n<p class=\"v1MsoNormal\" style=\"text-align: justify;\"><b><span lang=\"ES-TRAD\">Loteo \u00abIsla Simpson\u00bb<\/span><\/b><\/p>\n<p class=\"v1MsoNormal\" style=\"text-align: justify;\"><span lang=\"ES-TRAD\">En otra arista de la controversia por los mega loteos en suelo rural de Ays\u00e9n, el 28 de febrero la SMA ofici\u00f3 a la directora del Servicio de Evaluaci\u00f3n Ambiental, Valentina Dur\u00e1n, para que evac\u00fae un informe sobre el loteo \u00ab<i>Isla Simpson<\/i>\u00ab.\u00a0<span class=\"v1gmail-Apple-converted-space\">\u00a0<\/span>Esto, ya que \u00ab<i>en virtud de los antecedentes recabados por esta Superintendencia, se determin\u00f3 que se configurar\u00eda una hip\u00f3tesis de elusi\u00f3n al Sistema de Evaluaci\u00f3n de Impacto Ambiental<\/i>\u00bb se\u00f1ala el oficio respectivo.<\/span><\/p>\n<p class=\"v1MsoNormal\" style=\"text-align: justify;\"><span lang=\"ES-TRAD\">El proyecto, de<span class=\"v1gmail-Apple-converted-space\">\u00a0<\/span><a href=\"https:\/\/portal.sma.gob.cl\/index.php\/2023\/08\/09\/sma-inicia-procedimientos-de-requerimiento-de-ingreso-al-seia-contra-tres-proyectos-por-no-contar-con-permisos-ambientales-respectivos\/\" target=\"_blank\" rel=\"noopener noreferrer\">236 parcelas en la isla hom\u00f3nima<\/a>, a cargo de las empresas \u00ab<i>Inversiones e Inmobiliaria Terra Austral SpA<\/i>\u00bb e \u00ab<i>Inversiones Nuevas Cumbres SpA<\/i>\u00ab, est\u00e1 \u00ab<i><a href=\"https:\/\/portal.sma.gob.cl\/index.php\/2023\/08\/09\/sma-inicia-procedimientos-de-requerimiento-de-ingreso-al-seia-contra-tres-proyectos-por-no-contar-con-permisos-ambientales-respectivos\/\" target=\"_blank\" rel=\"noopener noreferrer\">superpuesto<\/a><span class=\"v1gmail-Apple-converted-space\">\u00a0<\/span>al Bien Nacional Protegido &#8216;Isla Simpson y Huemules&#8217;, siendo susceptible de afectar su objeto de protecci\u00f3n ambiental, esto es, el cipr\u00e9s de las Guaitecas<\/i>\u00bb ha consignado la SMA.<\/span><\/p>\n<\/div><\/section><\/div>\n<div  style='height:50px' class='hr hr-invisible   avia-builder-el-6  el_after_av_one_full  el_before_av_social_share '><span class='hr-inner ' ><span class='hr-inner-style'><\/span><\/span><\/div>\n<div  class='av-social-sharing-box  avia-builder-el-7  el_after_av_hr  el_before_av_hr  '><div class='av-share-box'><h5 class='av-share-link-description av-no-toc '>Compartir esta noticia<\/h5><ul class='av-share-box-list noLightbox'><li class='av-share-link av-social-link-facebook' ><a target=\"_blank\" aria-label=\"Compartir en Facebook\" href='https:\/\/www.facebook.com\/sharer.php?u=https:\/\/radiorevelacionfm.cl\/?p=40414&#038;t=Mega%20loteo%20impulsado%20por%20fundadores%20de%20Chile%20Rural%20AG%20se%20emplaza%20sobre%20Parque%20Nacional%20Cerro%20Castillo' aria-hidden='false' data-av_icon='\ue8f3' data-av_iconfont='entypo-fontello' title='' data-avia-related-tooltip='Compartir en Facebook' rel=\"noopener\"><span class='avia_hidden_link_text'>Compartir en Facebook<\/span><\/a><\/li><li class='av-share-link av-social-link-twitter' ><a target=\"_blank\" aria-label=\"Compartir en Twitter\" href='https:\/\/twitter.com\/share?text=Mega%20loteo%20impulsado%20por%20fundadores%20de%20Chile%20Rural%20AG%20se%20emplaza%20sobre%20Parque%20Nacional%20Cerro%20Castillo&#038;url=https:\/\/radiorevelacionfm.cl\/?p=40414' aria-hidden='false' data-av_icon='\ue8f1' data-av_iconfont='entypo-fontello' title='' data-avia-related-tooltip='Compartir en Twitter' rel=\"noopener\"><span class='avia_hidden_link_text'>Compartir en Twitter<\/span><\/a><\/li><li class='av-share-link av-social-link-whatsapp' ><a target=\"_blank\" aria-label=\"Compartir en Whatsapp\" href='https:\/\/api.whatsapp.com\/send?text=https:\/\/radiorevelacionfm.cl\/?p=40414' aria-hidden='false' data-av_icon='\uf232' data-av_iconfont='entypo-fontello' title='' data-avia-related-tooltip='Compartir en Whatsapp' rel=\"noopener\"><span class='avia_hidden_link_text'>Compartir en Whatsapp<\/span><\/a><\/li><li class='av-share-link av-social-link-linkedin' ><a target=\"_blank\" aria-label=\"Compartir en LinkedIn\" href='https:\/\/linkedin.com\/shareArticle?mini=true&#038;title=Mega%20loteo%20impulsado%20por%20fundadores%20de%20Chile%20Rural%20AG%20se%20emplaza%20sobre%20Parque%20Nacional%20Cerro%20Castillo&#038;url=https:\/\/radiorevelacionfm.cl\/?p=40414' aria-hidden='false' data-av_icon='\ue8fc' data-av_iconfont='entypo-fontello' title='' data-avia-related-tooltip='Compartir en LinkedIn' rel=\"noopener\"><span class='avia_hidden_link_text'>Compartir en LinkedIn<\/span><\/a><\/li><li class='av-share-link av-social-link-mail' ><a  aria-label=\"Compartir por correo\" href='mailto:?subject=Mega%20loteo%20impulsado%20por%20fundadores%20de%20Chile%20Rural%20AG%20se%20emplaza%20sobre%20Parque%20Nacional%20Cerro%20Castillo&#038;body=https:\/\/radiorevelacionfm.cl\/?p=40414' aria-hidden='false' data-av_icon='\ue805' data-av_iconfont='entypo-fontello' title='' data-avia-related-tooltip='Compartir por correo'><span class='avia_hidden_link_text'>Compartir por correo<\/span><\/a><\/li><\/ul><\/div><\/div>\n<div  style='height:50px' class='hr hr-invisible   avia-builder-el-8  el_after_av_social_share  el_before_av_comments_list '><span class='hr-inner ' ><span class='hr-inner-style'><\/span><\/span><\/div>\n<div  class='av-buildercomment  av-blog-meta-html-info-disabled av-blog-meta-tag-disabled  '><\/div>\n","protected":false},"excerpt":{"rendered":"","protected":false},"author":1,"featured_media":40417,"comment_status":"open","ping_status":"open","sticky":false,"template":"","format":"standard","meta":{"footnotes":""},"categories":[38],"tags":[],"class_list":["post-40414","post","type-post","status-publish","format-standard","has-post-thumbnail","hentry","category-regional"],"jetpack_featured_media_url":"https:\/\/radiorevelacionfm.cl\/wp-content\/uploads\/2024\/03\/sector-mega-loteo-lago-elizalde-1-2_optimized-1.jpg","_links":{"self":[{"href":"https:\/\/radiorevelacionfm.cl\/index.php?rest_route=\/wp\/v2\/posts\/40414","targetHints":{"allow":["GET"]}}],"collection":[{"href":"https:\/\/radiorevelacionfm.cl\/index.php?rest_route=\/wp\/v2\/posts"}],"about":[{"href":"https:\/\/radiorevelacionfm.cl\/index.php?rest_route=\/wp\/v2\/types\/post"}],"author":[{"embeddable":true,"href":"https:\/\/radiorevelacionfm.cl\/index.php?rest_route=\/wp\/v2\/users\/1"}],"replies":[{"embeddable":true,"href":"https:\/\/radiorevelacionfm.cl\/index.php?rest_route=%2Fwp%2Fv2%2Fcomments&post=40414"}],"version-history":[{"count":2,"href":"https:\/\/radiorevelacionfm.cl\/index.php?rest_route=\/wp\/v2\/posts\/40414\/revisions"}],"predecessor-version":[{"id":40418,"href":"https:\/\/radiorevelacionfm.cl\/index.php?rest_route=\/wp\/v2\/posts\/40414\/revisions\/40418"}],"wp:featuredmedia":[{"embeddable":true,"href":"https:\/\/radiorevelacionfm.cl\/index.php?rest_route=\/wp\/v2\/media\/40417"}],"wp:attachment":[{"href":"https:\/\/radiorevelacionfm.cl\/index.php?rest_route=%2Fwp%2Fv2%2Fmedia&parent=40414"}],"wp:term":[{"taxonomy":"category","embeddable":true,"href":"https:\/\/radiorevelacionfm.cl\/index.php?rest_route=%2Fwp%2Fv2%2Fcategories&post=40414"},{"taxonomy":"post_tag","embeddable":true,"href":"https:\/\/radiorevelacionfm.cl\/index.php?rest_route=%2Fwp%2Fv2%2Ftags&post=40414"}],"curies":[{"name":"wp","href":"https:\/\/api.w.org\/{rel}","templated":true}]}}