{"id":40411,"date":"2024-03-18T09:58:31","date_gmt":"2024-03-18T12:58:31","guid":{"rendered":"https:\/\/radiorevelacionfm.cl\/?p=40411"},"modified":"2024-03-18T09:58:31","modified_gmt":"2024-03-18T12:58:31","slug":"expertos-en-crimen-organizado-de-italia-colombia-y-chile-expondran-en-las-xvii-jornadas-patagonicas-de-derecho-penal","status":"publish","type":"post","link":"https:\/\/radiorevelacionfm.cl\/?p=40411","title":{"rendered":"Expertos en crimen organizado de Italia, Colombia y Chile expondr\u00e1n en las XVII Jornadas Patag\u00f3nicas de Derecho Penal"},"content":{"rendered":"<div class=\"flex_column av_one_full  flex_column_div av-zero-column-padding first  avia-builder-el-0  el_before_av_one_full  avia-builder-el-first  \" style='border-radius:0px; '><div  class='avia-image-container  av-styling-    avia-builder-el-1  avia-builder-el-no-sibling  avia-align-center '  itemprop=\"image\" itemscope=\"itemscope\" itemtype=\"https:\/\/schema.org\/ImageObject\"  ><div class='avia-image-container-inner'><div class='avia-image-overlay-wrap'><img decoding=\"async\" class='wp-image-40412 avia-img-lazy-loading-not-40412 avia_image' src=\"https:\/\/radiorevelacionfm.cl\/wp-content\/uploads\/2024\/03\/18-1-1.jpg\" alt='' title='18 (1) (1)' height=\"600\" width=\"1069\"  itemprop=\"thumbnailUrl\" srcset=\"https:\/\/radiorevelacionfm.cl\/wp-content\/uploads\/2024\/03\/18-1-1.jpg 1069w, https:\/\/radiorevelacionfm.cl\/wp-content\/uploads\/2024\/03\/18-1-1-300x168.jpg 300w, https:\/\/radiorevelacionfm.cl\/wp-content\/uploads\/2024\/03\/18-1-1-1030x578.jpg 1030w, https:\/\/radiorevelacionfm.cl\/wp-content\/uploads\/2024\/03\/18-1-1-768x431.jpg 768w, https:\/\/radiorevelacionfm.cl\/wp-content\/uploads\/2024\/03\/18-1-1-705x396.jpg 705w, https:\/\/radiorevelacionfm.cl\/wp-content\/uploads\/2024\/03\/18-1-1-450x253.jpg 450w, https:\/\/radiorevelacionfm.cl\/wp-content\/uploads\/2024\/03\/18-1-1-600x337.jpg 600w\" sizes=\"(max-width: 1069px) 100vw, 1069px\" \/><\/div><\/div><\/div><\/div><div class=\"flex_column av_one_full  flex_column_div av-zero-column-padding first  avia-builder-el-2  el_after_av_one_full  el_before_av_one_full  column-top-margin\" style='border-radius:0px; '><section class=\"av_textblock_section \"  itemscope=\"itemscope\" itemtype=\"https:\/\/schema.org\/BlogPosting\" itemprop=\"blogPost\" ><div class='avia_textblock  '   itemprop=\"text\" ><p style=\"text-align: center;\"><span style=\"font-size: 18pt;\"><b>Expertos en crimen organizado de Italia, Colombia y Chile expondr\u00e1n en las XVII Jornadas Patag\u00f3nicas de Derecho Penal<\/b><\/span><\/p>\n<div id=\"gtx-trans\" style=\"position: absolute; left: -50px; top: 4.31534px;\">\n<div class=\"gtx-trans-icon\"><\/div>\n<\/div>\n<\/div><\/section><\/div><div class=\"flex_column av_one_full  flex_column_div av-zero-column-padding first  avia-builder-el-4  el_after_av_one_full  el_before_av_hr  column-top-margin\" style='border-radius:0px; '><section class=\"av_textblock_section \"  itemscope=\"itemscope\" itemtype=\"https:\/\/schema.org\/BlogPosting\" itemprop=\"blogPost\" ><div class='avia_textblock  '   itemprop=\"text\" ><p class=\"v1MsoNormal\" style=\"text-align: justify;\"><em>Se han inscrito cerca de 100 abogados de todo Chile para participar de este evento acad\u00e9mico de car\u00e1cter gratuito.<\/em><\/p>\n<p class=\"v1MsoNormal\" style=\"text-align: justify;\">La Fiscal\u00eda Regional de Ays\u00e9n tiene todo preparado para la d\u00e9cimo s\u00e9ptima versi\u00f3n de las Jornadas Patag\u00f3nicas de Derecho Penal Contempor\u00e1neo, evento programado para el martes 26 en la tarde y el mi\u00e9rcoles 27 de marzo de 2024 en el auditorio del Ej\u00e9rcito en Coyhaique.<\/p>\n<p class=\"v1MsoNormal\" style=\"text-align: justify;\">Hasta ahora, cerca de 100 abogados de todo Chile se han inscrito para participar de esta relevante instancia de vinculaci\u00f3n acad\u00e9mica en el \u00e1mbito del derecho penal, organizada desde la Patagonia.<\/p>\n<p class=\"v1MsoNormal\" style=\"text-align: justify;\">En esta XVII versi\u00f3n de las Jornadas Patag\u00f3nicas, seg\u00fan detall\u00f3 el Fiscal Regional de Ays\u00e9n, Carlos Palma Guerra, expondr\u00e1 el Dr. Francesco Vigan\u00f2, Juez de la Corte Constitucional de Italia; Dr. Juan Pablo Ma\u00f1alich Raffo, Profesor Universidad de Chile; Dra. Tatiana Vargas Pinto, Profesora Universidad de Los Andes; Dra. Laura Mayer Lux, Profesora Pontificia Universidad Cat\u00f3lica de Valpara\u00edso; Dr. Manlio Calder\u00f3n Palencia, Profesor de la Universidad de La Costa, Colombia y el Dr. Ignacio Castillo Val, de la Universidad de Mil\u00e1n, quienes abordar\u00e1n los aspectos dogm\u00e1ticos del crimen organizado.<\/p>\n<p class=\"v1MsoNormal\" style=\"text-align: justify;\">Las personas interesadas en participar en las XVII Jornadas Patag\u00f3nicas de Derecho Penal, pueden escribir al correo\u00a0<a href=\"mailto:fnunez@minpublico.cl\" rel=\"noreferrer\">fnunez@minpublico.cl<\/a>\u00a0para inscribirse y obtener mayores detalles de este evento de car\u00e1cter gratuito.<\/p>\n<\/div><\/section><\/div><div  style='height:50px' class='hr hr-invisible   avia-builder-el-6  el_after_av_one_full  el_before_av_social_share '><span class='hr-inner ' ><span class='hr-inner-style'><\/span><\/span><\/div><\/p>\n<div  class='av-social-sharing-box  avia-builder-el-7  el_after_av_hr  el_before_av_hr  '><div class='av-share-box'><h5 class='av-share-link-description av-no-toc '>Compartir esta noticia<\/h5><ul class='av-share-box-list noLightbox'><li class='av-share-link av-social-link-facebook' ><a target=\"_blank\" aria-label=\"Compartir en Facebook\" href='https:\/\/www.facebook.com\/sharer.php?u=https:\/\/radiorevelacionfm.cl\/?p=40411&#038;t=Expertos%20en%20crimen%20organizado%20de%20Italia%2C%20Colombia%20y%20Chile%20expondr%C3%A1n%20en%20las%20XVII%20Jornadas%20Patag%C3%B3nicas%20de%20Derecho%20Penal' aria-hidden='false' data-av_icon='\ue8f3' data-av_iconfont='entypo-fontello' title='' data-avia-related-tooltip='Compartir en Facebook' rel=\"noopener\"><span class='avia_hidden_link_text'>Compartir en Facebook<\/span><\/a><\/li><li class='av-share-link av-social-link-twitter' ><a target=\"_blank\" aria-label=\"Compartir en Twitter\" href='https:\/\/twitter.com\/share?text=Expertos%20en%20crimen%20organizado%20de%20Italia%2C%20Colombia%20y%20Chile%20expondr%C3%A1n%20en%20las%20XVII%20Jornadas%20Patag%C3%B3nicas%20de%20Derecho%20Penal&#038;url=https:\/\/radiorevelacionfm.cl\/?p=40411' aria-hidden='false' data-av_icon='\ue8f1' data-av_iconfont='entypo-fontello' title='' data-avia-related-tooltip='Compartir en Twitter' rel=\"noopener\"><span class='avia_hidden_link_text'>Compartir en Twitter<\/span><\/a><\/li><li class='av-share-link av-social-link-whatsapp' ><a target=\"_blank\" aria-label=\"Compartir en Whatsapp\" href='https:\/\/api.whatsapp.com\/send?text=https:\/\/radiorevelacionfm.cl\/?p=40411' aria-hidden='false' data-av_icon='\uf232' data-av_iconfont='entypo-fontello' title='' data-avia-related-tooltip='Compartir en Whatsapp' rel=\"noopener\"><span class='avia_hidden_link_text'>Compartir en Whatsapp<\/span><\/a><\/li><li class='av-share-link av-social-link-linkedin' ><a target=\"_blank\" aria-label=\"Compartir en LinkedIn\" href='https:\/\/linkedin.com\/shareArticle?mini=true&#038;title=Expertos%20en%20crimen%20organizado%20de%20Italia%2C%20Colombia%20y%20Chile%20expondr%C3%A1n%20en%20las%20XVII%20Jornadas%20Patag%C3%B3nicas%20de%20Derecho%20Penal&#038;url=https:\/\/radiorevelacionfm.cl\/?p=40411' aria-hidden='false' data-av_icon='\ue8fc' data-av_iconfont='entypo-fontello' title='' data-avia-related-tooltip='Compartir en LinkedIn' rel=\"noopener\"><span class='avia_hidden_link_text'>Compartir en LinkedIn<\/span><\/a><\/li><li class='av-share-link av-social-link-mail' ><a  aria-label=\"Compartir por correo\" href='mailto:?subject=Expertos%20en%20crimen%20organizado%20de%20Italia%2C%20Colombia%20y%20Chile%20expondr%C3%A1n%20en%20las%20XVII%20Jornadas%20Patag%C3%B3nicas%20de%20Derecho%20Penal&#038;body=https:\/\/radiorevelacionfm.cl\/?p=40411' aria-hidden='false' data-av_icon='\ue805' data-av_iconfont='entypo-fontello' title='' data-avia-related-tooltip='Compartir por correo'><span class='avia_hidden_link_text'>Compartir por correo<\/span><\/a><\/li><\/ul><\/div><\/div>\n<div  style='height:50px' class='hr hr-invisible   avia-builder-el-8  el_after_av_social_share  el_before_av_comments_list '><span class='hr-inner ' ><span class='hr-inner-style'><\/span><\/span><\/div>\n<div  class='av-buildercomment  av-blog-meta-html-info-disabled av-blog-meta-tag-disabled  '><\/div>\n","protected":false},"excerpt":{"rendered":"","protected":false},"author":1,"featured_media":40412,"comment_status":"open","ping_status":"open","sticky":false,"template":"","format":"standard","meta":{"footnotes":""},"categories":[55],"tags":[],"class_list":["post-40411","post","type-post","status-publish","format-standard","has-post-thumbnail","hentry","category-justicia"],"jetpack_featured_media_url":"https:\/\/radiorevelacionfm.cl\/wp-content\/uploads\/2024\/03\/18-1-1.jpg","_links":{"self":[{"href":"https:\/\/radiorevelacionfm.cl\/index.php?rest_route=\/wp\/v2\/posts\/40411","targetHints":{"allow":["GET"]}}],"collection":[{"href":"https:\/\/radiorevelacionfm.cl\/index.php?rest_route=\/wp\/v2\/posts"}],"about":[{"href":"https:\/\/radiorevelacionfm.cl\/index.php?rest_route=\/wp\/v2\/types\/post"}],"author":[{"embeddable":true,"href":"https:\/\/radiorevelacionfm.cl\/index.php?rest_route=\/wp\/v2\/users\/1"}],"replies":[{"embeddable":true,"href":"https:\/\/radiorevelacionfm.cl\/index.php?rest_route=%2Fwp%2Fv2%2Fcomments&post=40411"}],"version-history":[{"count":1,"href":"https:\/\/radiorevelacionfm.cl\/index.php?rest_route=\/wp\/v2\/posts\/40411\/revisions"}],"predecessor-version":[{"id":40413,"href":"https:\/\/radiorevelacionfm.cl\/index.php?rest_route=\/wp\/v2\/posts\/40411\/revisions\/40413"}],"wp:featuredmedia":[{"embeddable":true,"href":"https:\/\/radiorevelacionfm.cl\/index.php?rest_route=\/wp\/v2\/media\/40412"}],"wp:attachment":[{"href":"https:\/\/radiorevelacionfm.cl\/index.php?rest_route=%2Fwp%2Fv2%2Fmedia&parent=40411"}],"wp:term":[{"taxonomy":"category","embeddable":true,"href":"https:\/\/radiorevelacionfm.cl\/index.php?rest_route=%2Fwp%2Fv2%2Fcategories&post=40411"},{"taxonomy":"post_tag","embeddable":true,"href":"https:\/\/radiorevelacionfm.cl\/index.php?rest_route=%2Fwp%2Fv2%2Ftags&post=40411"}],"curies":[{"name":"wp","href":"https:\/\/api.w.org\/{rel}","templated":true}]}}