{"id":40408,"date":"2024-03-17T21:56:20","date_gmt":"2024-03-18T00:56:20","guid":{"rendered":"https:\/\/radiorevelacionfm.cl\/?p=40408"},"modified":"2024-03-17T21:56:20","modified_gmt":"2024-03-18T00:56:20","slug":"gerenta-de-innovacion-de-corfo-visito-aysen-para-impulsar-el-desarrollo-y-la-diversificacion-economica-en-la-region","status":"publish","type":"post","link":"https:\/\/radiorevelacionfm.cl\/?p=40408","title":{"rendered":"Gerenta de Innovaci\u00f3n de Corfo visit\u00f3 Ays\u00e9n para impulsar el desarrollo y la diversificaci\u00f3n econ\u00f3mica en la regi\u00f3n"},"content":{"rendered":"<div class=\"flex_column av_one_full  flex_column_div av-zero-column-padding first  avia-builder-el-0  el_before_av_one_full  avia-builder-el-first  \" style='border-radius:0px; '><div  class='avia-image-container  av-styling-    avia-builder-el-1  avia-builder-el-no-sibling  avia-align-center '  itemprop=\"image\" itemscope=\"itemscope\" itemtype=\"https:\/\/schema.org\/ImageObject\"  ><div class='avia-image-container-inner'><div class='avia-image-overlay-wrap'><img decoding=\"async\" class='wp-image-40409 avia-img-lazy-loading-not-40409 avia_image' src=\"https:\/\/radiorevelacionfm.cl\/wp-content\/uploads\/2024\/03\/01-corfo-conecta-1_optimized-1.jpg\" alt='' title='01-corfo-conecta-(1)_optimized (1)' height=\"600\" width=\"1066\"  itemprop=\"thumbnailUrl\" srcset=\"https:\/\/radiorevelacionfm.cl\/wp-content\/uploads\/2024\/03\/01-corfo-conecta-1_optimized-1.jpg 1066w, https:\/\/radiorevelacionfm.cl\/wp-content\/uploads\/2024\/03\/01-corfo-conecta-1_optimized-1-300x169.jpg 300w, https:\/\/radiorevelacionfm.cl\/wp-content\/uploads\/2024\/03\/01-corfo-conecta-1_optimized-1-1030x580.jpg 1030w, https:\/\/radiorevelacionfm.cl\/wp-content\/uploads\/2024\/03\/01-corfo-conecta-1_optimized-1-768x432.jpg 768w, https:\/\/radiorevelacionfm.cl\/wp-content\/uploads\/2024\/03\/01-corfo-conecta-1_optimized-1-705x397.jpg 705w, https:\/\/radiorevelacionfm.cl\/wp-content\/uploads\/2024\/03\/01-corfo-conecta-1_optimized-1-450x253.jpg 450w, https:\/\/radiorevelacionfm.cl\/wp-content\/uploads\/2024\/03\/01-corfo-conecta-1_optimized-1-600x338.jpg 600w\" sizes=\"(max-width: 1066px) 100vw, 1066px\" \/><\/div><\/div><\/div><\/div><div class=\"flex_column av_one_full  flex_column_div av-zero-column-padding first  avia-builder-el-2  el_after_av_one_full  el_before_av_one_full  column-top-margin\" style='border-radius:0px; '><section class=\"av_textblock_section \"  itemscope=\"itemscope\" itemtype=\"https:\/\/schema.org\/BlogPosting\" itemprop=\"blogPost\" ><div class='avia_textblock  '   itemprop=\"text\" ><p style=\"text-align: center;\"><strong><span style=\"font-size: 18pt;\">Gerenta de Innovaci\u00f3n de Corfo visit\u00f3 Ays\u00e9n para impulsar el desarrollo y la diversificaci\u00f3n econ\u00f3mica en la regi\u00f3n<\/span><\/strong><\/p>\n<div id=\"gtx-trans\" style=\"position: absolute; left: -50px; top: 4.31534px;\">\n<div class=\"gtx-trans-icon\"><\/div>\n<\/div>\n<\/div><\/section><\/div><div class=\"flex_column av_one_full  flex_column_div av-zero-column-padding first  avia-builder-el-4  el_after_av_one_full  el_before_av_hr  column-top-margin\" style='border-radius:0px; '><section class=\"av_textblock_section \"  itemscope=\"itemscope\" itemtype=\"https:\/\/schema.org\/BlogPosting\" itemprop=\"blogPost\" ><div class='avia_textblock  '   itemprop=\"text\" ><div>\n<p style=\"text-align: justify;\"><span lang=\"ES-419\">En el marco de la\u00a0visita a la Regi\u00f3n de Ays\u00e9n de Jocelyn\u00a0Olivari\u00a0Narea, Gerenta de Innovaci\u00f3n de Corfo,\u00a0se realizaron dos\u00a0encuentros\u00a0<\/span><span lang=\"ES-419\">Corfo Conecta<\/span><span lang=\"ES-419\">\u00a0con el prop\u00f3sito de\u00a0impulsar\u00a0la innovaci\u00f3n y el emprendimiento en la zona, enfoc\u00e1ndose en descentralizaci\u00f3n, descarbonizaci\u00f3n y pertinencia regional.<\/span><\/p>\n<\/div>\n<div style=\"text-align: justify;\">\n<p><span lang=\"ES-419\">Durante\u00a0estas actividades, desarrolladas\u00a0en los cowork B400 de\u00a0Coyhaique y\u00a0Ecoterr\u00e1neo de\u00a0Puerto Ays\u00e9n, se reunieron diversos actores del ecosistema\u00a0local\u00a0de innovaci\u00f3n y emprendimiento para analizar y reflexionar sobre el papel de la innovaci\u00f3n como una oportunidad para aprovechar los recursos y caracter\u00edsticas \u00fanicas de la regi\u00f3n.\u00a0<\/span><\/p>\n<\/div>\n<div style=\"text-align: justify;\">\n<p><span lang=\"ES-419\">\u00abLa innovaci\u00f3n es un medio para abordar desaf\u00edos como la descarbonizaci\u00f3n y la diversificaci\u00f3n econ\u00f3mica, permitiendo el desarrollo de encadenamientos productivos y servicios innovadores adaptados a las necesidades regionales\u00bb, indic\u00f3\u00a0Jocelyn\u00a0Olivari\u00a0en ambas jornadas.<\/span><\/p>\n<\/div>\n<div style=\"text-align: justify;\">\n<p><span lang=\"ES-419\">En estos\u00a0espacios,\u00a0adem\u00e1s,\u00a0la\u00a0Gerenta de Corfo\u00a0comparti\u00f3 su visi\u00f3n sobre el concepto de ecosistema de innovaci\u00f3n, destacando la importancia de la colaboraci\u00f3n y la confianza para impulsar la innovaci\u00f3n de manera conjunta y desmitificar la idea de que est\u00e1 reservada para grandes empresas o aquellas con recursos abundantes.<\/span><\/p>\n<\/div>\n<div style=\"text-align: justify;\">\n<p><span lang=\"ES-419\">\u00abLa idea es que podamos conectar a actores del ecosistema de innovaci\u00f3n y emprendimiento, estos pares improbables que se hablan. Vincular a empresas\u00a0con innovadores(as) y\u00a0emprendedores(as),\u00a0tambi\u00e9n\u00a0con\u00a0actores p\u00fablicos\u00a0y\u00a0privados para que\u00a0se\u00a0puedan generar consensos respecto de c\u00f3mo promover la innovaci\u00f3n en el pa\u00eds y tambi\u00e9n en esta regi\u00f3n\u00bb, explic\u00f3.<\/span><\/p>\n<\/div>\n<div style=\"text-align: justify;\">\n<p><span lang=\"ES-419\">Asimismo, enfatiz\u00f3 la necesidad de diversificar la econom\u00eda regional a trav\u00e9s de la innovaci\u00f3n, explorando nuevos sectores y oportunidades de desarrollo que puedan generar empleo y crecimiento local.\u00a0<\/span><\/p>\n<\/div>\n<div style=\"text-align: justify;\">\n<p><span lang=\"ES-419\">\u00abLa Regi\u00f3n de Ays\u00e9n est\u00e1 en un momento crucial de su desarrollo econ\u00f3mico, donde la innovaci\u00f3n es un pilar fundamental para impulsar su transformaci\u00f3n y progreso.\u00a0Y esta innovaci\u00f3n no ocurre de manera aislada, sino en un contexto ecosist\u00e9mico que requiere colaboraci\u00f3n y asociatividad. Durante los \u00faltimos cinco a\u00f1os,\u00a0registramos m\u00e1s de\u00a0200\u00a0postulaciones de proyectos de innovaci\u00f3n<\/span><span lang=\"ES-419\">\u00a0<\/span><span lang=\"ES-419\">desde esta regi\u00f3n, de los cuales se han\u00a0adjudicado 46, con una inversi\u00f3n de\u00a0$\u00a02.200 millones\u00a0aproximadamente\u00bb, detall\u00f3.<\/span><\/p>\n<\/div>\n<div style=\"text-align: justify;\">\n<p><span lang=\"ES-419\">Al respecto, Jocelyn\u00a0Olivari\u00a0a\u00f1adi\u00f3\u00a0que,\u00a0junto con\u00a0fomentar la cultura de la innovaci\u00f3n en Ays\u00e9n,\u00a0tambi\u00e9n se debe\u00a0impulsar\u00a0proyectos\u00a0que generen un impacto positivo en la comunidad y el medio ambiente.\u00a0<\/span><\/p>\n<\/div>\n<div style=\"text-align: justify;\">\n<p><span lang=\"ES-419\">\u00abLa innovaci\u00f3n es agregar valor haciendo algo distinto de lo que estabas haciendo. \u00bfC\u00f3mo me diferencio yo del resto que hace lo mismo? \u00bfC\u00f3mo me diferencio yo de la gente que o de otras empresas que hacen lo mismo? Bueno, marc\u00f3 una diferencia y esa diferencia alguien est\u00e1 dispuesto, por ejemplo, a pagar por eso. La innovaci\u00f3n no solo es un motor de desarrollo, sino tambi\u00e9n una oportunidad para construir un futuro m\u00e1s inclusivo, sostenible y pr\u00f3spero para todos los habitantes de Ays\u00e9n\u00bb, detall\u00f3.<\/span><\/p>\n<\/div>\n<div style=\"text-align: justify;\">\n<p><span lang=\"ES-419\">Finalmente, la autoridad de Corfo destac\u00f3 la importancia de visibilizar proyectos liderados por mujeres, reconociendo su impacto positivo en el desarrollo regional y resaltando que Ays\u00e9n figura entre las tres\u00a0regiones del pa\u00eds en adoptar herramientas digitales y avanzar hacia la transformaci\u00f3n digital de empresas dirigidas por mujeres.<\/span><\/p>\n<\/div>\n<div style=\"text-align: justify;\">\n<p><span lang=\"ES-419\">VISITA A PROYECTOS INNOVADORES\u00a0<\/span><\/p>\n<\/div>\n<div style=\"text-align: justify;\">\n<p><span lang=\"ES-419\">Durante\u00a0dos d\u00edas,\u00a0Jocelyn\u00a0Olivari\u00a0visit\u00f3\u00a0diversos proyectos innovadores en la regi\u00f3n. Entre ellos, el de la empresa Ays\u00e9n Recircular, que desarrolla paneles de aislamiento t\u00e9rmico con EPS reciclado de la industria salmonera, contribuyendo as\u00ed al cuidado del medio ambiente.<\/span><\/p>\n<\/div>\n<div style=\"text-align: justify;\">\n<p><span lang=\"ES-419\">Tambi\u00e9n\u00a0conoci\u00f3\u00a0el proyecto de revalorizaci\u00f3n de neum\u00e1ticos de Patagonia Sostenible, que propone un centro de disposici\u00f3n y transformaci\u00f3n de neum\u00e1ticos fuera de uso, generando econom\u00eda circular y creando empleo.\u00a0<\/span><\/p>\n<\/div>\n<div style=\"text-align: justify;\">\n<p><span lang=\"ES-419\">De igual forma,\u00a0se destac\u00f3 el trabajo de emprendedoras en proyectos como\u00a0FriendlyWool, que no solo desarrollan negocios innovadores, sino que tambi\u00e9n promueven pr\u00e1cticas amigables con el medio ambiente y certificaciones de vida silvestre, reconociendo su impacto positivo en la creatividad y la diversidad de los equipos. Finalmente,\u00a0la Gerenta de Corfo\u00a0visit\u00f3\u00a0BroteAustral, una innovaci\u00f3n en hortalizas para climas fr\u00edos en Coyhaique, utilizando tecnolog\u00eda adaptada para la producci\u00f3n local en Ays\u00e9n.<\/span><\/p>\n<\/div>\n<div>\n<p style=\"text-align: justify;\"><span lang=\"ES-419\">El trabajo desarrollado durante\u00a0la estad\u00eda de Jocelyn\u00a0Olivari\u00a0tambi\u00e9n abord\u00f3 el potencial de Ays\u00e9n en sectores no tradicionales, como la producci\u00f3n de energ\u00eda limpia y el desarrollo de servicios innovadores para industrias como la salmonicultura, destacando la necesidad de colaboraci\u00f3n y asociatividad en el ecosistema de innovaci\u00f3n regional, as\u00ed como el enfoque en la innovaci\u00f3n como un medio para abordar desaf\u00edos como la descarbonizaci\u00f3n y la diversificaci\u00f3n econ\u00f3mica.<\/span><\/p>\n<\/div>\n<\/div><\/section><\/div><div  style='height:50px' class='hr hr-invisible   avia-builder-el-6  el_after_av_one_full  el_before_av_social_share '><span class='hr-inner ' ><span class='hr-inner-style'><\/span><\/span><\/div><\/p>\n<div  class='av-social-sharing-box  avia-builder-el-7  el_after_av_hr  el_before_av_hr  '><div class='av-share-box'><h5 class='av-share-link-description av-no-toc '>Compartir esta noticia<\/h5><ul class='av-share-box-list noLightbox'><li class='av-share-link av-social-link-facebook' ><a target=\"_blank\" aria-label=\"Compartir en Facebook\" href='https:\/\/www.facebook.com\/sharer.php?u=https:\/\/radiorevelacionfm.cl\/?p=40408&#038;t=Gerenta%20de%20Innovaci%C3%B3n%20de%20Corfo%20visit%C3%B3%20Ays%C3%A9n%20para%20impulsar%20el%20desarrollo%20y%20la%20diversificaci%C3%B3n%20econ%C3%B3mica%20en%20la%20regi%C3%B3n' aria-hidden='false' data-av_icon='\ue8f3' data-av_iconfont='entypo-fontello' title='' data-avia-related-tooltip='Compartir en Facebook' rel=\"noopener\"><span class='avia_hidden_link_text'>Compartir en Facebook<\/span><\/a><\/li><li class='av-share-link av-social-link-twitter' ><a target=\"_blank\" aria-label=\"Compartir en Twitter\" href='https:\/\/twitter.com\/share?text=Gerenta%20de%20Innovaci%C3%B3n%20de%20Corfo%20visit%C3%B3%20Ays%C3%A9n%20para%20impulsar%20el%20desarrollo%20y%20la%20diversificaci%C3%B3n%20econ%C3%B3mica%20en%20la%20regi%C3%B3n&#038;url=https:\/\/radiorevelacionfm.cl\/?p=40408' aria-hidden='false' data-av_icon='\ue8f1' data-av_iconfont='entypo-fontello' title='' data-avia-related-tooltip='Compartir en Twitter' rel=\"noopener\"><span class='avia_hidden_link_text'>Compartir en Twitter<\/span><\/a><\/li><li class='av-share-link av-social-link-whatsapp' ><a target=\"_blank\" aria-label=\"Compartir en Whatsapp\" href='https:\/\/api.whatsapp.com\/send?text=https:\/\/radiorevelacionfm.cl\/?p=40408' aria-hidden='false' data-av_icon='\uf232' data-av_iconfont='entypo-fontello' title='' data-avia-related-tooltip='Compartir en Whatsapp' rel=\"noopener\"><span class='avia_hidden_link_text'>Compartir en Whatsapp<\/span><\/a><\/li><li class='av-share-link av-social-link-linkedin' ><a target=\"_blank\" aria-label=\"Compartir en LinkedIn\" href='https:\/\/linkedin.com\/shareArticle?mini=true&#038;title=Gerenta%20de%20Innovaci%C3%B3n%20de%20Corfo%20visit%C3%B3%20Ays%C3%A9n%20para%20impulsar%20el%20desarrollo%20y%20la%20diversificaci%C3%B3n%20econ%C3%B3mica%20en%20la%20regi%C3%B3n&#038;url=https:\/\/radiorevelacionfm.cl\/?p=40408' aria-hidden='false' data-av_icon='\ue8fc' data-av_iconfont='entypo-fontello' title='' data-avia-related-tooltip='Compartir en LinkedIn' rel=\"noopener\"><span class='avia_hidden_link_text'>Compartir en LinkedIn<\/span><\/a><\/li><li class='av-share-link av-social-link-mail' ><a  aria-label=\"Compartir por correo\" href='mailto:?subject=Gerenta%20de%20Innovaci%C3%B3n%20de%20Corfo%20visit%C3%B3%20Ays%C3%A9n%20para%20impulsar%20el%20desarrollo%20y%20la%20diversificaci%C3%B3n%20econ%C3%B3mica%20en%20la%20regi%C3%B3n&#038;body=https:\/\/radiorevelacionfm.cl\/?p=40408' aria-hidden='false' data-av_icon='\ue805' data-av_iconfont='entypo-fontello' title='' data-avia-related-tooltip='Compartir por correo'><span class='avia_hidden_link_text'>Compartir por correo<\/span><\/a><\/li><\/ul><\/div><\/div>\n<div  style='height:50px' class='hr hr-invisible   avia-builder-el-8  el_after_av_social_share  el_before_av_comments_list '><span class='hr-inner ' ><span class='hr-inner-style'><\/span><\/span><\/div>\n<div  class='av-buildercomment  av-blog-meta-html-info-disabled av-blog-meta-tag-disabled  '><\/div>\n","protected":false},"excerpt":{"rendered":"","protected":false},"author":1,"featured_media":40409,"comment_status":"open","ping_status":"open","sticky":false,"template":"","format":"standard","meta":{"footnotes":""},"categories":[38],"tags":[],"class_list":["post-40408","post","type-post","status-publish","format-standard","has-post-thumbnail","hentry","category-regional"],"jetpack_featured_media_url":"https:\/\/radiorevelacionfm.cl\/wp-content\/uploads\/2024\/03\/01-corfo-conecta-1_optimized-1.jpg","_links":{"self":[{"href":"https:\/\/radiorevelacionfm.cl\/index.php?rest_route=\/wp\/v2\/posts\/40408","targetHints":{"allow":["GET"]}}],"collection":[{"href":"https:\/\/radiorevelacionfm.cl\/index.php?rest_route=\/wp\/v2\/posts"}],"about":[{"href":"https:\/\/radiorevelacionfm.cl\/index.php?rest_route=\/wp\/v2\/types\/post"}],"author":[{"embeddable":true,"href":"https:\/\/radiorevelacionfm.cl\/index.php?rest_route=\/wp\/v2\/users\/1"}],"replies":[{"embeddable":true,"href":"https:\/\/radiorevelacionfm.cl\/index.php?rest_route=%2Fwp%2Fv2%2Fcomments&post=40408"}],"version-history":[{"count":1,"href":"https:\/\/radiorevelacionfm.cl\/index.php?rest_route=\/wp\/v2\/posts\/40408\/revisions"}],"predecessor-version":[{"id":40410,"href":"https:\/\/radiorevelacionfm.cl\/index.php?rest_route=\/wp\/v2\/posts\/40408\/revisions\/40410"}],"wp:featuredmedia":[{"embeddable":true,"href":"https:\/\/radiorevelacionfm.cl\/index.php?rest_route=\/wp\/v2\/media\/40409"}],"wp:attachment":[{"href":"https:\/\/radiorevelacionfm.cl\/index.php?rest_route=%2Fwp%2Fv2%2Fmedia&parent=40408"}],"wp:term":[{"taxonomy":"category","embeddable":true,"href":"https:\/\/radiorevelacionfm.cl\/index.php?rest_route=%2Fwp%2Fv2%2Fcategories&post=40408"},{"taxonomy":"post_tag","embeddable":true,"href":"https:\/\/radiorevelacionfm.cl\/index.php?rest_route=%2Fwp%2Fv2%2Ftags&post=40408"}],"curies":[{"name":"wp","href":"https:\/\/api.w.org\/{rel}","templated":true}]}}