{"id":40405,"date":"2024-03-17T21:48:08","date_gmt":"2024-03-18T00:48:08","guid":{"rendered":"https:\/\/radiorevelacionfm.cl\/?p=40405"},"modified":"2024-03-17T21:48:08","modified_gmt":"2024-03-18T00:48:08","slug":"puerto-tranquilo-cumplio-70-anos-y-los-celebro-con-innovadoras-actividades-organizadas-por-la-comunidad","status":"publish","type":"post","link":"https:\/\/radiorevelacionfm.cl\/?p=40405","title":{"rendered":"Puerto Tranquilo cumpli\u00f3 70 a\u00f1os y los celebr\u00f3 con innovadoras actividades organizadas por la comunidad"},"content":{"rendered":"<div class=\"flex_column av_one_full  flex_column_div av-zero-column-padding first  avia-builder-el-0  el_before_av_one_full  avia-builder-el-first  \" style='border-radius:0px; '><div  class='avia-image-container  av-styling-    avia-builder-el-1  avia-builder-el-no-sibling  avia-align-center '  itemprop=\"image\" itemscope=\"itemscope\" itemtype=\"https:\/\/schema.org\/ImageObject\"  ><div class='avia-image-container-inner'><div class='avia-image-overlay-wrap'><img decoding=\"async\" class='wp-image-40406 avia-img-lazy-loading-not-40406 avia_image' src=\"https:\/\/radiorevelacionfm.cl\/wp-content\/uploads\/2024\/03\/fotos-aniversario-puerto-tranquilo36-1_optimized.jpeg\" alt='' title='fotos-aniversario-puerto-tranquilo36-(1)_optimized' height=\"600\" width=\"901\"  itemprop=\"thumbnailUrl\" srcset=\"https:\/\/radiorevelacionfm.cl\/wp-content\/uploads\/2024\/03\/fotos-aniversario-puerto-tranquilo36-1_optimized.jpeg 901w, https:\/\/radiorevelacionfm.cl\/wp-content\/uploads\/2024\/03\/fotos-aniversario-puerto-tranquilo36-1_optimized-300x200.jpeg 300w, https:\/\/radiorevelacionfm.cl\/wp-content\/uploads\/2024\/03\/fotos-aniversario-puerto-tranquilo36-1_optimized-768x511.jpeg 768w, https:\/\/radiorevelacionfm.cl\/wp-content\/uploads\/2024\/03\/fotos-aniversario-puerto-tranquilo36-1_optimized-705x469.jpeg 705w, https:\/\/radiorevelacionfm.cl\/wp-content\/uploads\/2024\/03\/fotos-aniversario-puerto-tranquilo36-1_optimized-450x300.jpeg 450w, https:\/\/radiorevelacionfm.cl\/wp-content\/uploads\/2024\/03\/fotos-aniversario-puerto-tranquilo36-1_optimized-600x400.jpeg 600w\" sizes=\"(max-width: 901px) 100vw, 901px\" \/><\/div><\/div><\/div><\/div><div class=\"flex_column av_one_full  flex_column_div av-zero-column-padding first  avia-builder-el-2  el_after_av_one_full  el_before_av_one_full  column-top-margin\" style='border-radius:0px; '><section class=\"av_textblock_section \"  itemscope=\"itemscope\" itemtype=\"https:\/\/schema.org\/BlogPosting\" itemprop=\"blogPost\" ><div class='avia_textblock  '   itemprop=\"text\" ><p style=\"text-align: center;\"><span style=\"font-size: 18pt;\"><b><span lang=\"ES-TRAD\">Puerto Tranquilo cumpli\u00f3 70 a\u00f1os y los celebr\u00f3 con innovadoras actividades organizadas por la comunidad<\/span><\/b><\/span><\/p>\n<div id=\"gtx-trans\" style=\"position: absolute; left: -50px; top: 4.31534px;\">\n<div class=\"gtx-trans-icon\"><\/div>\n<\/div>\n<\/div><\/section><\/div><div class=\"flex_column av_one_full  flex_column_div av-zero-column-padding first  avia-builder-el-4  el_after_av_one_full  el_before_av_hr  column-top-margin\" style='border-radius:0px; '><section class=\"av_textblock_section \"  itemscope=\"itemscope\" itemtype=\"https:\/\/schema.org\/BlogPosting\" itemprop=\"blogPost\" ><div class='avia_textblock  '   itemprop=\"text\" ><p class=\"v1MsoNormal\" style=\"text-align: justify;\"><span lang=\"ES-TRAD\">Concluida ya la temporada veraniega, desde la Junta de Vecinos de Puerto R\u00edo Tranquilo hicieron un positivo balance de las actividades aniversario por los 70 a\u00f1os de la localidad. \u00c9stas se desarrollaron desde el 21 al 25 de febrero, con desfile de botes en el lago y de moda con prendas confeccionadas por tejedoras tranquilinas, campeonato de b\u00e1squetbol con la primera versi\u00f3n de la Copa del M\u00e1rmol, adem\u00e1s de las tradicionales fiesta y asados comunitarios.<\/span><\/p>\n<p class=\"v1MsoNormal\" style=\"text-align: justify;\"><span lang=\"ES-TRAD\">La organizaci\u00f3n fue totalmente autogestionada, con financiamiento de empresas, agencias de turismo, organizaciones sociales, vecinos y vecinas, adem\u00e1s de aporte del municipio de R\u00edo Ib\u00e1\u00f1ez.<\/span><\/p>\n<p class=\"v1MsoNormal\" style=\"text-align: justify;\"><span lang=\"ES-TRAD\">Bajo el t\u00edtulo<span class=\"v1gmail-Apple-converted-space\">\u00a0<\/span>\u00abHaciendo Comunidad\u00bb, el<span class=\"v1gmail-Apple-converted-space\">\u00a0<\/span>mi\u00e9rcoles 21 de febrero<span class=\"v1gmail-Apple-converted-space\">\u00a0<\/span>se organiz\u00f3 un torneo de f\u00fatbol local con 4 equipos m\u00e1s la actividad denominada<span class=\"v1gmail-Apple-converted-space\">\u00a0<\/span>Sunset Familiar, donde se invit\u00f3 a un DJ a poner m\u00fasica en la playa mientras las familias disfrutaban del atardecer observando el desfile de las 17 embarcaciones que participaron. El<span class=\"v1gmail-Apple-converted-space\">\u00a0<\/span>jueves 22<span class=\"v1gmail-Apple-converted-space\">\u00a0<\/span>hubo muestra de oficios tradicionales como tejueleo, curtiembre, elaboraci\u00f3n de cester\u00eda con manila, hilado y tamangos con cuero de vaca, concluyendo con un desfile de tejidos de artesanas del sector que exhibieron su\u00e9teres, gorros, vestidos.<\/span><\/p>\n<p class=\"v1MsoNormal\" style=\"text-align: justify;\"><span lang=\"ES-TRAD\">El<span class=\"v1gmail-Apple-converted-space\">\u00a0<\/span>viernes 23, en tanto, se conmemor\u00f3 el<span class=\"v1gmail-Apple-converted-space\">\u00a0<\/span>D\u00eda del Poblador y la Pobladora, a trav\u00e9s de la invitaci\u00f3n a una mateada cultural y a recordar an\u00e9cdotas del pasado, compartiendo la memoria colectiva, con m\u00fasica local y reconocimientos a los vecinos y vecinas destacados. Tambi\u00e9n se realiz\u00f3 la Copa del M\u00e1rmol en b\u00e1squetbol, con cuatro equipos de Puerto R\u00edo Tranquilo, Puerto Ays\u00e9n, Coyhaique y Cochrane, la que concluy\u00f3 el<span class=\"v1gmail-Apple-converted-space\">\u00a0<\/span>s\u00e1bado 24, d\u00eda en que se desarroll\u00f3 la Fiesta Comunitaria.<\/span><\/p>\n<p class=\"v1MsoNormal\" style=\"text-align: justify;\"><span lang=\"ES-TRAD\">El domingo 25 terminaron las festividades con asados comunitarios.<\/span><\/p>\n<p class=\"v1MsoNormal\" style=\"text-align: justify;\"><span lang=\"ES-TRAD\">La presidenta de la Junta de Vecinos, Gloria Jaramillo, explic\u00f3 que \u00abeste a\u00f1o quisimos celebrar la semana, para lo cual realizamos cinco reuniones previas. Todo fue autogestionado, aunque de todas formas se solicit\u00f3 aporte a la municipalidad, aunque en el balance lo que aport\u00f3 la comunidad fue bastante\u00bb.<\/span><\/p>\n<p class=\"v1MsoNormal\" style=\"text-align: justify;\"><span lang=\"ES-TRAD\">Por ello, \u00abagradecemos a todos quienes participaron de la Semana Tranquilina. A las comisiones que se formaron, que estuvieron s\u00faper bien, a los j\u00f3venes que ayudaron, a los vecinos y vecinas que asistieron, todos hicieron un gran trabajo y lo pasamos bien tambi\u00e9n. Tenemos ya la experiencia para el otro a\u00f1o para hacerlo mucho mejor todav\u00eda\u00bb.<span class=\"v1gmail-Apple-converted-space\">\u00a0<\/span><\/span><\/p>\n<\/div><\/section><\/div><div  style='height:50px' class='hr hr-invisible   avia-builder-el-6  el_after_av_one_full  el_before_av_social_share '><span class='hr-inner ' ><span class='hr-inner-style'><\/span><\/span><\/div><\/p>\n<div  class='av-social-sharing-box  avia-builder-el-7  el_after_av_hr  el_before_av_hr  '><div class='av-share-box'><h5 class='av-share-link-description av-no-toc '>Compartir esta noticia<\/h5><ul class='av-share-box-list noLightbox'><li class='av-share-link av-social-link-facebook' ><a target=\"_blank\" aria-label=\"Compartir en Facebook\" href='https:\/\/www.facebook.com\/sharer.php?u=https:\/\/radiorevelacionfm.cl\/?p=40405&#038;t=Puerto%20Tranquilo%20cumpli%C3%B3%2070%20a%C3%B1os%20y%20los%20celebr%C3%B3%20con%20innovadoras%20actividades%20organizadas%20por%20la%20comunidad' aria-hidden='false' data-av_icon='\ue8f3' data-av_iconfont='entypo-fontello' title='' data-avia-related-tooltip='Compartir en Facebook' rel=\"noopener\"><span class='avia_hidden_link_text'>Compartir en Facebook<\/span><\/a><\/li><li class='av-share-link av-social-link-twitter' ><a target=\"_blank\" aria-label=\"Compartir en Twitter\" href='https:\/\/twitter.com\/share?text=Puerto%20Tranquilo%20cumpli%C3%B3%2070%20a%C3%B1os%20y%20los%20celebr%C3%B3%20con%20innovadoras%20actividades%20organizadas%20por%20la%20comunidad&#038;url=https:\/\/radiorevelacionfm.cl\/?p=40405' aria-hidden='false' data-av_icon='\ue8f1' data-av_iconfont='entypo-fontello' title='' data-avia-related-tooltip='Compartir en Twitter' rel=\"noopener\"><span class='avia_hidden_link_text'>Compartir en Twitter<\/span><\/a><\/li><li class='av-share-link av-social-link-whatsapp' ><a target=\"_blank\" aria-label=\"Compartir en Whatsapp\" href='https:\/\/api.whatsapp.com\/send?text=https:\/\/radiorevelacionfm.cl\/?p=40405' aria-hidden='false' data-av_icon='\uf232' data-av_iconfont='entypo-fontello' title='' data-avia-related-tooltip='Compartir en Whatsapp' rel=\"noopener\"><span class='avia_hidden_link_text'>Compartir en Whatsapp<\/span><\/a><\/li><li class='av-share-link av-social-link-linkedin' ><a target=\"_blank\" aria-label=\"Compartir en LinkedIn\" href='https:\/\/linkedin.com\/shareArticle?mini=true&#038;title=Puerto%20Tranquilo%20cumpli%C3%B3%2070%20a%C3%B1os%20y%20los%20celebr%C3%B3%20con%20innovadoras%20actividades%20organizadas%20por%20la%20comunidad&#038;url=https:\/\/radiorevelacionfm.cl\/?p=40405' aria-hidden='false' data-av_icon='\ue8fc' data-av_iconfont='entypo-fontello' title='' data-avia-related-tooltip='Compartir en LinkedIn' rel=\"noopener\"><span class='avia_hidden_link_text'>Compartir en LinkedIn<\/span><\/a><\/li><li class='av-share-link av-social-link-mail' ><a  aria-label=\"Compartir por correo\" href='mailto:?subject=Puerto%20Tranquilo%20cumpli%C3%B3%2070%20a%C3%B1os%20y%20los%20celebr%C3%B3%20con%20innovadoras%20actividades%20organizadas%20por%20la%20comunidad&#038;body=https:\/\/radiorevelacionfm.cl\/?p=40405' aria-hidden='false' data-av_icon='\ue805' data-av_iconfont='entypo-fontello' title='' data-avia-related-tooltip='Compartir por correo'><span class='avia_hidden_link_text'>Compartir por correo<\/span><\/a><\/li><\/ul><\/div><\/div>\n<div  style='height:50px' class='hr hr-invisible   avia-builder-el-8  el_after_av_social_share  el_before_av_comments_list '><span class='hr-inner ' ><span class='hr-inner-style'><\/span><\/span><\/div>\n<div  class='av-buildercomment  av-blog-meta-html-info-disabled av-blog-meta-tag-disabled  '><\/div>\n","protected":false},"excerpt":{"rendered":"","protected":false},"author":1,"featured_media":40406,"comment_status":"open","ping_status":"open","sticky":false,"template":"","format":"standard","meta":{"footnotes":""},"categories":[38],"tags":[],"class_list":["post-40405","post","type-post","status-publish","format-standard","has-post-thumbnail","hentry","category-regional"],"jetpack_featured_media_url":"https:\/\/radiorevelacionfm.cl\/wp-content\/uploads\/2024\/03\/fotos-aniversario-puerto-tranquilo36-1_optimized.jpeg","_links":{"self":[{"href":"https:\/\/radiorevelacionfm.cl\/index.php?rest_route=\/wp\/v2\/posts\/40405","targetHints":{"allow":["GET"]}}],"collection":[{"href":"https:\/\/radiorevelacionfm.cl\/index.php?rest_route=\/wp\/v2\/posts"}],"about":[{"href":"https:\/\/radiorevelacionfm.cl\/index.php?rest_route=\/wp\/v2\/types\/post"}],"author":[{"embeddable":true,"href":"https:\/\/radiorevelacionfm.cl\/index.php?rest_route=\/wp\/v2\/users\/1"}],"replies":[{"embeddable":true,"href":"https:\/\/radiorevelacionfm.cl\/index.php?rest_route=%2Fwp%2Fv2%2Fcomments&post=40405"}],"version-history":[{"count":1,"href":"https:\/\/radiorevelacionfm.cl\/index.php?rest_route=\/wp\/v2\/posts\/40405\/revisions"}],"predecessor-version":[{"id":40407,"href":"https:\/\/radiorevelacionfm.cl\/index.php?rest_route=\/wp\/v2\/posts\/40405\/revisions\/40407"}],"wp:featuredmedia":[{"embeddable":true,"href":"https:\/\/radiorevelacionfm.cl\/index.php?rest_route=\/wp\/v2\/media\/40406"}],"wp:attachment":[{"href":"https:\/\/radiorevelacionfm.cl\/index.php?rest_route=%2Fwp%2Fv2%2Fmedia&parent=40405"}],"wp:term":[{"taxonomy":"category","embeddable":true,"href":"https:\/\/radiorevelacionfm.cl\/index.php?rest_route=%2Fwp%2Fv2%2Fcategories&post=40405"},{"taxonomy":"post_tag","embeddable":true,"href":"https:\/\/radiorevelacionfm.cl\/index.php?rest_route=%2Fwp%2Fv2%2Ftags&post=40405"}],"curies":[{"name":"wp","href":"https:\/\/api.w.org\/{rel}","templated":true}]}}