{"id":40402,"date":"2024-03-15T18:10:28","date_gmt":"2024-03-15T21:10:28","guid":{"rendered":"https:\/\/radiorevelacionfm.cl\/?p=40402"},"modified":"2024-03-15T18:10:28","modified_gmt":"2024-03-15T21:10:28","slug":"cerca-de-un-75-de-avance-presentan-obras-de-ampliacion-y-mejoramiento-del-cementerio-de-puerto-aysen","status":"publish","type":"post","link":"https:\/\/radiorevelacionfm.cl\/?p=40402","title":{"rendered":"Cerca de un 75% de avance presentan obras de ampliaci\u00f3n y mejoramiento del Cementerio de Puerto Ays\u00e9n"},"content":{"rendered":"<div class=\"flex_column av_one_full  flex_column_div av-zero-column-padding first  avia-builder-el-0  el_before_av_one_full  avia-builder-el-first  \" style='border-radius:0px; '><div  class='avia-image-container  av-styling-    avia-builder-el-1  avia-builder-el-no-sibling  avia-align-center '  itemprop=\"image\" itemscope=\"itemscope\" itemtype=\"https:\/\/schema.org\/ImageObject\"  ><div class='avia-image-container-inner'><div class='avia-image-overlay-wrap'><img decoding=\"async\" class='wp-image-40403 avia-img-lazy-loading-not-40403 avia_image' src=\"https:\/\/radiorevelacionfm.cl\/wp-content\/uploads\/2024\/03\/cementerio-6-1_optimized.jpg\" alt='' title='cementerio-6-(1)_optimized' height=\"600\" width=\"1066\"  itemprop=\"thumbnailUrl\" srcset=\"https:\/\/radiorevelacionfm.cl\/wp-content\/uploads\/2024\/03\/cementerio-6-1_optimized.jpg 1066w, https:\/\/radiorevelacionfm.cl\/wp-content\/uploads\/2024\/03\/cementerio-6-1_optimized-300x169.jpg 300w, https:\/\/radiorevelacionfm.cl\/wp-content\/uploads\/2024\/03\/cementerio-6-1_optimized-1030x580.jpg 1030w, https:\/\/radiorevelacionfm.cl\/wp-content\/uploads\/2024\/03\/cementerio-6-1_optimized-768x432.jpg 768w, https:\/\/radiorevelacionfm.cl\/wp-content\/uploads\/2024\/03\/cementerio-6-1_optimized-705x397.jpg 705w, https:\/\/radiorevelacionfm.cl\/wp-content\/uploads\/2024\/03\/cementerio-6-1_optimized-450x253.jpg 450w, https:\/\/radiorevelacionfm.cl\/wp-content\/uploads\/2024\/03\/cementerio-6-1_optimized-600x338.jpg 600w\" sizes=\"(max-width: 1066px) 100vw, 1066px\" \/><\/div><\/div><\/div><\/div><div class=\"flex_column av_one_full  flex_column_div av-zero-column-padding first  avia-builder-el-2  el_after_av_one_full  el_before_av_one_full  column-top-margin\" style='border-radius:0px; '><section class=\"av_textblock_section \"  itemscope=\"itemscope\" itemtype=\"https:\/\/schema.org\/BlogPosting\" itemprop=\"blogPost\" ><div class='avia_textblock  '   itemprop=\"text\" ><p style=\"text-align: center;\"><strong><span style=\"font-size: 18pt;\">Cerca de un 75% de avance presentan obras de ampliaci\u00f3n y mejoramiento del Cementerio de Puerto Ays\u00e9n<\/span><\/strong><\/p>\n<div id=\"gtx-trans\" style=\"position: absolute; left: -50px; top: 4.31534px;\">\n<div class=\"gtx-trans-icon\"><\/div>\n<\/div>\n<\/div><\/section><\/div><div class=\"flex_column av_one_full  flex_column_div av-zero-column-padding first  avia-builder-el-4  el_after_av_one_full  el_before_av_hr  column-top-margin\" style='border-radius:0px; '><section class=\"av_textblock_section \"  itemscope=\"itemscope\" itemtype=\"https:\/\/schema.org\/BlogPosting\" itemprop=\"blogPost\" ><div class='avia_textblock  '   itemprop=\"text\" ><p style=\"text-align: justify;\">La Gobernadora Regional, Andrea Mac\u00edas Palma y el Alcalde Julio Uribe Alvarado, en compa\u00f1\u00eda de sus respectivos equipos t\u00e9cnicos, visitaron las obras de ampliaci\u00f3n y mejoramiento del cementerio del Puerto Ays\u00e9n, iniciativa que considera al d\u00eda de hoy m\u00e1s del 75% de avance.<\/p>\n<p style=\"text-align: justify;\">\u201cUna visita donde hemos visto el avance de las obras de esta tremenda iniciativa, que es la ampliaci\u00f3n y el mejoramiento del cementerio de Puerto Ays\u00e9n, en conjunto con el Alcalde, Julio Uribe, hemos visitado estas obras que ya van cercano al 75% de ejecuci\u00f3n y que han ido cumpli\u00e9ndose de acuerdo a todo lo que estaba planificado. Hemos podido ver y conocer en terreno la distribuci\u00f3n de los espacios, como avanza el sector de nichos, los ba\u00f1os, las floristas, un espacio para las personas que laboran en el cementerio. Sabemos que esta es una iniciativa muy esperada y que viene a dar respuesta a una necesidad urgente y muy sentida, tal como lo comprometimos con el Municipio, procurando avanzar de la mejor manera en el tiempo establecido\u201d, mencion\u00f3 la Gobernadora Regional.<\/p>\n<p style=\"text-align: justify;\">Andrea Mac\u00edas, destac\u00f3 tambi\u00e9n, la buena ejecuci\u00f3n de las obras y que sea una empresa regional la encargada de aquello.<\/p>\n<p style=\"text-align: justify;\">\u201cReconocer el trabajo que ha tenido la empresa, una empresa local que a nosotros nos llena de orgullo, porque no hay mejor cosa que estas obras la realice nuestra gente, en ese sentido, reconocer tambi\u00e9n la responsabilidad en la ejecuci\u00f3n. Sabemos que, estamos pr\u00f3ximos a revisar estos porcentajes de avance financiero, es probable que haya que tener un incremento presupuestario, cosa habitual en las obras, sobre todo en los \u00faltimos meses. Esperamos que el Consejo Regional se apertura a poder aprobar la modificaci\u00f3n para que esta obra pueda concretarse de la mejor manera posible. As\u00ed es que, muy contenta por las familias, porque finalmente cada persona merece un espacio digno donde poder descansar y para que sus familias puedan acompa\u00f1arlos en esos momentos de dolor\u201d.<\/p>\n<p style=\"text-align: justify;\">Feliz se mostr\u00f3 el Alcalde de la comuna de Ays\u00e9n, Julio Uribe, al poder realizar un recorrido junto a la Gobernadora Regional, Andrea Mac\u00edas, por uno de los proyectos m\u00e1s grandes del \u00faltimo tiempo y que considera una inversi\u00f3n que supera los 3 mil millones de pesos.<\/p>\n<p style=\"text-align: justify;\">\u201cCumplimos los tres a\u00f1os de gesti\u00f3n y hoy ya estamos viendo concretada una obra por m\u00e1s de 3 mil millones de pesos, donde se ve materializada primero, la dignidad que se le entrega a los vecinos en momentos muy dif\u00edciles, tambi\u00e9n la modernidad, la reparaci\u00f3n de la tumba del Padre Antonio Ronchi y la reparaci\u00f3n del cementerio antiguo. Hoy se est\u00e1n pavimentando todas las \u00e1reas de paso y es algo que nos tiene muy contentos, el avance es significativo, la empresa tambi\u00e9n ha demostrado celeridad en las obras. Relevar igual lo que significa este proyecto, que no es solo una obra de construcci\u00f3n o de infraestructura, sino que, tambi\u00e9n es una obra que va con el sentimiento de cada aysenino\u201d.<\/p>\n<p style=\"text-align: justify;\">Destacado ha sido el notorio avance en la ejecuci\u00f3n de las obras, alcanzado por la empresa regional RPC Ingenier\u00eda y Construcci\u00f3n Limitada, quienes han completado cerca del 70% de la iniciativa financiada por el Gobierno Regional de Ays\u00e9n.<\/p>\n<\/div><\/section><\/div><div  style='height:50px' class='hr hr-invisible   avia-builder-el-6  el_after_av_one_full  el_before_av_social_share '><span class='hr-inner ' ><span class='hr-inner-style'><\/span><\/span><\/div><\/p>\n<div  class='av-social-sharing-box  avia-builder-el-7  el_after_av_hr  el_before_av_hr  '><div class='av-share-box'><h5 class='av-share-link-description av-no-toc '>Compartir esta noticia<\/h5><ul class='av-share-box-list noLightbox'><li class='av-share-link av-social-link-facebook' ><a target=\"_blank\" aria-label=\"Compartir en Facebook\" href='https:\/\/www.facebook.com\/sharer.php?u=https:\/\/radiorevelacionfm.cl\/?p=40402&#038;t=Cerca%20de%20un%2075%25%20de%20avance%20presentan%20obras%20de%20ampliaci%C3%B3n%20y%20mejoramiento%20del%20Cementerio%20de%20Puerto%20Ays%C3%A9n' aria-hidden='false' data-av_icon='\ue8f3' data-av_iconfont='entypo-fontello' title='' data-avia-related-tooltip='Compartir en Facebook' rel=\"noopener\"><span class='avia_hidden_link_text'>Compartir en Facebook<\/span><\/a><\/li><li class='av-share-link av-social-link-twitter' ><a target=\"_blank\" aria-label=\"Compartir en Twitter\" href='https:\/\/twitter.com\/share?text=Cerca%20de%20un%2075%25%20de%20avance%20presentan%20obras%20de%20ampliaci%C3%B3n%20y%20mejoramiento%20del%20Cementerio%20de%20Puerto%20Ays%C3%A9n&#038;url=https:\/\/radiorevelacionfm.cl\/?p=40402' aria-hidden='false' data-av_icon='\ue8f1' data-av_iconfont='entypo-fontello' title='' data-avia-related-tooltip='Compartir en Twitter' rel=\"noopener\"><span class='avia_hidden_link_text'>Compartir en Twitter<\/span><\/a><\/li><li class='av-share-link av-social-link-whatsapp' ><a target=\"_blank\" aria-label=\"Compartir en Whatsapp\" href='https:\/\/api.whatsapp.com\/send?text=https:\/\/radiorevelacionfm.cl\/?p=40402' aria-hidden='false' data-av_icon='\uf232' data-av_iconfont='entypo-fontello' title='' data-avia-related-tooltip='Compartir en Whatsapp' rel=\"noopener\"><span class='avia_hidden_link_text'>Compartir en Whatsapp<\/span><\/a><\/li><li class='av-share-link av-social-link-linkedin' ><a target=\"_blank\" aria-label=\"Compartir en LinkedIn\" href='https:\/\/linkedin.com\/shareArticle?mini=true&#038;title=Cerca%20de%20un%2075%25%20de%20avance%20presentan%20obras%20de%20ampliaci%C3%B3n%20y%20mejoramiento%20del%20Cementerio%20de%20Puerto%20Ays%C3%A9n&#038;url=https:\/\/radiorevelacionfm.cl\/?p=40402' aria-hidden='false' data-av_icon='\ue8fc' data-av_iconfont='entypo-fontello' title='' data-avia-related-tooltip='Compartir en LinkedIn' rel=\"noopener\"><span class='avia_hidden_link_text'>Compartir en LinkedIn<\/span><\/a><\/li><li class='av-share-link av-social-link-mail' ><a  aria-label=\"Compartir por correo\" href='mailto:?subject=Cerca%20de%20un%2075%25%20de%20avance%20presentan%20obras%20de%20ampliaci%C3%B3n%20y%20mejoramiento%20del%20Cementerio%20de%20Puerto%20Ays%C3%A9n&#038;body=https:\/\/radiorevelacionfm.cl\/?p=40402' aria-hidden='false' data-av_icon='\ue805' data-av_iconfont='entypo-fontello' title='' data-avia-related-tooltip='Compartir por correo'><span class='avia_hidden_link_text'>Compartir por correo<\/span><\/a><\/li><\/ul><\/div><\/div>\n<div  style='height:50px' class='hr hr-invisible   avia-builder-el-8  el_after_av_social_share  el_before_av_comments_list '><span class='hr-inner ' ><span class='hr-inner-style'><\/span><\/span><\/div>\n<div  class='av-buildercomment  av-blog-meta-html-info-disabled av-blog-meta-tag-disabled  '><\/div>\n","protected":false},"excerpt":{"rendered":"","protected":false},"author":1,"featured_media":40403,"comment_status":"open","ping_status":"open","sticky":false,"template":"","format":"standard","meta":{"footnotes":""},"categories":[38],"tags":[],"class_list":["post-40402","post","type-post","status-publish","format-standard","has-post-thumbnail","hentry","category-regional"],"jetpack_featured_media_url":"https:\/\/radiorevelacionfm.cl\/wp-content\/uploads\/2024\/03\/cementerio-6-1_optimized.jpg","_links":{"self":[{"href":"https:\/\/radiorevelacionfm.cl\/index.php?rest_route=\/wp\/v2\/posts\/40402","targetHints":{"allow":["GET"]}}],"collection":[{"href":"https:\/\/radiorevelacionfm.cl\/index.php?rest_route=\/wp\/v2\/posts"}],"about":[{"href":"https:\/\/radiorevelacionfm.cl\/index.php?rest_route=\/wp\/v2\/types\/post"}],"author":[{"embeddable":true,"href":"https:\/\/radiorevelacionfm.cl\/index.php?rest_route=\/wp\/v2\/users\/1"}],"replies":[{"embeddable":true,"href":"https:\/\/radiorevelacionfm.cl\/index.php?rest_route=%2Fwp%2Fv2%2Fcomments&post=40402"}],"version-history":[{"count":1,"href":"https:\/\/radiorevelacionfm.cl\/index.php?rest_route=\/wp\/v2\/posts\/40402\/revisions"}],"predecessor-version":[{"id":40404,"href":"https:\/\/radiorevelacionfm.cl\/index.php?rest_route=\/wp\/v2\/posts\/40402\/revisions\/40404"}],"wp:featuredmedia":[{"embeddable":true,"href":"https:\/\/radiorevelacionfm.cl\/index.php?rest_route=\/wp\/v2\/media\/40403"}],"wp:attachment":[{"href":"https:\/\/radiorevelacionfm.cl\/index.php?rest_route=%2Fwp%2Fv2%2Fmedia&parent=40402"}],"wp:term":[{"taxonomy":"category","embeddable":true,"href":"https:\/\/radiorevelacionfm.cl\/index.php?rest_route=%2Fwp%2Fv2%2Fcategories&post=40402"},{"taxonomy":"post_tag","embeddable":true,"href":"https:\/\/radiorevelacionfm.cl\/index.php?rest_route=%2Fwp%2Fv2%2Ftags&post=40402"}],"curies":[{"name":"wp","href":"https:\/\/api.w.org\/{rel}","templated":true}]}}