{"id":40399,"date":"2024-03-15T16:30:57","date_gmt":"2024-03-15T19:30:57","guid":{"rendered":"https:\/\/radiorevelacionfm.cl\/?p=40399"},"modified":"2024-03-15T16:30:57","modified_gmt":"2024-03-15T19:30:57","slug":"cecrea-verano-genero-gran-interes-en-ninos-ninas-y-jovenes-de-coyhaique","status":"publish","type":"post","link":"https:\/\/radiorevelacionfm.cl\/?p=40399","title":{"rendered":"Cecrea Verano gener\u00f3 gran inter\u00e9s en ni\u00f1os, ni\u00f1as y j\u00f3venes de Coyhaique"},"content":{"rendered":"<div class=\"flex_column av_one_full  flex_column_div av-zero-column-padding first  avia-builder-el-0  el_before_av_one_full  avia-builder-el-first  \" style='border-radius:0px; '><div  class='avia-image-container  av-styling-    avia-builder-el-1  avia-builder-el-no-sibling  avia-align-center '  itemprop=\"image\" itemscope=\"itemscope\" itemtype=\"https:\/\/schema.org\/ImageObject\"  ><div class='avia-image-container-inner'><div class='avia-image-overlay-wrap'><img decoding=\"async\" class='wp-image-40400 avia-img-lazy-loading-not-40400 avia_image' src=\"https:\/\/radiorevelacionfm.cl\/wp-content\/uploads\/2024\/03\/cecrea5-1_optimized.jpg\" alt='' title='cecrea5-(1)_optimized' height=\"600\" width=\"997\"  itemprop=\"thumbnailUrl\" srcset=\"https:\/\/radiorevelacionfm.cl\/wp-content\/uploads\/2024\/03\/cecrea5-1_optimized.jpg 997w, https:\/\/radiorevelacionfm.cl\/wp-content\/uploads\/2024\/03\/cecrea5-1_optimized-300x181.jpg 300w, https:\/\/radiorevelacionfm.cl\/wp-content\/uploads\/2024\/03\/cecrea5-1_optimized-768x462.jpg 768w, https:\/\/radiorevelacionfm.cl\/wp-content\/uploads\/2024\/03\/cecrea5-1_optimized-705x424.jpg 705w, https:\/\/radiorevelacionfm.cl\/wp-content\/uploads\/2024\/03\/cecrea5-1_optimized-450x271.jpg 450w, https:\/\/radiorevelacionfm.cl\/wp-content\/uploads\/2024\/03\/cecrea5-1_optimized-600x361.jpg 600w\" sizes=\"(max-width: 997px) 100vw, 997px\" \/><\/div><\/div><\/div><\/div><div class=\"flex_column av_one_full  flex_column_div av-zero-column-padding first  avia-builder-el-2  el_after_av_one_full  el_before_av_one_full  column-top-margin\" style='border-radius:0px; '><section class=\"av_textblock_section \"  itemscope=\"itemscope\" itemtype=\"https:\/\/schema.org\/BlogPosting\" itemprop=\"blogPost\" ><div class='avia_textblock  '   itemprop=\"text\" ><p style=\"text-align: center;\"><span style=\"font-size: 18pt;\"><b>Cecrea Verano<\/b><b>\u00a0gener\u00f3 gran inter\u00e9s en ni\u00f1os, ni\u00f1as y j\u00f3venes de Coyhaique<\/b><\/span><\/p>\n<div id=\"gtx-trans\" style=\"position: absolute; left: -50px; top: 4.31534px;\">\n<div class=\"gtx-trans-icon\"><\/div>\n<\/div>\n<\/div><\/section><\/div><div class=\"flex_column av_one_full  flex_column_div av-zero-column-padding first  avia-builder-el-4  el_after_av_one_full  el_before_av_hr  column-top-margin\" style='border-radius:0px; '><section class=\"av_textblock_section \"  itemscope=\"itemscope\" itemtype=\"https:\/\/schema.org\/BlogPosting\" itemprop=\"blogPost\" ><div class='avia_textblock  '   itemprop=\"text\" ><p style=\"text-align: justify;\">La temporada estival est\u00e1 llegando a su fin y el programa Cecrea del Ministerio de las Culturas ha hecho un positivo balance de las actividades desarrolladas durante las vacaciones de ni\u00f1as, ni\u00f1os y j\u00f3venes de Coyhaique.<\/p>\n<p style=\"text-align: justify;\">En el Espacio Cecrea del Centro Cultural Coyhaique se desarrollaron 7 Laboratorios Creativos: 2 de Artes Esc\u00e9nicas, 2 de Artes Musicales, 2 de Artes Visuales y 1 en convergencia entre las tres \u00e1reas, con la participaci\u00f3n de 60 ni\u00f1as, ni\u00f1os y j\u00f3venes. Todas las convocatorias fueron abiertas a la comunidad y se\u00a0generaron estrategias que consideraron a padres, madres y tutores.<\/p>\n<p style=\"text-align: justify;\">Juanita Mardones, encargada de Cecrea Coyhaique, cree que \u201ccada a\u00f1o que pasa los ni\u00f1os, ni\u00f1as y j\u00f3venes que participan de los laboratorios, las escuchas creativas y todos nuestros procesos, incluidos los laboratorios de Cecrea Verano, se apropian de mejor manera de los m\u00e9todos que utilizamos, en los que ellos y ellas son los protagonistas; ellos proponen sus temas, sus inquietudes y las disciplinas que quieren aprender. Con todos y todas los inscritos recorrimos y observamos otros espacios del Centro Cultural, lo que los inspir\u00f3 a crear diversas obras de expresi\u00f3n corporal, pict\u00f3rica, musical o todas juntas\u201d.<\/p>\n<p style=\"text-align: justify;\">M\u00fasica, capoeira, arte textil, poes\u00eda y artes visuales fueron las disciplinas disponibles durante el verano y se dictaron en m\u00f3dulos 3 veces por semana, a cargo de facilitadores especialistas en cada \u00e1rea.<\/p>\n<p style=\"text-align: justify;\">Una de ellas es la dise\u00f1adora y fot\u00f3grafa Rosario Soffia, quien facilit\u00f3 los laboratorios creativos M\u00fasica en Escena: laboratorio de creaci\u00f3n corporal visual; Experimentos gr\u00e1ficos con luz; y Costura para crear, reparar y transformar: \u201cYo vi ni\u00f1os supermotivados, supercuriosos por aprender y comprometidos. La mayor\u00eda de los ni\u00f1os que asisti\u00f3 a las primeras sesiones se mantuvo hasta el final. En las convocatorias de verano ellos vienen a un tema espec\u00edfico, a diferencia de las actividades que hacemos durante el a\u00f1o con cursos completos. Entonces, se genera un ambiente m\u00e1s de club. Todos vienen con alg\u00fan nivel de inter\u00e9s en el tema que convoca. En el caso del laboratorio de Costura en particular, las ni\u00f1as estaban fascinadas con la m\u00e1quina de coser. Se valor\u00f3 mucho poder tenerla ah\u00ed, ya que no ten\u00edan acceso en su vida diaria a una m\u00e1quina de coser\u201d.<\/p>\n<p style=\"text-align: justify;\">El m\u00fasico Alejandro Vernal facilit\u00f3 laboratorios de m\u00fasica y cuenta que fue una gran experiencia, que las y los participantes pudieran usar el escenario principal del Centro Cultural: \u201cLos chicos la pasaron bien tocando instrumentos, creando una letra entretenida, casi de humor negro, incluso. Cada ni\u00f1o pudo vivir una labor como cantante, como m\u00fasico e incluso como director. En otro laboratorio se cre\u00f3 la banda Cecrea, donde los participantes tocaron teclados, percusi\u00f3n, cuerdas, tambi\u00e9n cantaron. Fue un momento bastante l\u00fadico. Mi principal conclusi\u00f3n es la importancia de la exploraci\u00f3n r\u00edtmica porque despierta mucha creatividad y ayuda mucho a las composiciones. El ritmo fue transversal en el per\u00edodo de verano\u201d.<\/p>\n<div style=\"text-align: justify;\"><\/div>\n<\/div><\/section><\/div><div  style='height:50px' class='hr hr-invisible   avia-builder-el-6  el_after_av_one_full  el_before_av_social_share '><span class='hr-inner ' ><span class='hr-inner-style'><\/span><\/span><\/div><\/p>\n<div  class='av-social-sharing-box  avia-builder-el-7  el_after_av_hr  el_before_av_hr  '><div class='av-share-box'><h5 class='av-share-link-description av-no-toc '>Compartir esta noticia<\/h5><ul class='av-share-box-list noLightbox'><li class='av-share-link av-social-link-facebook' ><a target=\"_blank\" aria-label=\"Compartir en Facebook\" href='https:\/\/www.facebook.com\/sharer.php?u=https:\/\/radiorevelacionfm.cl\/?p=40399&#038;t=Cecrea%20Verano%20gener%C3%B3%20gran%20inter%C3%A9s%20en%20ni%C3%B1os%2C%20ni%C3%B1as%20y%20j%C3%B3venes%20de%20Coyhaique' aria-hidden='false' data-av_icon='\ue8f3' data-av_iconfont='entypo-fontello' title='' data-avia-related-tooltip='Compartir en Facebook' rel=\"noopener\"><span class='avia_hidden_link_text'>Compartir en Facebook<\/span><\/a><\/li><li class='av-share-link av-social-link-twitter' ><a target=\"_blank\" aria-label=\"Compartir en Twitter\" href='https:\/\/twitter.com\/share?text=Cecrea%20Verano%20gener%C3%B3%20gran%20inter%C3%A9s%20en%20ni%C3%B1os%2C%20ni%C3%B1as%20y%20j%C3%B3venes%20de%20Coyhaique&#038;url=https:\/\/radiorevelacionfm.cl\/?p=40399' aria-hidden='false' data-av_icon='\ue8f1' data-av_iconfont='entypo-fontello' title='' data-avia-related-tooltip='Compartir en Twitter' rel=\"noopener\"><span class='avia_hidden_link_text'>Compartir en Twitter<\/span><\/a><\/li><li class='av-share-link av-social-link-whatsapp' ><a target=\"_blank\" aria-label=\"Compartir en Whatsapp\" href='https:\/\/api.whatsapp.com\/send?text=https:\/\/radiorevelacionfm.cl\/?p=40399' aria-hidden='false' data-av_icon='\uf232' data-av_iconfont='entypo-fontello' title='' data-avia-related-tooltip='Compartir en Whatsapp' rel=\"noopener\"><span class='avia_hidden_link_text'>Compartir en Whatsapp<\/span><\/a><\/li><li class='av-share-link av-social-link-linkedin' ><a target=\"_blank\" aria-label=\"Compartir en LinkedIn\" href='https:\/\/linkedin.com\/shareArticle?mini=true&#038;title=Cecrea%20Verano%20gener%C3%B3%20gran%20inter%C3%A9s%20en%20ni%C3%B1os%2C%20ni%C3%B1as%20y%20j%C3%B3venes%20de%20Coyhaique&#038;url=https:\/\/radiorevelacionfm.cl\/?p=40399' aria-hidden='false' data-av_icon='\ue8fc' data-av_iconfont='entypo-fontello' title='' data-avia-related-tooltip='Compartir en LinkedIn' rel=\"noopener\"><span class='avia_hidden_link_text'>Compartir en LinkedIn<\/span><\/a><\/li><li class='av-share-link av-social-link-mail' ><a  aria-label=\"Compartir por correo\" href='mailto:?subject=Cecrea%20Verano%20gener%C3%B3%20gran%20inter%C3%A9s%20en%20ni%C3%B1os%2C%20ni%C3%B1as%20y%20j%C3%B3venes%20de%20Coyhaique&#038;body=https:\/\/radiorevelacionfm.cl\/?p=40399' aria-hidden='false' data-av_icon='\ue805' data-av_iconfont='entypo-fontello' title='' data-avia-related-tooltip='Compartir por correo'><span class='avia_hidden_link_text'>Compartir por correo<\/span><\/a><\/li><\/ul><\/div><\/div>\n<div  style='height:50px' class='hr hr-invisible   avia-builder-el-8  el_after_av_social_share  el_before_av_comments_list '><span class='hr-inner ' ><span class='hr-inner-style'><\/span><\/span><\/div>\n<div  class='av-buildercomment  av-blog-meta-html-info-disabled av-blog-meta-tag-disabled  '><\/div>\n","protected":false},"excerpt":{"rendered":"","protected":false},"author":1,"featured_media":40400,"comment_status":"open","ping_status":"open","sticky":false,"template":"","format":"standard","meta":{"footnotes":""},"categories":[52],"tags":[],"class_list":["post-40399","post","type-post","status-publish","format-standard","has-post-thumbnail","hentry","category-cultura"],"jetpack_featured_media_url":"https:\/\/radiorevelacionfm.cl\/wp-content\/uploads\/2024\/03\/cecrea5-1_optimized.jpg","_links":{"self":[{"href":"https:\/\/radiorevelacionfm.cl\/index.php?rest_route=\/wp\/v2\/posts\/40399","targetHints":{"allow":["GET"]}}],"collection":[{"href":"https:\/\/radiorevelacionfm.cl\/index.php?rest_route=\/wp\/v2\/posts"}],"about":[{"href":"https:\/\/radiorevelacionfm.cl\/index.php?rest_route=\/wp\/v2\/types\/post"}],"author":[{"embeddable":true,"href":"https:\/\/radiorevelacionfm.cl\/index.php?rest_route=\/wp\/v2\/users\/1"}],"replies":[{"embeddable":true,"href":"https:\/\/radiorevelacionfm.cl\/index.php?rest_route=%2Fwp%2Fv2%2Fcomments&post=40399"}],"version-history":[{"count":1,"href":"https:\/\/radiorevelacionfm.cl\/index.php?rest_route=\/wp\/v2\/posts\/40399\/revisions"}],"predecessor-version":[{"id":40401,"href":"https:\/\/radiorevelacionfm.cl\/index.php?rest_route=\/wp\/v2\/posts\/40399\/revisions\/40401"}],"wp:featuredmedia":[{"embeddable":true,"href":"https:\/\/radiorevelacionfm.cl\/index.php?rest_route=\/wp\/v2\/media\/40400"}],"wp:attachment":[{"href":"https:\/\/radiorevelacionfm.cl\/index.php?rest_route=%2Fwp%2Fv2%2Fmedia&parent=40399"}],"wp:term":[{"taxonomy":"category","embeddable":true,"href":"https:\/\/radiorevelacionfm.cl\/index.php?rest_route=%2Fwp%2Fv2%2Fcategories&post=40399"},{"taxonomy":"post_tag","embeddable":true,"href":"https:\/\/radiorevelacionfm.cl\/index.php?rest_route=%2Fwp%2Fv2%2Ftags&post=40399"}],"curies":[{"name":"wp","href":"https:\/\/api.w.org\/{rel}","templated":true}]}}