{"id":40397,"date":"2024-03-15T20:04:50","date_gmt":"2024-03-15T23:04:50","guid":{"rendered":"https:\/\/radiorevelacionfm.cl\/?p=40397"},"modified":"2024-03-15T20:04:50","modified_gmt":"2024-03-15T23:04:50","slug":"fuas-2024-hasta-el-22-de-marzo-se-extiende-la-postulacion-a-la-gratuidad-y-beneficios-estudiantiles-para-la-educacion-superior","status":"publish","type":"post","link":"https:\/\/radiorevelacionfm.cl\/?p=40397","title":{"rendered":"FUAS 2024: Hasta el 22 de marzo se extiende la postulaci\u00f3n a la Gratuidad y beneficios estudiantiles para la educaci\u00f3n superior"},"content":{"rendered":"<div class=\"flex_column av_one_full  flex_column_div av-zero-column-padding first  avia-builder-el-0  el_before_av_one_full  avia-builder-el-first  \" style='border-radius:0px; '><div  class='avia-image-container  av-styling-    avia-builder-el-1  avia-builder-el-no-sibling  avia-align-center '  itemprop=\"image\" itemscope=\"itemscope\" itemtype=\"https:\/\/schema.org\/ImageObject\"  ><div class='avia-image-container-inner'><div class='avia-image-overlay-wrap'><img decoding=\"async\" class='wp-image-39014 avia-img-lazy-loading-not-39014 avia_image' src=\"https:\/\/radiorevelacionfm.cl\/wp-content\/uploads\/2024\/01\/Seremi-Isabel-Garrido-1-1.jpg\" alt='' title='Seremi-Isabel-Garrido (1) (1)' height=\"600\" width=\"901\"  itemprop=\"thumbnailUrl\" srcset=\"https:\/\/radiorevelacionfm.cl\/wp-content\/uploads\/2024\/01\/Seremi-Isabel-Garrido-1-1.jpg 901w, https:\/\/radiorevelacionfm.cl\/wp-content\/uploads\/2024\/01\/Seremi-Isabel-Garrido-1-1-300x200.jpg 300w, https:\/\/radiorevelacionfm.cl\/wp-content\/uploads\/2024\/01\/Seremi-Isabel-Garrido-1-1-768x511.jpg 768w, https:\/\/radiorevelacionfm.cl\/wp-content\/uploads\/2024\/01\/Seremi-Isabel-Garrido-1-1-705x469.jpg 705w, https:\/\/radiorevelacionfm.cl\/wp-content\/uploads\/2024\/01\/Seremi-Isabel-Garrido-1-1-450x300.jpg 450w, https:\/\/radiorevelacionfm.cl\/wp-content\/uploads\/2024\/01\/Seremi-Isabel-Garrido-1-1-600x400.jpg 600w\" sizes=\"(max-width: 901px) 100vw, 901px\" \/><\/div><\/div><\/div><\/div><div class=\"flex_column av_one_full  flex_column_div av-zero-column-padding first  avia-builder-el-2  el_after_av_one_full  el_before_av_one_full  column-top-margin\" style='border-radius:0px; '><section class=\"av_textblock_section \"  itemscope=\"itemscope\" itemtype=\"https:\/\/schema.org\/BlogPosting\" itemprop=\"blogPost\" ><div class='avia_textblock  '   itemprop=\"text\" ><p style=\"text-align: center;\"><span style=\"font-size: 18pt;\"><b>FUAS 2024: Hasta el 22 de marzo se extiende la postulaci\u00f3n a la Gratuidad y beneficios estudiantiles para la educaci\u00f3n superior<\/b><\/span><\/p>\n<div id=\"gtx-trans\" style=\"position: absolute; left: -50px; top: 4.31534px;\">\n<div class=\"gtx-trans-icon\"><\/div>\n<\/div>\n<\/div><\/section><\/div><div class=\"flex_column av_one_full  flex_column_div av-zero-column-padding first  avia-builder-el-4  el_after_av_one_full  el_before_av_hr  column-top-margin\" style='border-radius:0px; '><section class=\"av_textblock_section \"  itemscope=\"itemscope\" itemtype=\"https:\/\/schema.org\/BlogPosting\" itemprop=\"blogPost\" ><div class='avia_textblock  '   itemprop=\"text\" ><p class=\"v1MsoNormal\" style=\"text-align: justify;\"><i>El Ministerio de Educaci\u00f3n extendi\u00f3 el plazo del primer proceso de postulaci\u00f3n al Formulario \u00danico de Acreditaci\u00f3n Socioecon\u00f3mica (FUAS) hasta el viernes 22 de marzo a las 14:00 horas<\/i><i>.<\/i><\/p>\n<p class=\"v1MsoNormal\" style=\"text-align: justify;\"><u>En Ays\u00e9n, 1.125 estudiantes provenientes de la regi\u00f3n obtuvieron beneficios estudiantiles en esta primera asignaci\u00f3n. De estos, 896 estudiantes obtuvieron gratuidad.<\/u><\/p>\n<p class=\"v1MsoNormal\" style=\"text-align: justify;\">A un mes de la apertura del proceso de postulaci\u00f3n a la Gratuidad y otros beneficios estudiantiles para la educaci\u00f3n superior 2024 a trav\u00e9s del Formulario \u00danico de Acreditaci\u00f3n Socioecon\u00f3mica (FUAS), el Ministerio de Educaci\u00f3n inform\u00f3 la extensi\u00f3n del plazo para postular por siete d\u00edas m\u00e1s. Las y los interesados podr\u00e1n realizar el tr\u00e1mite a trav\u00e9s de celulares, tablets o computadores en\u00a0<a href=\"http:\/\/www.fuas.cl\/\" target=\"_blank\" rel=\"noopener noreferrer\">www.fuas.cl<\/a>, hasta el viernes 22 de marzo de 2024 a las 14:00 horas.<\/p>\n<p class=\"v1MsoNormal\" style=\"text-align: justify;\">Cabe recordar que, a trav\u00e9s del FUAS, las y los estudiantes deben informar sus antecedentes familiares y socioecon\u00f3micos. Luego, el Mineduc, a trav\u00e9s de la Subsecretar\u00eda de Educaci\u00f3n Superior, validar\u00e1 estos datos y determinar\u00e1 el nivel de ingresos y el cumplimiento de los dem\u00e1s requisitos establecidos en la normativa para el otorgamiento de los distintos beneficios estudiantiles del Estado.<\/p>\n<p class=\"v1MsoNormal\" style=\"text-align: justify;\">Deber\u00e1n completar el formulario online y postular a la Gratuidad y a otros beneficios quienes deseen ingresar en 2024 a centros de formaci\u00f3n t\u00e9cnica, institutos profesionales o universidades, o quienes ya est\u00e1n cursando una carrera y no cuenten con ayudas estudiantiles, o bien quieran optar a alguna que se ajuste mejor a sus necesidades.<\/p>\n<p class=\"v1MsoNormal\" style=\"text-align: justify;\">La Seremi de Educaci\u00f3n de Ays\u00e9n Isabel Garrido inform\u00f3 que 1.125 estudiantes provenientes de la regi\u00f3n obtuvieron beneficios estudiantiles en esta primera asignaci\u00f3n. De estos, 896 estudiantes obtuvieron gratuidad; 169 becas y 60 de Fondo Solidario de Cr\u00e9dito Universitario.<\/p>\n<p class=\"v1MsoNormal\" style=\"text-align: justify;\">\u201cLlamamos a las y los j\u00f3venes a que pongan atenci\u00f3n a estas etapas de postulaci\u00f3n. Tenemos un compromiso como Gobierno de\u00a0democratizar\u00a0el acceso a la educaci\u00f3n superior y esta es una muy buena oportunidad para explorar las ayudas que el Estado tiene disponibles para ellas y ellos. Por eso el Ministerio de Educaci\u00f3n\u00a0 realiza una extensi\u00f3n del plazo, para que quienes por cualquier motivo no alcanzaron a completar el FUAS puedan hacerlo. Queremos que todas las personas puedan estudiar la carrera de sus sue\u00f1os y centrar sus preocupaciones en las exigencias acad\u00e9micas m\u00e1s que en financiar sus estudios\u201d.<\/p>\n<p class=\"v1MsoNormal\" style=\"text-align: justify;\">La autoridad regional recalc\u00f3 que las y los postulantes pueden ingresar a\u00a0<a href=\"http:\/\/www.fuas.cl\/\" target=\"_blank\" rel=\"noopener noreferrer\">www.fuas.cl<\/a>\u00a0en cualquier momento, pues la plataforma est\u00e1 operativa las 24 horas, incluidos los fines de semana y los d\u00edas festivos.<\/p>\n<p class=\"v1MsoNormal\" style=\"text-align: justify;\">\u201cNo importa si lo hacen desde un celular, tablet o computador. Lo importante es que ingresen a la p\u00e1gina de FUAS y postulen. Chile necesita que m\u00e1s j\u00f3venes se capaciten en pro del desarrollo que el pa\u00eds busca\u201d.<\/p>\n<p class=\"v1MsoNormal\" style=\"text-align: justify;\"><b>\u00bfQu\u00e9 beneficios entrega el Estado?<\/b><\/p>\n<p class=\"v1MsoNormal\" style=\"text-align: justify;\">Los beneficios estudiantiles para la educaci\u00f3n superior que entrega el Estado incluyen la Gratuidad, 18 becas y dos tipos de cr\u00e9ditos.<\/p>\n<p class=\"v1MsoNormal\" style=\"text-align: justify;\">Las becas disponibles son: Bicentenario, Nuevo Milenio, Juan G\u00f3mez Millas para chilenas\/os, Juan G\u00f3mez Millas para extranjeras\/os, Excelencia Acad\u00e9mica, Distinci\u00f3n a las Trayectorias Educativas (DTE), Excelencia T\u00e9cnica, Hijas\/os de Profesionales de la Educaci\u00f3n, Articulaci\u00f3n, Estudiantes en Situaci\u00f3n de Discapacidad, Continuidad de Estudios para Instituciones en Cierre (cuatro becas diferentes), Vocaci\u00f3n de Profesor (tres becas diferentes) y Reparaci\u00f3n. Para postular a la Beca Vocaci\u00f3n de Profesor y a la Beca de Reparaci\u00f3n se debe llenar un formulario especial disponible en el mismo sitio.<\/p>\n<p class=\"v1MsoNormal\" style=\"text-align: justify;\">Los cr\u00e9ditos para financiar estudios superiores son el Fondo Solidario de Cr\u00e9dito Universitario y el Cr\u00e9dito con Garant\u00eda Estatal (CAE). El detalle de cada una de estas ayudas se puede consultar en\u00a0<a href=\"http:\/\/www.beneficiosestudiantiles.cl\/\" target=\"_blank\" rel=\"noopener noreferrer\">beneficiosestudiantiles.cl<\/a>.<\/p>\n<p class=\"v1MsoNormal\" style=\"text-align: justify;\">Cabe recordar que en 2023 el Estado otorg\u00f3 m\u00e1s de 652 mil beneficios estudiantiles, y que de ellos m\u00e1s de 511 mil corresponden a la Gratuidad. Por eso el llamado es a postular en el plazo establecido e informarse a trav\u00e9s de los canales dispuestos por el Ministerio de Educaci\u00f3n y la Subsecretar\u00eda de Educaci\u00f3n Superior: sus portales, redes sociales y el call center Ayuda Mineduc 600 600 2626.<\/p>\n<\/div><\/section><\/div><div  style='height:50px' class='hr hr-invisible   avia-builder-el-6  el_after_av_one_full  el_before_av_social_share '><span class='hr-inner ' ><span class='hr-inner-style'><\/span><\/span><\/div><\/p>\n<div  class='av-social-sharing-box  avia-builder-el-7  el_after_av_hr  el_before_av_hr  '><div class='av-share-box'><h5 class='av-share-link-description av-no-toc '>Compartir esta noticia<\/h5><ul class='av-share-box-list noLightbox'><li class='av-share-link av-social-link-facebook' ><a target=\"_blank\" aria-label=\"Compartir en Facebook\" href='https:\/\/www.facebook.com\/sharer.php?u=https:\/\/radiorevelacionfm.cl\/?p=40397&#038;t=FUAS%202024%3A%20Hasta%20el%2022%20de%20marzo%20se%20extiende%20la%20postulaci%C3%B3n%20a%20la%20Gratuidad%20y%20beneficios%20estudiantiles%20para%20la%20educaci%C3%B3n%20superior' aria-hidden='false' data-av_icon='\ue8f3' data-av_iconfont='entypo-fontello' title='' data-avia-related-tooltip='Compartir en Facebook' rel=\"noopener\"><span class='avia_hidden_link_text'>Compartir en Facebook<\/span><\/a><\/li><li class='av-share-link av-social-link-twitter' ><a target=\"_blank\" aria-label=\"Compartir en Twitter\" href='https:\/\/twitter.com\/share?text=FUAS%202024%3A%20Hasta%20el%2022%20de%20marzo%20se%20extiende%20la%20postulaci%C3%B3n%20a%20la%20Gratuidad%20y%20beneficios%20estudiantiles%20para%20la%20educaci%C3%B3n%20superior&#038;url=https:\/\/radiorevelacionfm.cl\/?p=40397' aria-hidden='false' data-av_icon='\ue8f1' data-av_iconfont='entypo-fontello' title='' data-avia-related-tooltip='Compartir en Twitter' rel=\"noopener\"><span class='avia_hidden_link_text'>Compartir en Twitter<\/span><\/a><\/li><li class='av-share-link av-social-link-whatsapp' ><a target=\"_blank\" aria-label=\"Compartir en Whatsapp\" href='https:\/\/api.whatsapp.com\/send?text=https:\/\/radiorevelacionfm.cl\/?p=40397' aria-hidden='false' data-av_icon='\uf232' data-av_iconfont='entypo-fontello' title='' data-avia-related-tooltip='Compartir en Whatsapp' rel=\"noopener\"><span class='avia_hidden_link_text'>Compartir en Whatsapp<\/span><\/a><\/li><li class='av-share-link av-social-link-linkedin' ><a target=\"_blank\" aria-label=\"Compartir en LinkedIn\" href='https:\/\/linkedin.com\/shareArticle?mini=true&#038;title=FUAS%202024%3A%20Hasta%20el%2022%20de%20marzo%20se%20extiende%20la%20postulaci%C3%B3n%20a%20la%20Gratuidad%20y%20beneficios%20estudiantiles%20para%20la%20educaci%C3%B3n%20superior&#038;url=https:\/\/radiorevelacionfm.cl\/?p=40397' aria-hidden='false' data-av_icon='\ue8fc' data-av_iconfont='entypo-fontello' title='' data-avia-related-tooltip='Compartir en LinkedIn' rel=\"noopener\"><span class='avia_hidden_link_text'>Compartir en LinkedIn<\/span><\/a><\/li><li class='av-share-link av-social-link-mail' ><a  aria-label=\"Compartir por correo\" href='mailto:?subject=FUAS%202024%3A%20Hasta%20el%2022%20de%20marzo%20se%20extiende%20la%20postulaci%C3%B3n%20a%20la%20Gratuidad%20y%20beneficios%20estudiantiles%20para%20la%20educaci%C3%B3n%20superior&#038;body=https:\/\/radiorevelacionfm.cl\/?p=40397' aria-hidden='false' data-av_icon='\ue805' data-av_iconfont='entypo-fontello' title='' data-avia-related-tooltip='Compartir por correo'><span class='avia_hidden_link_text'>Compartir por correo<\/span><\/a><\/li><\/ul><\/div><\/div>\n<div  style='height:50px' class='hr hr-invisible   avia-builder-el-8  el_after_av_social_share  el_before_av_comments_list '><span class='hr-inner ' ><span class='hr-inner-style'><\/span><\/span><\/div>\n<div  class='av-buildercomment  av-blog-meta-html-info-disabled av-blog-meta-tag-disabled  '><\/div>\n","protected":false},"excerpt":{"rendered":"","protected":false},"author":1,"featured_media":39014,"comment_status":"open","ping_status":"open","sticky":false,"template":"","format":"standard","meta":{"footnotes":""},"categories":[49],"tags":[],"class_list":["post-40397","post","type-post","status-publish","format-standard","has-post-thumbnail","hentry","category-educacion"],"jetpack_featured_media_url":"https:\/\/radiorevelacionfm.cl\/wp-content\/uploads\/2024\/01\/Seremi-Isabel-Garrido-1-1.jpg","_links":{"self":[{"href":"https:\/\/radiorevelacionfm.cl\/index.php?rest_route=\/wp\/v2\/posts\/40397","targetHints":{"allow":["GET"]}}],"collection":[{"href":"https:\/\/radiorevelacionfm.cl\/index.php?rest_route=\/wp\/v2\/posts"}],"about":[{"href":"https:\/\/radiorevelacionfm.cl\/index.php?rest_route=\/wp\/v2\/types\/post"}],"author":[{"embeddable":true,"href":"https:\/\/radiorevelacionfm.cl\/index.php?rest_route=\/wp\/v2\/users\/1"}],"replies":[{"embeddable":true,"href":"https:\/\/radiorevelacionfm.cl\/index.php?rest_route=%2Fwp%2Fv2%2Fcomments&post=40397"}],"version-history":[{"count":1,"href":"https:\/\/radiorevelacionfm.cl\/index.php?rest_route=\/wp\/v2\/posts\/40397\/revisions"}],"predecessor-version":[{"id":40398,"href":"https:\/\/radiorevelacionfm.cl\/index.php?rest_route=\/wp\/v2\/posts\/40397\/revisions\/40398"}],"wp:featuredmedia":[{"embeddable":true,"href":"https:\/\/radiorevelacionfm.cl\/index.php?rest_route=\/wp\/v2\/media\/39014"}],"wp:attachment":[{"href":"https:\/\/radiorevelacionfm.cl\/index.php?rest_route=%2Fwp%2Fv2%2Fmedia&parent=40397"}],"wp:term":[{"taxonomy":"category","embeddable":true,"href":"https:\/\/radiorevelacionfm.cl\/index.php?rest_route=%2Fwp%2Fv2%2Fcategories&post=40397"},{"taxonomy":"post_tag","embeddable":true,"href":"https:\/\/radiorevelacionfm.cl\/index.php?rest_route=%2Fwp%2Fv2%2Ftags&post=40397"}],"curies":[{"name":"wp","href":"https:\/\/api.w.org\/{rel}","templated":true}]}}