{"id":40394,"date":"2024-03-15T17:09:54","date_gmt":"2024-03-15T20:09:54","guid":{"rendered":"https:\/\/radiorevelacionfm.cl\/?p=40394"},"modified":"2024-03-15T17:09:54","modified_gmt":"2024-03-15T20:09:54","slug":"conmemoracion-del-8m-en-coyhaique-conto-con-presencia-de-ministra-jara-y-mas-de-160-personas-que-reconocieron-la-gestion-comunitaria-de-8-mujeres","status":"publish","type":"post","link":"https:\/\/radiorevelacionfm.cl\/?p=40394","title":{"rendered":"Conmemoraci\u00f3n del 8M en Coyhaique cont\u00f3 con presencia de Ministra Jara y m\u00e1s de 160 personas que reconocieron la gesti\u00f3n comunitaria de 8 mujeres"},"content":{"rendered":"<div class=\"flex_column av_one_full  flex_column_div av-zero-column-padding first  avia-builder-el-0  el_before_av_one_full  avia-builder-el-first  \" style='border-radius:0px; '><div  class='avia-image-container  av-styling-    avia-builder-el-1  avia-builder-el-no-sibling  avia-align-center '  itemprop=\"image\" itemscope=\"itemscope\" itemtype=\"https:\/\/schema.org\/ImageObject\"  ><div class='avia-image-container-inner'><div class='avia-image-overlay-wrap'><img decoding=\"async\" class='wp-image-40395 avia-img-lazy-loading-not-40395 avia_image' src=\"https:\/\/radiorevelacionfm.cl\/wp-content\/uploads\/2024\/03\/IMG-2-1-1.jpg\" alt='' title='IMG 2 (1) (1)' height=\"600\" width=\"800\"  itemprop=\"thumbnailUrl\" srcset=\"https:\/\/radiorevelacionfm.cl\/wp-content\/uploads\/2024\/03\/IMG-2-1-1.jpg 800w, https:\/\/radiorevelacionfm.cl\/wp-content\/uploads\/2024\/03\/IMG-2-1-1-300x225.jpg 300w, https:\/\/radiorevelacionfm.cl\/wp-content\/uploads\/2024\/03\/IMG-2-1-1-768x576.jpg 768w, https:\/\/radiorevelacionfm.cl\/wp-content\/uploads\/2024\/03\/IMG-2-1-1-705x529.jpg 705w, https:\/\/radiorevelacionfm.cl\/wp-content\/uploads\/2024\/03\/IMG-2-1-1-450x338.jpg 450w, https:\/\/radiorevelacionfm.cl\/wp-content\/uploads\/2024\/03\/IMG-2-1-1-600x450.jpg 600w\" sizes=\"(max-width: 800px) 100vw, 800px\" \/><\/div><\/div><\/div><\/div><div class=\"flex_column av_one_full  flex_column_div av-zero-column-padding first  avia-builder-el-2  el_after_av_one_full  el_before_av_one_full  column-top-margin\" style='border-radius:0px; '><section class=\"av_textblock_section \"  itemscope=\"itemscope\" itemtype=\"https:\/\/schema.org\/BlogPosting\" itemprop=\"blogPost\" ><div class='avia_textblock  '   itemprop=\"text\" ><p style=\"text-align: center;\"><span style=\"font-size: 18pt;\"><b>Conmemoraci\u00f3n del 8M en Coyhaique cont\u00f3 con presencia de Ministra Jara y m\u00e1s de 160 personas que reconocieron la gesti\u00f3n comunitaria de 8 mujeres<\/b><\/span><\/p>\n<div id=\"gtx-trans\" style=\"position: absolute; left: -50px; top: 4.31534px;\">\n<div class=\"gtx-trans-icon\"><\/div>\n<\/div>\n<\/div><\/section><\/div><div class=\"flex_column av_one_full  flex_column_div av-zero-column-padding first  avia-builder-el-4  el_after_av_one_full  el_before_av_hr  column-top-margin\" style='border-radius:0px; '><section class=\"av_textblock_section \"  itemscope=\"itemscope\" itemtype=\"https:\/\/schema.org\/BlogPosting\" itemprop=\"blogPost\" ><div class='avia_textblock  '   itemprop=\"text\" ><p style=\"text-align: justify;\">A mediod\u00eda del pasado martes, m\u00e1s de 160 personas participaron en el hito regional de Conmemoraci\u00f3n del D\u00eda Internacional de la Mujer \u2013 8M en una ceremonia que estuvo encabezada por la Ministra del Trabajo y Previsi\u00f3n Social, Jeannette Jara Rom\u00e1n; el Delegado Presidencial Regional de Ays\u00e9n, Rodrigo Araya Morales; la Gobernadora Regional, Andrea Mac\u00edas Palma; la concejala Ana Mar\u00eda Navarrete Arriaza en representaci\u00f3n del Alcalde de Coyhaique, Carlos Gatica Villegas; la Seremi de la Mujer y la Equidad de G\u00e9nero, Andrea M\u00e9ndez Valenzuela y las directoras regionales de SernamEG, Patricia Baeza Cabezas y, de Prodemu, Ingrid Osorio Santana.<\/p>\n<p style=\"text-align: justify;\">Durante la actividad, las autoridades destacaron importantes avances en materia legislativa mencionando la Ley de Violencia Integral, Ley de 40 Horas y Ley Karin; relevaron la necesidad de reconocer el trabajo dom\u00e9stico e incentivar la corresponsabilidad en tareas de cuidados y de comprometer el trabajo interinstitucional para fortalecer la red de apoyo y servicios que son usuarias de la oferta program\u00e1tica de SernamEG y Prodemu.<\/p>\n<p style=\"text-align: justify;\">Al respecto, el Delegado Presidencial Regional de Ays\u00e9n, Rodrigo Araya Morales, se\u00f1al\u00f3 que \u201cTenemos un amplio calendario de actividades durante este mes en nuestra regi\u00f3n, pensando siempre en invitar a todas las personas a hacer una reflexi\u00f3n en torno a c\u00f3mo avanzar y mejorar el trato equitativo entre hombres y mujeres en nuestro pa\u00eds. Destacar la aprobaci\u00f3n de la Ley Integral contra la Violencia hacia la Mujer permitir\u00e1 distintas mejoras no solo en la persecuci\u00f3n de los delitos, sino que tambi\u00e9n en el trato y acompa\u00f1amiento de las mujeres y sus hijos\u201d, se\u00f1al\u00f3\u201d.<\/p>\n<p style=\"text-align: justify;\">La Gobernadora Andrea Mac\u00edas Palma agreg\u00f3 que \u201cme siento muy contenta de haber podido participar en este hito del 8M, encabezado por la Ministra del Trabajo, Jeannette Jara, qui\u00e9n adem\u00e1s tuvo la oportunidad de poder compartir con nosotros y poder reconocer los avances que han habido en materia de Agenda de G\u00e9nero en la administraci\u00f3n del Presidente Boric. \u00a0Como ejecutivo del Gobierno Regional tambi\u00e9n y en consideraci\u00f3n al conocimiento y conversaciones que hemos tenido con la SEREMI del sector y con la Directora del SernamEG, es que somos conscientes de la necesidad que existe de poder realizar mejoras, por ejemplo, en la conservaci\u00f3n e implementaci\u00f3n de la Casa de Acogida, que es el \u00fanico dispositivo en la regi\u00f3n que trabaja con mujeres en riesgo vital, por lo tanto hemos hecho un compromiso tambi\u00e9n de poder avanzar en esa materia, as\u00ed como seguir profundizando los lazos que nos permitan llegar con una oferta p\u00fablica, ojal\u00e1 regional, para poder trabajar en disminuir aquellas violencias de g\u00e9nero que a\u00fan existen y de esa forma ir abriendo m\u00e1s espacio y mayor igualdad\u201d.<\/p>\n<p style=\"text-align: justify;\">Por su parte, y en representaci\u00f3n del Alcalde de Coyhaique, Carlos Gatica Villegas, la concejala Ana Mar\u00eda Navarrete Arriaza recalc\u00f3 el tono solemne de la ceremonia \u201ccon el reconocimiento a muchas mujeres que tienen un valor especial por el \u00e1rea a la que se dedica cada una de ella, por lo que han entregado a nuestra comunidad y tambi\u00e9n por lo que nosotros reconocemos en ellas y en cada una de ellas. El valor de la mujer en nuestra sociedad, del valor de todo lo que representa, un rol de mujer madre, trabajadora, cuidadora y la presencia de las autoridades tambi\u00e9n, que se est\u00e1 trabajando tanto en derechos en g\u00e9nero, como derechos sexuales y reproductivos que son tan importantes hoy en d\u00eda. Todos los avances que ha logrado este gobierno nos llevan a una mejor sociedad y a un mejor pasar de muchas mujeres de nuestro pa\u00eds y de nuestra regi\u00f3n y de nuestra comuna\u201d.<\/p>\n<p style=\"text-align: justify;\">La Seremi de la Mujer y la Equidad de G\u00e9nero, Andrea M\u00e9ndez Valenzuela valor\u00f3 la recientemente aprobada Ley de Violencia Integral recalcando que \u201ces un orgullo poder expresar los importantes alcances en la ampliaci\u00f3n de derechos que hemos podido garantizar en estos dos a\u00f1os de Gobierno, como lo ha sido la Ley de Responsabilidad Parental y Pago Efectivo de la Pensi\u00f3n de Alimento y la recientemente aprobada Ley Integral por el Derecho de las Mujeres a una Vida Libre de Violencias\u201d.<\/p>\n<p style=\"text-align: justify;\">Durante la ceremonia, se reconoci\u00f3 la trayectoria y aporte social que han realizado a lo largo de su vida ocho mujeres de la capital de la regi\u00f3n de Ays\u00e9n, gracias a su incansable trabajo en gesti\u00f3n territorial en distintas materias. Fue as\u00ed como Evelyn Retamales \u00c1guila; Marisol Soto Rivas; Ver\u00f3nica Lengue Vera; Yasna Oyarz\u00fan P\u00e9rez; Susana Guti\u00e9rrez Vera; Karla Morales Sandoval; Iris Guzm\u00e1n Correa y Naishla Laibe Duran fueron galardonadas por su destacada participaci\u00f3n en las artes, dirigencia social, activismo, el mundo empresarial, docencia y la labor p\u00fablica.<\/p>\n<p style=\"text-align: justify;\">Evelyn Retamales \u00c1guila, una de las mujeres destacadas, coment\u00f3 que \u201csiento de coraz\u00f3n que no fui s\u00f3lo yo, ten\u00eda a todas en mi coraz\u00f3n. Represent\u00e9 a todas esas mujeres que comparten d\u00eda a d\u00eda conmigo, que luchan por ser mejores, que batallan d\u00eda a d\u00eda con sus inseguridades, con lo dura que es la sociedad con nosotras; a mis amigas, madres, trabajadoras que llegan cansadas al fin del d\u00eda laboral y que deben seguir con las tareas del hogar, a esa mujer que est\u00e1 viviendo sus procesos internos, represento a esa adolescente que fue madre a los 15 a\u00f1os y que hoy llega al coraz\u00f3n de muchas personas inspirando a j\u00f3venes, ni\u00f1as y ni\u00f1os, mujeres y porque no decir tambi\u00e9n hombres\u201d.<\/p>\n<\/div><\/section><\/div><div  style='height:50px' class='hr hr-invisible   avia-builder-el-6  el_after_av_one_full  el_before_av_social_share '><span class='hr-inner ' ><span class='hr-inner-style'><\/span><\/span><\/div><\/p>\n<div  class='av-social-sharing-box  avia-builder-el-7  el_after_av_hr  el_before_av_hr  '><div class='av-share-box'><h5 class='av-share-link-description av-no-toc '>Compartir esta noticia<\/h5><ul class='av-share-box-list noLightbox'><li class='av-share-link av-social-link-facebook' ><a target=\"_blank\" aria-label=\"Compartir en Facebook\" href='https:\/\/www.facebook.com\/sharer.php?u=https:\/\/radiorevelacionfm.cl\/?p=40394&#038;t=Conmemoraci%C3%B3n%20del%208M%20en%20Coyhaique%20cont%C3%B3%20con%20presencia%20de%20Ministra%20Jara%20y%20m%C3%A1s%20de%20160%20personas%20que%20reconocieron%20la%20gesti%C3%B3n%20comunitaria%20de%208%20mujeres' aria-hidden='false' data-av_icon='\ue8f3' data-av_iconfont='entypo-fontello' title='' data-avia-related-tooltip='Compartir en Facebook' rel=\"noopener\"><span class='avia_hidden_link_text'>Compartir en Facebook<\/span><\/a><\/li><li class='av-share-link av-social-link-twitter' ><a target=\"_blank\" aria-label=\"Compartir en Twitter\" href='https:\/\/twitter.com\/share?text=Conmemoraci%C3%B3n%20del%208M%20en%20Coyhaique%20cont%C3%B3%20con%20presencia%20de%20Ministra%20Jara%20y%20m%C3%A1s%20de%20160%20personas%20que%20reconocieron%20la%20gesti%C3%B3n%20comunitaria%20de%208%20mujeres&#038;url=https:\/\/radiorevelacionfm.cl\/?p=40394' aria-hidden='false' data-av_icon='\ue8f1' data-av_iconfont='entypo-fontello' title='' data-avia-related-tooltip='Compartir en Twitter' rel=\"noopener\"><span class='avia_hidden_link_text'>Compartir en Twitter<\/span><\/a><\/li><li class='av-share-link av-social-link-whatsapp' ><a target=\"_blank\" aria-label=\"Compartir en Whatsapp\" href='https:\/\/api.whatsapp.com\/send?text=https:\/\/radiorevelacionfm.cl\/?p=40394' aria-hidden='false' data-av_icon='\uf232' data-av_iconfont='entypo-fontello' title='' data-avia-related-tooltip='Compartir en Whatsapp' rel=\"noopener\"><span class='avia_hidden_link_text'>Compartir en Whatsapp<\/span><\/a><\/li><li class='av-share-link av-social-link-linkedin' ><a target=\"_blank\" aria-label=\"Compartir en LinkedIn\" href='https:\/\/linkedin.com\/shareArticle?mini=true&#038;title=Conmemoraci%C3%B3n%20del%208M%20en%20Coyhaique%20cont%C3%B3%20con%20presencia%20de%20Ministra%20Jara%20y%20m%C3%A1s%20de%20160%20personas%20que%20reconocieron%20la%20gesti%C3%B3n%20comunitaria%20de%208%20mujeres&#038;url=https:\/\/radiorevelacionfm.cl\/?p=40394' aria-hidden='false' data-av_icon='\ue8fc' data-av_iconfont='entypo-fontello' title='' data-avia-related-tooltip='Compartir en LinkedIn' rel=\"noopener\"><span class='avia_hidden_link_text'>Compartir en LinkedIn<\/span><\/a><\/li><li class='av-share-link av-social-link-mail' ><a  aria-label=\"Compartir por correo\" href='mailto:?subject=Conmemoraci%C3%B3n%20del%208M%20en%20Coyhaique%20cont%C3%B3%20con%20presencia%20de%20Ministra%20Jara%20y%20m%C3%A1s%20de%20160%20personas%20que%20reconocieron%20la%20gesti%C3%B3n%20comunitaria%20de%208%20mujeres&#038;body=https:\/\/radiorevelacionfm.cl\/?p=40394' aria-hidden='false' data-av_icon='\ue805' data-av_iconfont='entypo-fontello' title='' data-avia-related-tooltip='Compartir por correo'><span class='avia_hidden_link_text'>Compartir por correo<\/span><\/a><\/li><\/ul><\/div><\/div>\n<div  style='height:50px' class='hr hr-invisible   avia-builder-el-8  el_after_av_social_share  el_before_av_comments_list '><span class='hr-inner ' ><span class='hr-inner-style'><\/span><\/span><\/div>\n<div  class='av-buildercomment  av-blog-meta-html-info-disabled av-blog-meta-tag-disabled  '><\/div>\n","protected":false},"excerpt":{"rendered":"","protected":false},"author":1,"featured_media":40395,"comment_status":"open","ping_status":"open","sticky":false,"template":"","format":"standard","meta":{"footnotes":""},"categories":[38],"tags":[],"class_list":["post-40394","post","type-post","status-publish","format-standard","has-post-thumbnail","hentry","category-regional"],"jetpack_featured_media_url":"https:\/\/radiorevelacionfm.cl\/wp-content\/uploads\/2024\/03\/IMG-2-1-1.jpg","_links":{"self":[{"href":"https:\/\/radiorevelacionfm.cl\/index.php?rest_route=\/wp\/v2\/posts\/40394","targetHints":{"allow":["GET"]}}],"collection":[{"href":"https:\/\/radiorevelacionfm.cl\/index.php?rest_route=\/wp\/v2\/posts"}],"about":[{"href":"https:\/\/radiorevelacionfm.cl\/index.php?rest_route=\/wp\/v2\/types\/post"}],"author":[{"embeddable":true,"href":"https:\/\/radiorevelacionfm.cl\/index.php?rest_route=\/wp\/v2\/users\/1"}],"replies":[{"embeddable":true,"href":"https:\/\/radiorevelacionfm.cl\/index.php?rest_route=%2Fwp%2Fv2%2Fcomments&post=40394"}],"version-history":[{"count":1,"href":"https:\/\/radiorevelacionfm.cl\/index.php?rest_route=\/wp\/v2\/posts\/40394\/revisions"}],"predecessor-version":[{"id":40396,"href":"https:\/\/radiorevelacionfm.cl\/index.php?rest_route=\/wp\/v2\/posts\/40394\/revisions\/40396"}],"wp:featuredmedia":[{"embeddable":true,"href":"https:\/\/radiorevelacionfm.cl\/index.php?rest_route=\/wp\/v2\/media\/40395"}],"wp:attachment":[{"href":"https:\/\/radiorevelacionfm.cl\/index.php?rest_route=%2Fwp%2Fv2%2Fmedia&parent=40394"}],"wp:term":[{"taxonomy":"category","embeddable":true,"href":"https:\/\/radiorevelacionfm.cl\/index.php?rest_route=%2Fwp%2Fv2%2Fcategories&post=40394"},{"taxonomy":"post_tag","embeddable":true,"href":"https:\/\/radiorevelacionfm.cl\/index.php?rest_route=%2Fwp%2Fv2%2Ftags&post=40394"}],"curies":[{"name":"wp","href":"https:\/\/api.w.org\/{rel}","templated":true}]}}