{"id":40391,"date":"2024-03-15T15:01:11","date_gmt":"2024-03-15T18:01:11","guid":{"rendered":"https:\/\/radiorevelacionfm.cl\/?p=40391"},"modified":"2024-03-15T15:01:11","modified_gmt":"2024-03-15T18:01:11","slug":"abren-concurso-que-premia-asistencia-en-educacion-parvularia-con-16-viajes-a-la-nasa","status":"publish","type":"post","link":"https:\/\/radiorevelacionfm.cl\/?p=40391","title":{"rendered":"Abren concurso que premia asistencia en educaci\u00f3n parvularia con 16 viajes a la Nasa"},"content":{"rendered":"<div class=\"flex_column av_one_full  flex_column_div av-zero-column-padding first  avia-builder-el-0  el_before_av_one_full  avia-builder-el-first  \" style='border-radius:0px; '><div  class='avia-image-container  av-styling-    avia-builder-el-1  avia-builder-el-no-sibling  avia-align-center '  itemprop=\"image\" itemscope=\"itemscope\" itemtype=\"https:\/\/schema.org\/ImageObject\"  ><div class='avia-image-container-inner'><div class='avia-image-overlay-wrap'><img decoding=\"async\" class='wp-image-40392 avia-img-lazy-loading-not-40392 avia_image' src=\"https:\/\/radiorevelacionfm.cl\/wp-content\/uploads\/2024\/03\/Foto-CP-HQD-2024-1-1.jpeg\" alt='' title='Foto CP-HQD 2024 (1) (1)' height=\"600\" width=\"800\"  itemprop=\"thumbnailUrl\" srcset=\"https:\/\/radiorevelacionfm.cl\/wp-content\/uploads\/2024\/03\/Foto-CP-HQD-2024-1-1.jpeg 800w, https:\/\/radiorevelacionfm.cl\/wp-content\/uploads\/2024\/03\/Foto-CP-HQD-2024-1-1-300x225.jpeg 300w, https:\/\/radiorevelacionfm.cl\/wp-content\/uploads\/2024\/03\/Foto-CP-HQD-2024-1-1-768x576.jpeg 768w, https:\/\/radiorevelacionfm.cl\/wp-content\/uploads\/2024\/03\/Foto-CP-HQD-2024-1-1-705x529.jpeg 705w, https:\/\/radiorevelacionfm.cl\/wp-content\/uploads\/2024\/03\/Foto-CP-HQD-2024-1-1-450x338.jpeg 450w, https:\/\/radiorevelacionfm.cl\/wp-content\/uploads\/2024\/03\/Foto-CP-HQD-2024-1-1-600x450.jpeg 600w\" sizes=\"(max-width: 800px) 100vw, 800px\" \/><\/div><\/div><\/div><\/div><div class=\"flex_column av_one_full  flex_column_div av-zero-column-padding first  avia-builder-el-2  el_after_av_one_full  el_before_av_one_full  column-top-margin\" style='border-radius:0px; '><section class=\"av_textblock_section \"  itemscope=\"itemscope\" itemtype=\"https:\/\/schema.org\/BlogPosting\" itemprop=\"blogPost\" ><div class='avia_textblock  '   itemprop=\"text\" ><p style=\"text-align: center;\"><strong><span style=\"font-size: 18pt;\">Abren concurso que premia asistencia en educaci\u00f3n parvularia con 16 viajes a la Nasa <\/span><\/strong><\/p>\n<div id=\"gtx-trans\" style=\"position: absolute; left: -50px; top: 4.31534px;\">\n<div class=\"gtx-trans-icon\"><\/div>\n<\/div>\n<\/div><\/section><\/div><div class=\"flex_column av_one_full  flex_column_div av-zero-column-padding first  avia-builder-el-4  el_after_av_one_full  el_before_av_hr  column-top-margin\" style='border-radius:0px; '><section class=\"av_textblock_section \"  itemscope=\"itemscope\" itemtype=\"https:\/\/schema.org\/BlogPosting\" itemprop=\"blogPost\" ><div class='avia_textblock  '   itemprop=\"text\" ><p style=\"text-align: justify;\"><em>Este 15 de marzo se inicia por segundo a\u00f1o la campa\u00f1a \u201cHaz que Despeguen\u201d, iniciativa de Fundaci\u00f3n Educacional Oportunidad que premiar\u00e1 a 16 ni\u00f1as y ni\u00f1os con un viaje al Centro Espacial Kennedy en Florida, Estados Unidos. El requisito es asistir a clases el 90% o m\u00e1s, entre el 15 de marzo y 28 de junio.<\/em><\/p>\n<p style=\"text-align: justify;\">Considerando los desaf\u00edos para aumentar la asistencia en educaci\u00f3n parvularia, y buscando motivar a las familias de todo el pa\u00eds a llevar diariamente al jard\u00edn o la escuela a las ni\u00f1as y ni\u00f1os, Fundaci\u00f3n Educacional Oportunidad realizar\u00e1, por segundo a\u00f1o consecutivo, el concurso \u201cHaz que Despeguen\u201d.<\/p>\n<p style=\"text-align: justify;\">Esta iniciativa, que en 2023 tuvo cerca de 9 mil postulantes, premiar\u00e1 a un o una concursante por cada regi\u00f3n de nuestro pa\u00eds, junto a un acompa\u00f1ante mayor de edad, con un viaje de 4 d\u00edas a Orlando, Estados Unidos, donde tendr\u00e1n la oportunidad de visitar las instalaciones del Centro Espacial Kennedy de la Nasa.<\/p>\n<p style=\"text-align: justify;\">El requisito fundamental para participar es que las ni\u00f1as y ni\u00f1os que asisten a educaci\u00f3n parvularia, en establecimientos p\u00fablicos o particulares subvencionados, cumplan con un 90% o m\u00e1s de concurrencia a las aulas, entre el 15 de marzo y 28 de junio de 2024.<\/p>\n<p style=\"text-align: justify;\">La directora ejecutiva de Fundaci\u00f3n Educacional Oportunidad, Marcela Marzolo, detall\u00f3 que \u201ctuvimos muy buenos resultados con la versi\u00f3n 2023, porque nos permiti\u00f3 llegar a todo Chile con un mensaje sobre la importancia de que las ni\u00f1as y ni\u00f1os vayan todos los d\u00edas a sus centros educativos. Por ello, queremos volver a inspirar a muchas familias m\u00e1s para que sigan otorgando relevancia a la asistencia escolar, ya que esto puede marcar la diferencia en su trayectoria educativa\u201d.<\/p>\n<p style=\"text-align: justify;\">C\u00d3MO PARTICIPAR<\/p>\n<p style=\"text-align: justify;\">Los apoderados que deseen inscribir a los p\u00e1rvulos matriculados en los niveles medio menor, medio mayor, prek\u00ednder y k\u00ednder, deben ingresar al sitio <a href=\"http:\/\/www.hazquedespeguen.cl\">www.hazquedespeguen.cl<\/a> y completar el formulario de inscripci\u00f3n. El plazo es hasta el 30 de junio de 2024 a las 23:59 horas.<\/p>\n<p style=\"text-align: justify;\">Posteriormente, Fundaci\u00f3n Educacional Oportunidad realizar\u00e1 un sorteo para preseleccionar a un ganador o ganadora por regi\u00f3n, quien deber\u00e1 comprobar con un documento firmado ante notario que cumple con los requisitos establecidos en las bases del concurso.<\/p>\n<p style=\"text-align: justify;\">PREMIO ADICIONAL<\/p>\n<p style=\"text-align: justify;\">En esta nueva versi\u00f3n, la campa\u00f1a \u201cHaz que Despeguen\u201d incorpor\u00f3 un premio para los 16 establecimientos -uno por cada regi\u00f3n- que tengan el mayor n\u00famero de ni\u00f1as y ni\u00f1os de los niveles medio menor, medio mayor, prek\u00ednder y k\u00ednder inscritos en el sitio <a href=\"http:\/\/www.hazquedespeguen.cl\">www.hazquedespeguen.cl<\/a><\/p>\n<p style=\"text-align: justify;\">El premio consistir\u00e1 en una biblioteca de aula, que incluye un librero y un set de libros para ni\u00f1as y ni\u00f1os de educaci\u00f3n parvularia.<\/p>\n<\/div><\/section><\/div><div  style='height:50px' class='hr hr-invisible   avia-builder-el-6  el_after_av_one_full  el_before_av_social_share '><span class='hr-inner ' ><span class='hr-inner-style'><\/span><\/span><\/div><\/p>\n<div  class='av-social-sharing-box  avia-builder-el-7  el_after_av_hr  el_before_av_hr  '><div class='av-share-box'><h5 class='av-share-link-description av-no-toc '>Compartir esta noticia<\/h5><ul class='av-share-box-list noLightbox'><li class='av-share-link av-social-link-facebook' ><a target=\"_blank\" aria-label=\"Compartir en Facebook\" href='https:\/\/www.facebook.com\/sharer.php?u=https:\/\/radiorevelacionfm.cl\/?p=40391&#038;t=Abren%20concurso%20que%20premia%20asistencia%20en%20educaci%C3%B3n%20parvularia%20con%2016%20viajes%20a%20la%20Nasa' aria-hidden='false' data-av_icon='\ue8f3' data-av_iconfont='entypo-fontello' title='' data-avia-related-tooltip='Compartir en Facebook' rel=\"noopener\"><span class='avia_hidden_link_text'>Compartir en Facebook<\/span><\/a><\/li><li class='av-share-link av-social-link-twitter' ><a target=\"_blank\" aria-label=\"Compartir en Twitter\" href='https:\/\/twitter.com\/share?text=Abren%20concurso%20que%20premia%20asistencia%20en%20educaci%C3%B3n%20parvularia%20con%2016%20viajes%20a%20la%20Nasa&#038;url=https:\/\/radiorevelacionfm.cl\/?p=40391' aria-hidden='false' data-av_icon='\ue8f1' data-av_iconfont='entypo-fontello' title='' data-avia-related-tooltip='Compartir en Twitter' rel=\"noopener\"><span class='avia_hidden_link_text'>Compartir en Twitter<\/span><\/a><\/li><li class='av-share-link av-social-link-whatsapp' ><a target=\"_blank\" aria-label=\"Compartir en Whatsapp\" href='https:\/\/api.whatsapp.com\/send?text=https:\/\/radiorevelacionfm.cl\/?p=40391' aria-hidden='false' data-av_icon='\uf232' data-av_iconfont='entypo-fontello' title='' data-avia-related-tooltip='Compartir en Whatsapp' rel=\"noopener\"><span class='avia_hidden_link_text'>Compartir en Whatsapp<\/span><\/a><\/li><li class='av-share-link av-social-link-linkedin' ><a target=\"_blank\" aria-label=\"Compartir en LinkedIn\" href='https:\/\/linkedin.com\/shareArticle?mini=true&#038;title=Abren%20concurso%20que%20premia%20asistencia%20en%20educaci%C3%B3n%20parvularia%20con%2016%20viajes%20a%20la%20Nasa&#038;url=https:\/\/radiorevelacionfm.cl\/?p=40391' aria-hidden='false' data-av_icon='\ue8fc' data-av_iconfont='entypo-fontello' title='' data-avia-related-tooltip='Compartir en LinkedIn' rel=\"noopener\"><span class='avia_hidden_link_text'>Compartir en LinkedIn<\/span><\/a><\/li><li class='av-share-link av-social-link-mail' ><a  aria-label=\"Compartir por correo\" href='mailto:?subject=Abren%20concurso%20que%20premia%20asistencia%20en%20educaci%C3%B3n%20parvularia%20con%2016%20viajes%20a%20la%20Nasa&#038;body=https:\/\/radiorevelacionfm.cl\/?p=40391' aria-hidden='false' data-av_icon='\ue805' data-av_iconfont='entypo-fontello' title='' data-avia-related-tooltip='Compartir por correo'><span class='avia_hidden_link_text'>Compartir por correo<\/span><\/a><\/li><\/ul><\/div><\/div>\n<div  style='height:50px' class='hr hr-invisible   avia-builder-el-8  el_after_av_social_share  el_before_av_comments_list '><span class='hr-inner ' ><span class='hr-inner-style'><\/span><\/span><\/div>\n<div  class='av-buildercomment  av-blog-meta-html-info-disabled av-blog-meta-tag-disabled  '><\/div>\n","protected":false},"excerpt":{"rendered":"","protected":false},"author":1,"featured_media":40392,"comment_status":"open","ping_status":"open","sticky":false,"template":"","format":"standard","meta":{"footnotes":""},"categories":[61],"tags":[],"class_list":["post-40391","post","type-post","status-publish","format-standard","has-post-thumbnail","hentry","category-nacional"],"jetpack_featured_media_url":"https:\/\/radiorevelacionfm.cl\/wp-content\/uploads\/2024\/03\/Foto-CP-HQD-2024-1-1.jpeg","_links":{"self":[{"href":"https:\/\/radiorevelacionfm.cl\/index.php?rest_route=\/wp\/v2\/posts\/40391","targetHints":{"allow":["GET"]}}],"collection":[{"href":"https:\/\/radiorevelacionfm.cl\/index.php?rest_route=\/wp\/v2\/posts"}],"about":[{"href":"https:\/\/radiorevelacionfm.cl\/index.php?rest_route=\/wp\/v2\/types\/post"}],"author":[{"embeddable":true,"href":"https:\/\/radiorevelacionfm.cl\/index.php?rest_route=\/wp\/v2\/users\/1"}],"replies":[{"embeddable":true,"href":"https:\/\/radiorevelacionfm.cl\/index.php?rest_route=%2Fwp%2Fv2%2Fcomments&post=40391"}],"version-history":[{"count":1,"href":"https:\/\/radiorevelacionfm.cl\/index.php?rest_route=\/wp\/v2\/posts\/40391\/revisions"}],"predecessor-version":[{"id":40393,"href":"https:\/\/radiorevelacionfm.cl\/index.php?rest_route=\/wp\/v2\/posts\/40391\/revisions\/40393"}],"wp:featuredmedia":[{"embeddable":true,"href":"https:\/\/radiorevelacionfm.cl\/index.php?rest_route=\/wp\/v2\/media\/40392"}],"wp:attachment":[{"href":"https:\/\/radiorevelacionfm.cl\/index.php?rest_route=%2Fwp%2Fv2%2Fmedia&parent=40391"}],"wp:term":[{"taxonomy":"category","embeddable":true,"href":"https:\/\/radiorevelacionfm.cl\/index.php?rest_route=%2Fwp%2Fv2%2Fcategories&post=40391"},{"taxonomy":"post_tag","embeddable":true,"href":"https:\/\/radiorevelacionfm.cl\/index.php?rest_route=%2Fwp%2Fv2%2Ftags&post=40391"}],"curies":[{"name":"wp","href":"https:\/\/api.w.org\/{rel}","templated":true}]}}