{"id":4039,"date":"2021-05-12T11:01:33","date_gmt":"2021-05-12T14:01:33","guid":{"rendered":"https:\/\/radiorevelacionfm.cl\/?p=4039"},"modified":"2021-05-12T11:01:33","modified_gmt":"2021-05-12T14:01:33","slug":"seremi-de-la-mujer-estamos-frente-a-un-hecho-historico-y-la-invitacion-es-que-todas-nos-sumemos-este-fin-de-semana","status":"publish","type":"post","link":"https:\/\/radiorevelacionfm.cl\/?p=4039","title":{"rendered":"Seremi de la Mujer \u201cEstamos frente a un hecho hist\u00f3rico y la invitaci\u00f3n es que todas nos sumemos este fin de semana\u201d"},"content":{"rendered":"<div class=\"flex_column av_one_full  flex_column_div av-zero-column-padding first  avia-builder-el-0  el_before_av_one_full  avia-builder-el-first  \" style='border-radius:0px; '><div  class='avia-image-container  av-styling-    avia-builder-el-1  avia-builder-el-no-sibling  avia-align-center '  itemprop=\"image\" itemscope=\"itemscope\" itemtype=\"https:\/\/schema.org\/ImageObject\"  ><div class='avia-image-container-inner'><div class='avia-image-overlay-wrap'><img decoding=\"async\" class='wp-image-0 avia-img-lazy-loading-not-0 avia_image' src=\"https:\/\/radiorevelacionfm.cl\/wp-content\/uploads\/2021\/05\/Seremi-Ortuzar1_1.jpg\" alt='' title=''   itemprop=\"thumbnailUrl\"  \/><\/div><\/div><\/div><\/div><div class=\"flex_column av_one_full  flex_column_div av-zero-column-padding first  avia-builder-el-2  el_after_av_one_full  el_before_av_one_full  column-top-margin\" style='border-radius:0px; '><section class=\"av_textblock_section \"  itemscope=\"itemscope\" itemtype=\"https:\/\/schema.org\/BlogPosting\" itemprop=\"blogPost\" ><div class='avia_textblock  '   itemprop=\"text\" ><p style=\"text-align: center;\"><strong><span style=\"font-size: 18pt;\">Seremi de la Mujer \u201cEstamos frente a un hecho hist\u00f3rico y la invitaci\u00f3n es que todas nos sumemos este fin de semana\u201d<\/span><\/strong><\/p>\n<div id=\"gtx-trans\" style=\"position: absolute; left: -50px; top: 4.31534px;\">\n<div class=\"gtx-trans-icon\"><\/div>\n<\/div>\n<\/div><\/section><\/div><div class=\"flex_column av_one_full  flex_column_div av-zero-column-padding first  avia-builder-el-4  el_after_av_one_full  el_before_av_hr  column-top-margin\" style='border-radius:0px; '><section class=\"av_textblock_section \"  itemscope=\"itemscope\" itemtype=\"https:\/\/schema.org\/BlogPosting\" itemprop=\"blogPost\" ><div class='avia_textblock  '   itemprop=\"text\" ><p style=\"text-align: justify;\">En el marco de las pr\u00f3ximas elecciones la Seremi de la Mujer y la Equidad de G\u00e9nero B\u00e1rbara Ort\u00fazar realiz\u00f3 un en\u00e9rgico llamado a que las mujeres acudan y ejerzan su derecho a voto \u201cVivimos hace poco una elecci\u00f3n, en octubre del a\u00f1o pasado, donde la votaci\u00f3n efectuada por mujeres alcanz\u00f3 el 53% del total. Por lo tanto, nuestro voto, nuestra opini\u00f3n es sumamente importante para poder decidir y elegir a nuestras autoridades. Es primera vez que tenemos la posibilidad de escoger tanto Gobernadores regionales como Constituyentes, por lo tanto, ser\u00e1 una votaci\u00f3n hist\u00f3rica y las mujeres debemos ser parte del proceso que permita instalar nuestra voz y perspectiva en la construcci\u00f3n del pa\u00eds que necesitamos, uno con equidad de g\u00e9nero\u201d.<\/p>\n<p style=\"text-align: justify;\">En relaci\u00f3n con la distribuci\u00f3n de candidaturas femeninas. Este 15 y 16 de mayo es en el \u00edtem de convencionales constituyentes y convencionales constituyes \u2013 pueblos originarios el que alcanza la paridad, registr\u00e1ndose en ambos un 50.78 y 52.63% respectivamente, en candidaturas de mujeres, lo cual dista del caso de los alcaldes y los gobernadores regionales con un 22.61 y 16.67% de candidatas.<\/p>\n<p style=\"text-align: justify;\">La dirigente Maura Estrada, en conversaci\u00f3n con la autoridad regional quien visit\u00f3 la localidad de Cerro Castillo para reforzar el llamado a voto femenino, se sum\u00f3 a esta invitaci\u00f3n y motiv\u00f3 a todas las mujeres a ejercer su derecho a voto \u201cinvito a todas las mujeres de la Villa a que vayamos este domingo a votar, porque s\u00f3lo nosotras las mujeres sabemos nuestras necesidades, y que nuestro voto tambi\u00e9n sea v\u00e1lido, para nosotras sentirnos m\u00e1s empoderadas con nosotras mismas\u201d fueron las palabras de la Presidenta de la Junta de Vecinos de Villa Cerro Castillo<\/p>\n<p style=\"text-align: justify;\">De acuerdo con las cifras, la participaci\u00f3n de las mujeres en las elecciones ha sido siempre mayor que la de los hombres. En Presidencial, Parlamentarias y Core 2017 el total de votantes fue de 6.674.159 y de estos 3.645.798 fueron votos femeninos, versus los hombres con 3.028.361, es decir m\u00e1s de la mitad de los votos correspondieron a mujeres \u201cEs por esto que hoy quiero hacer un llamado a que volvamos a votar este 15 y 16 de mayo. Se han tomado todas las medidas sanitarias para la seguridad de cada votante, y no olvidar que obtuvimos el derecho de votar despu\u00e9s de una dura lucha, d\u00e9cadas que permiten que hoy estemos en las urnas. Hagamos uso de \u00e9ste leg\u00edtimo derecho y demostremos el compromiso que tenemos con nuestro pa\u00eds.\u201d Concluy\u00f3 la representante de la cartera Mujer y Equidad de G\u00e9nero en la regi\u00f3n de Ays\u00e9n.<\/p>\n<\/div><\/section><\/div><div  style='height:50px' class='hr hr-invisible   avia-builder-el-6  el_after_av_one_full  el_before_av_social_share '><span class='hr-inner ' ><span class='hr-inner-style'><\/span><\/span><\/div><\/p>\n<div  class='av-social-sharing-box  avia-builder-el-7  el_after_av_hr  el_before_av_hr  '><div class='av-share-box'><h5 class='av-share-link-description av-no-toc '>Compartir esta noticia<\/h5><ul class='av-share-box-list noLightbox'><li class='av-share-link av-social-link-facebook' ><a target=\"_blank\" aria-label=\"Compartir en Facebook\" href='https:\/\/www.facebook.com\/sharer.php?u=https:\/\/radiorevelacionfm.cl\/?p=4039&#038;t=Seremi%20de%20la%20Mujer%20%E2%80%9CEstamos%20frente%20a%20un%20hecho%20hist%C3%B3rico%20y%20la%20invitaci%C3%B3n%20es%20que%20todas%20nos%20sumemos%20este%20fin%20de%20semana%E2%80%9D' aria-hidden='false' data-av_icon='\ue8f3' data-av_iconfont='entypo-fontello' title='' data-avia-related-tooltip='Compartir en Facebook' rel=\"noopener\"><span class='avia_hidden_link_text'>Compartir en Facebook<\/span><\/a><\/li><li class='av-share-link av-social-link-twitter' ><a target=\"_blank\" aria-label=\"Compartir en Twitter\" href='https:\/\/twitter.com\/share?text=Seremi%20de%20la%20Mujer%20%E2%80%9CEstamos%20frente%20a%20un%20hecho%20hist%C3%B3rico%20y%20la%20invitaci%C3%B3n%20es%20que%20todas%20nos%20sumemos%20este%20fin%20de%20semana%E2%80%9D&#038;url=https:\/\/radiorevelacionfm.cl\/?p=4039' aria-hidden='false' data-av_icon='\ue8f1' data-av_iconfont='entypo-fontello' title='' data-avia-related-tooltip='Compartir en Twitter' rel=\"noopener\"><span class='avia_hidden_link_text'>Compartir en Twitter<\/span><\/a><\/li><li class='av-share-link av-social-link-whatsapp' ><a target=\"_blank\" aria-label=\"Compartir en Whatsapp\" href='https:\/\/api.whatsapp.com\/send?text=https:\/\/radiorevelacionfm.cl\/?p=4039' aria-hidden='false' data-av_icon='\uf232' data-av_iconfont='entypo-fontello' title='' data-avia-related-tooltip='Compartir en Whatsapp' rel=\"noopener\"><span class='avia_hidden_link_text'>Compartir en Whatsapp<\/span><\/a><\/li><li class='av-share-link av-social-link-linkedin' ><a target=\"_blank\" aria-label=\"Compartir en LinkedIn\" href='https:\/\/linkedin.com\/shareArticle?mini=true&#038;title=Seremi%20de%20la%20Mujer%20%E2%80%9CEstamos%20frente%20a%20un%20hecho%20hist%C3%B3rico%20y%20la%20invitaci%C3%B3n%20es%20que%20todas%20nos%20sumemos%20este%20fin%20de%20semana%E2%80%9D&#038;url=https:\/\/radiorevelacionfm.cl\/?p=4039' aria-hidden='false' data-av_icon='\ue8fc' data-av_iconfont='entypo-fontello' title='' data-avia-related-tooltip='Compartir en LinkedIn' rel=\"noopener\"><span class='avia_hidden_link_text'>Compartir en LinkedIn<\/span><\/a><\/li><li class='av-share-link av-social-link-mail' ><a  aria-label=\"Compartir por correo\" href='mailto:?subject=Seremi%20de%20la%20Mujer%20%E2%80%9CEstamos%20frente%20a%20un%20hecho%20hist%C3%B3rico%20y%20la%20invitaci%C3%B3n%20es%20que%20todas%20nos%20sumemos%20este%20fin%20de%20semana%E2%80%9D&#038;body=https:\/\/radiorevelacionfm.cl\/?p=4039' aria-hidden='false' data-av_icon='\ue805' data-av_iconfont='entypo-fontello' title='' data-avia-related-tooltip='Compartir por correo'><span class='avia_hidden_link_text'>Compartir por correo<\/span><\/a><\/li><\/ul><\/div><\/div>\n<div  style='height:50px' class='hr hr-invisible   avia-builder-el-8  el_after_av_social_share  el_before_av_comments_list '><span class='hr-inner ' ><span class='hr-inner-style'><\/span><\/span><\/div>\n<div  class='av-buildercomment  av-blog-meta-html-info-disabled av-blog-meta-tag-disabled  '><\/div>\n","protected":false},"excerpt":{"rendered":"","protected":false},"author":1,"featured_media":0,"comment_status":"open","ping_status":"open","sticky":false,"template":"","format":"standard","meta":{"footnotes":""},"categories":[38],"tags":[],"class_list":["post-4039","post","type-post","status-publish","format-standard","hentry","category-regional"],"jetpack_featured_media_url":"","_links":{"self":[{"href":"https:\/\/radiorevelacionfm.cl\/index.php?rest_route=\/wp\/v2\/posts\/4039","targetHints":{"allow":["GET"]}}],"collection":[{"href":"https:\/\/radiorevelacionfm.cl\/index.php?rest_route=\/wp\/v2\/posts"}],"about":[{"href":"https:\/\/radiorevelacionfm.cl\/index.php?rest_route=\/wp\/v2\/types\/post"}],"author":[{"embeddable":true,"href":"https:\/\/radiorevelacionfm.cl\/index.php?rest_route=\/wp\/v2\/users\/1"}],"replies":[{"embeddable":true,"href":"https:\/\/radiorevelacionfm.cl\/index.php?rest_route=%2Fwp%2Fv2%2Fcomments&post=4039"}],"version-history":[{"count":1,"href":"https:\/\/radiorevelacionfm.cl\/index.php?rest_route=\/wp\/v2\/posts\/4039\/revisions"}],"predecessor-version":[{"id":4041,"href":"https:\/\/radiorevelacionfm.cl\/index.php?rest_route=\/wp\/v2\/posts\/4039\/revisions\/4041"}],"wp:attachment":[{"href":"https:\/\/radiorevelacionfm.cl\/index.php?rest_route=%2Fwp%2Fv2%2Fmedia&parent=4039"}],"wp:term":[{"taxonomy":"category","embeddable":true,"href":"https:\/\/radiorevelacionfm.cl\/index.php?rest_route=%2Fwp%2Fv2%2Fcategories&post=4039"},{"taxonomy":"post_tag","embeddable":true,"href":"https:\/\/radiorevelacionfm.cl\/index.php?rest_route=%2Fwp%2Fv2%2Ftags&post=4039"}],"curies":[{"name":"wp","href":"https:\/\/api.w.org\/{rel}","templated":true}]}}