{"id":40388,"date":"2024-03-15T13:28:54","date_gmt":"2024-03-15T16:28:54","guid":{"rendered":"https:\/\/radiorevelacionfm.cl\/?p=40388"},"modified":"2024-03-15T13:28:54","modified_gmt":"2024-03-15T16:28:54","slug":"en-rio-ibanez-entregan-fondo-social-presidente-de-la-republica-por-mas-de-22-millones-de-pesos","status":"publish","type":"post","link":"https:\/\/radiorevelacionfm.cl\/?p=40388","title":{"rendered":"En R\u00edo Iba\u00f1ez entregan Fondo Social Presidente de la Rep\u00fablica por m\u00e1s de $22 millones de pesos"},"content":{"rendered":"<div class=\"flex_column av_one_full  flex_column_div av-zero-column-padding first  avia-builder-el-0  el_before_av_one_full  avia-builder-el-first  \" style='border-radius:0px; '><div  class='avia-image-container  av-styling-    avia-builder-el-1  avia-builder-el-no-sibling  avia-align-center '  itemprop=\"image\" itemscope=\"itemscope\" itemtype=\"https:\/\/schema.org\/ImageObject\"  ><div class='avia-image-container-inner'><div class='avia-image-overlay-wrap'><img decoding=\"async\" class='wp-image-40389 avia-img-lazy-loading-not-40389 avia_image' src=\"https:\/\/radiorevelacionfm.cl\/wp-content\/uploads\/2024\/03\/pxl_20240307_204218800_optimized.mp-1-1-1.jpg\" alt='' title='pxl_20240307_204218800_optimized.mp-(1)-(1) (1)' height=\"600\" width=\"1067\"  itemprop=\"thumbnailUrl\" srcset=\"https:\/\/radiorevelacionfm.cl\/wp-content\/uploads\/2024\/03\/pxl_20240307_204218800_optimized.mp-1-1-1.jpg 1067w, https:\/\/radiorevelacionfm.cl\/wp-content\/uploads\/2024\/03\/pxl_20240307_204218800_optimized.mp-1-1-1-300x169.jpg 300w, https:\/\/radiorevelacionfm.cl\/wp-content\/uploads\/2024\/03\/pxl_20240307_204218800_optimized.mp-1-1-1-1030x579.jpg 1030w, https:\/\/radiorevelacionfm.cl\/wp-content\/uploads\/2024\/03\/pxl_20240307_204218800_optimized.mp-1-1-1-768x432.jpg 768w, https:\/\/radiorevelacionfm.cl\/wp-content\/uploads\/2024\/03\/pxl_20240307_204218800_optimized.mp-1-1-1-705x396.jpg 705w, https:\/\/radiorevelacionfm.cl\/wp-content\/uploads\/2024\/03\/pxl_20240307_204218800_optimized.mp-1-1-1-450x253.jpg 450w, https:\/\/radiorevelacionfm.cl\/wp-content\/uploads\/2024\/03\/pxl_20240307_204218800_optimized.mp-1-1-1-600x337.jpg 600w\" sizes=\"(max-width: 1067px) 100vw, 1067px\" \/><\/div><\/div><\/div><\/div><div class=\"flex_column av_one_full  flex_column_div av-zero-column-padding first  avia-builder-el-2  el_after_av_one_full  el_before_av_one_full  column-top-margin\" style='border-radius:0px; '><section class=\"av_textblock_section \"  itemscope=\"itemscope\" itemtype=\"https:\/\/schema.org\/BlogPosting\" itemprop=\"blogPost\" ><div class='avia_textblock  '   itemprop=\"text\" ><p style=\"text-align: center;\"><strong><span style=\"font-size: 18pt;\">En R\u00edo Iba\u00f1ez entregan Fondo Social Presidente de la Rep\u00fablica por m\u00e1s de $22 millones de pesos<\/span><\/strong><\/p>\n<div id=\"gtx-trans\" style=\"position: absolute; left: -50px; top: 4.31534px;\">\n<div class=\"gtx-trans-icon\"><\/div>\n<\/div>\n<\/div><\/section><\/div><div class=\"flex_column av_one_full  flex_column_div av-zero-column-padding first  avia-builder-el-4  el_after_av_one_full  el_before_av_hr  column-top-margin\" style='border-radius:0px; '><section class=\"av_textblock_section \"  itemscope=\"itemscope\" itemtype=\"https:\/\/schema.org\/BlogPosting\" itemprop=\"blogPost\" ><div class='avia_textblock  '   itemprop=\"text\" ><p style=\"text-align: justify;\">Con alegr\u00eda recibieron sus diplomas los representantes de diez organizaciones comunitarias que durante 2023 hab\u00edan postulado al Fondo Social Presidente de la Rep\u00fablica, en sus l\u00edneas FONDES y Fondo Nacional, para proyectos tan diversos como la compra de equipamiento deportivo para un club femenino, polerones para estudiantes de una escuela rural, hasta la ampliaci\u00f3n de una sede comunitaria en Puerto Ingeniero Ib\u00e1\u00f1ez. En total en la comuna fueron 10 organizaciones beneficiadas por $22.517.155.<\/p>\n<p style=\"text-align: justify;\">Una de las organizaciones beneficiadas fue el Club de Adulto Mayor Corazones J\u00f3venes, que con $15 millones ampliar\u00e1n el comedor de su sede. Al respecto su presidenta Esterlina Rosas Vidal comentaba que el espacio ya era peque\u00f1o para el creciente n\u00famero de miembros y coment\u00f3 que \u201cEstamos s\u00faper contentos, porque hace mucho tiempo que quer\u00edamos nosotros hacer, pero \u00bfcon qu\u00e9? as\u00ed que estamos todos muy felices de que haya salido aprobado nuestro proyecto.<\/p>\n<p style=\"text-align: justify;\">Otra organizaci\u00f3n beneficiada fue el Club Deportivo Femenino Aurora de Bah\u00eda Murta que postularon a indumentaria, al respecto su presidenta Eliana Barr\u00eda coment\u00f3 que cada vez que sal\u00edan a competir fuera de la localidad su equipo no se lograba identificar frente a otros conjuntos, lo que con esta entrega cambiar\u00e1.<\/p>\n<p style=\"text-align: justify;\">Barr\u00eda reflexion\u00f3 sobre el fondo e invit\u00f3 a otras organizaciones a interesarse en las postulaciones \u201cAprovechen estas instancias, se difunden mucho a trav\u00e9s de la radio local, a trav\u00e9s de p\u00e1ginas web, los mismos integrantes de la Delegaci\u00f3n Presidencial Provincial est\u00e1n constantemente intentando comunicarse con las organizaciones para informarlas y apoyarlas en sus postulaciones (\u2026) como dirigentes tener esa independencia y ser m\u00e1s proactivos para lograr proyectos de este tipo, porque muchas veces los fondos no se aprovechan por las organizaciones\u201d, cerr\u00f3 la dirigenta.<\/p>\n<p style=\"text-align: justify;\">Finalmente, el Delegado Presidencial Provincial de General Carrera se refiri\u00f3 a esta entrega, que se suma a la ya realizada en Chile Chico, resaltando \u201cla importancia, lo significativo que es para las organizaciones locales el poder hacer uso de estos fondos, poder beneficiar una comunidad\u201d a lo que agreg\u00f3 \u201cEs important\u00edsimo poder contar con la informaci\u00f3n necesaria en todas las bases, para que puedan postular a estos fondos, para que aprovechen los recursos del Estado de buena manera\u201d, para cerrar concluy\u00f3 \u201cInvitamos a todas las organizaciones sociales a que postulen en este nuevo Fondo Social Presidente de la Rep\u00fablica en su modalidad a\u00f1o 2024\u201d.<\/p>\n<p style=\"text-align: justify;\">Recordamos que este 11 de marzo comenz\u00f3 la apertura de postulaciones para la modalidad FONDES del Fondo Social Presidente de la Rep\u00fablica, mientras que las postulaciones para el fondo nacional se estiman para junio.<\/p>\n<\/div><\/section><\/div><div  style='height:50px' class='hr hr-invisible   avia-builder-el-6  el_after_av_one_full  el_before_av_social_share '><span class='hr-inner ' ><span class='hr-inner-style'><\/span><\/span><\/div><\/p>\n<div  class='av-social-sharing-box  avia-builder-el-7  el_after_av_hr  el_before_av_hr  '><div class='av-share-box'><h5 class='av-share-link-description av-no-toc '>Compartir esta noticia<\/h5><ul class='av-share-box-list noLightbox'><li class='av-share-link av-social-link-facebook' ><a target=\"_blank\" aria-label=\"Compartir en Facebook\" href='https:\/\/www.facebook.com\/sharer.php?u=https:\/\/radiorevelacionfm.cl\/?p=40388&#038;t=En%20R%C3%ADo%20Iba%C3%B1ez%20entregan%20Fondo%20Social%20Presidente%20de%20la%20Rep%C3%BAblica%20por%20m%C3%A1s%20de%20%2422%20millones%20de%20pesos' aria-hidden='false' data-av_icon='\ue8f3' data-av_iconfont='entypo-fontello' title='' data-avia-related-tooltip='Compartir en Facebook' rel=\"noopener\"><span class='avia_hidden_link_text'>Compartir en Facebook<\/span><\/a><\/li><li class='av-share-link av-social-link-twitter' ><a target=\"_blank\" aria-label=\"Compartir en Twitter\" href='https:\/\/twitter.com\/share?text=En%20R%C3%ADo%20Iba%C3%B1ez%20entregan%20Fondo%20Social%20Presidente%20de%20la%20Rep%C3%BAblica%20por%20m%C3%A1s%20de%20%2422%20millones%20de%20pesos&#038;url=https:\/\/radiorevelacionfm.cl\/?p=40388' aria-hidden='false' data-av_icon='\ue8f1' data-av_iconfont='entypo-fontello' title='' data-avia-related-tooltip='Compartir en Twitter' rel=\"noopener\"><span class='avia_hidden_link_text'>Compartir en Twitter<\/span><\/a><\/li><li class='av-share-link av-social-link-whatsapp' ><a target=\"_blank\" aria-label=\"Compartir en Whatsapp\" href='https:\/\/api.whatsapp.com\/send?text=https:\/\/radiorevelacionfm.cl\/?p=40388' aria-hidden='false' data-av_icon='\uf232' data-av_iconfont='entypo-fontello' title='' data-avia-related-tooltip='Compartir en Whatsapp' rel=\"noopener\"><span class='avia_hidden_link_text'>Compartir en Whatsapp<\/span><\/a><\/li><li class='av-share-link av-social-link-linkedin' ><a target=\"_blank\" aria-label=\"Compartir en LinkedIn\" href='https:\/\/linkedin.com\/shareArticle?mini=true&#038;title=En%20R%C3%ADo%20Iba%C3%B1ez%20entregan%20Fondo%20Social%20Presidente%20de%20la%20Rep%C3%BAblica%20por%20m%C3%A1s%20de%20%2422%20millones%20de%20pesos&#038;url=https:\/\/radiorevelacionfm.cl\/?p=40388' aria-hidden='false' data-av_icon='\ue8fc' data-av_iconfont='entypo-fontello' title='' data-avia-related-tooltip='Compartir en LinkedIn' rel=\"noopener\"><span class='avia_hidden_link_text'>Compartir en LinkedIn<\/span><\/a><\/li><li class='av-share-link av-social-link-mail' ><a  aria-label=\"Compartir por correo\" href='mailto:?subject=En%20R%C3%ADo%20Iba%C3%B1ez%20entregan%20Fondo%20Social%20Presidente%20de%20la%20Rep%C3%BAblica%20por%20m%C3%A1s%20de%20%2422%20millones%20de%20pesos&#038;body=https:\/\/radiorevelacionfm.cl\/?p=40388' aria-hidden='false' data-av_icon='\ue805' data-av_iconfont='entypo-fontello' title='' data-avia-related-tooltip='Compartir por correo'><span class='avia_hidden_link_text'>Compartir por correo<\/span><\/a><\/li><\/ul><\/div><\/div>\n<div  style='height:50px' class='hr hr-invisible   avia-builder-el-8  el_after_av_social_share  el_before_av_comments_list '><span class='hr-inner ' ><span class='hr-inner-style'><\/span><\/span><\/div>\n<div  class='av-buildercomment  av-blog-meta-html-info-disabled av-blog-meta-tag-disabled  '><\/div>\n","protected":false},"excerpt":{"rendered":"","protected":false},"author":1,"featured_media":40389,"comment_status":"open","ping_status":"open","sticky":false,"template":"","format":"standard","meta":{"footnotes":""},"categories":[38],"tags":[],"class_list":["post-40388","post","type-post","status-publish","format-standard","has-post-thumbnail","hentry","category-regional"],"jetpack_featured_media_url":"https:\/\/radiorevelacionfm.cl\/wp-content\/uploads\/2024\/03\/pxl_20240307_204218800_optimized.mp-1-1-1.jpg","_links":{"self":[{"href":"https:\/\/radiorevelacionfm.cl\/index.php?rest_route=\/wp\/v2\/posts\/40388","targetHints":{"allow":["GET"]}}],"collection":[{"href":"https:\/\/radiorevelacionfm.cl\/index.php?rest_route=\/wp\/v2\/posts"}],"about":[{"href":"https:\/\/radiorevelacionfm.cl\/index.php?rest_route=\/wp\/v2\/types\/post"}],"author":[{"embeddable":true,"href":"https:\/\/radiorevelacionfm.cl\/index.php?rest_route=\/wp\/v2\/users\/1"}],"replies":[{"embeddable":true,"href":"https:\/\/radiorevelacionfm.cl\/index.php?rest_route=%2Fwp%2Fv2%2Fcomments&post=40388"}],"version-history":[{"count":1,"href":"https:\/\/radiorevelacionfm.cl\/index.php?rest_route=\/wp\/v2\/posts\/40388\/revisions"}],"predecessor-version":[{"id":40390,"href":"https:\/\/radiorevelacionfm.cl\/index.php?rest_route=\/wp\/v2\/posts\/40388\/revisions\/40390"}],"wp:featuredmedia":[{"embeddable":true,"href":"https:\/\/radiorevelacionfm.cl\/index.php?rest_route=\/wp\/v2\/media\/40389"}],"wp:attachment":[{"href":"https:\/\/radiorevelacionfm.cl\/index.php?rest_route=%2Fwp%2Fv2%2Fmedia&parent=40388"}],"wp:term":[{"taxonomy":"category","embeddable":true,"href":"https:\/\/radiorevelacionfm.cl\/index.php?rest_route=%2Fwp%2Fv2%2Fcategories&post=40388"},{"taxonomy":"post_tag","embeddable":true,"href":"https:\/\/radiorevelacionfm.cl\/index.php?rest_route=%2Fwp%2Fv2%2Ftags&post=40388"}],"curies":[{"name":"wp","href":"https:\/\/api.w.org\/{rel}","templated":true}]}}