{"id":40385,"date":"2024-03-16T15:01:03","date_gmt":"2024-03-16T18:01:03","guid":{"rendered":"https:\/\/radiorevelacionfm.cl\/?p=40385"},"modified":"2024-03-16T15:01:03","modified_gmt":"2024-03-16T18:01:03","slug":"sernameg-refuerza-informacion-sobre-los-canales-de-orientacion-y-denuncia-en-casos-de-violencia-de-genero","status":"publish","type":"post","link":"https:\/\/radiorevelacionfm.cl\/?p=40385","title":{"rendered":"SernamEG refuerza informaci\u00f3n sobre los canales de orientaci\u00f3n y denuncia en casos de violencia de g\u00e9nero"},"content":{"rendered":"<div class=\"flex_column av_one_full  flex_column_div av-zero-column-padding first  avia-builder-el-0  el_before_av_one_full  avia-builder-el-first  \" style='border-radius:0px; '><div  class='avia-image-container  av-styling-    avia-builder-el-1  avia-builder-el-no-sibling  avia-align-center '  itemprop=\"image\" itemscope=\"itemscope\" itemtype=\"https:\/\/schema.org\/ImageObject\"  ><div class='avia-image-container-inner'><div class='avia-image-overlay-wrap'><img decoding=\"async\" class='wp-image-40386 avia-img-lazy-loading-not-40386 avia_image' src=\"https:\/\/radiorevelacionfm.cl\/wp-content\/uploads\/2024\/03\/1455-SERNAMEG-1-1-1.jpeg\" alt='' title='1455 SERNAMEG (1) (1) (1)' height=\"800\" width=\"800\"  itemprop=\"thumbnailUrl\" srcset=\"https:\/\/radiorevelacionfm.cl\/wp-content\/uploads\/2024\/03\/1455-SERNAMEG-1-1-1.jpeg 800w, https:\/\/radiorevelacionfm.cl\/wp-content\/uploads\/2024\/03\/1455-SERNAMEG-1-1-1-300x300.jpeg 300w, https:\/\/radiorevelacionfm.cl\/wp-content\/uploads\/2024\/03\/1455-SERNAMEG-1-1-1-80x80.jpeg 80w, https:\/\/radiorevelacionfm.cl\/wp-content\/uploads\/2024\/03\/1455-SERNAMEG-1-1-1-768x768.jpeg 768w, https:\/\/radiorevelacionfm.cl\/wp-content\/uploads\/2024\/03\/1455-SERNAMEG-1-1-1-36x36.jpeg 36w, https:\/\/radiorevelacionfm.cl\/wp-content\/uploads\/2024\/03\/1455-SERNAMEG-1-1-1-180x180.jpeg 180w, https:\/\/radiorevelacionfm.cl\/wp-content\/uploads\/2024\/03\/1455-SERNAMEG-1-1-1-705x705.jpeg 705w, https:\/\/radiorevelacionfm.cl\/wp-content\/uploads\/2024\/03\/1455-SERNAMEG-1-1-1-120x120.jpeg 120w, https:\/\/radiorevelacionfm.cl\/wp-content\/uploads\/2024\/03\/1455-SERNAMEG-1-1-1-450x450.jpeg 450w, https:\/\/radiorevelacionfm.cl\/wp-content\/uploads\/2024\/03\/1455-SERNAMEG-1-1-1-600x600.jpeg 600w, https:\/\/radiorevelacionfm.cl\/wp-content\/uploads\/2024\/03\/1455-SERNAMEG-1-1-1-100x100.jpeg 100w\" sizes=\"(max-width: 800px) 100vw, 800px\" \/><\/div><\/div><\/div><\/div><div class=\"flex_column av_one_full  flex_column_div av-zero-column-padding first  avia-builder-el-2  el_after_av_one_full  el_before_av_one_full  column-top-margin\" style='border-radius:0px; '><section class=\"av_textblock_section \"  itemscope=\"itemscope\" itemtype=\"https:\/\/schema.org\/BlogPosting\" itemprop=\"blogPost\" ><div class='avia_textblock  '   itemprop=\"text\" ><p style=\"text-align: center;\"><strong><span style=\"font-size: 18pt;\">SernamEG refuerza informaci\u00f3n sobre los canales de orientaci\u00f3n y denuncia en casos de violencia de g\u00e9nero<\/span><\/strong><\/p>\n<div id=\"gtx-trans\" style=\"position: absolute; left: -50px; top: 4.31534px;\">\n<div class=\"gtx-trans-icon\"><\/div>\n<\/div>\n<\/div><\/section><\/div><div class=\"flex_column av_one_full  flex_column_div av-zero-column-padding first  avia-builder-el-4  el_after_av_one_full  el_before_av_hr  column-top-margin\" style='border-radius:0px; '><section class=\"av_textblock_section \"  itemscope=\"itemscope\" itemtype=\"https:\/\/schema.org\/BlogPosting\" itemprop=\"blogPost\" ><div class='avia_textblock  '   itemprop=\"text\" ><p dir=\"ltr\" style=\"text-align: justify;\">Ante los \u00faltimos hechos de violencia de g\u00e9nero hacia las mujeres, el Servicio Nacional de la Mujer y la Equidad de G\u00e9nero (SernamEG), reforz\u00f3 la informaci\u00f3n sobre los canales para recibir orientaci\u00f3n o denunciar actos de violencia.<\/p>\n<p dir=\"ltr\" style=\"text-align: justify;\">En este sentido, la instituci\u00f3n cuenta con el servicio \u00abSernamEG te Orienta\u00bb el cual incluye el n\u00famero 1455 y el WhatsApp +56997007000 de atenci\u00f3n gratuita, de lunes a viernes entre las 08:00 y 00:00, (excepto festivos) para recibir atenci\u00f3n y orientaci\u00f3n inicial a cargo de profesionales del \u00e1rea legal y de apoyo psicosocial. Tambi\u00e9n, existe la posibilidad que en los casos donde una mujer v\u00edctima de violencia requiera otro tipo de atenci\u00f3n, se le derive a cualquier Centro de las Mujeres del SernamEG.<\/p>\n<p dir=\"ltr\" style=\"text-align: justify;\">La directora nacional del SernamEG, Priscilla Carrasco precis\u00f3 que \u00abtodas y todos contamos para disminuir la violencia hacia las mujeres, y el apoyo de una red de contenci\u00f3n es fundamental en su protecci\u00f3n. Hay que ver y entender la violencia de g\u00e9nero no como un asunto privado, sino como un problema de seguridad p\u00fablica\u00bb.<\/p>\n<p dir=\"ltr\" style=\"text-align: justify;\">\u00abDesde el SernamEG seguimos y seguiremos a disposici\u00f3n de las mujeres v\u00edctimas de violencia de g\u00e9nero, mediante nuestros canales de orientaci\u00f3n y primera atenci\u00f3n\u00bb, agreg\u00f3.<\/p>\n<p dir=\"ltr\" style=\"text-align: justify;\">El servicio tambi\u00e9n insisti\u00f3 en la importancia de denunciar para recibir atenci\u00f3n inmediata si una mujer est\u00e1 en peligro. De este modo, quienes presencien un hecho de violencia f\u00edsica o sexual pueden llamar al 133 de Carabineros o al 134 de la PDI.\u00a0Las polic\u00edas deben proporcionar una primera contenci\u00f3n, entregar informaci\u00f3n y activar una pauta de riesgo en violencia de g\u00e9nero y realizar las derivaciones correspondientes.<\/p>\n<p dir=\"ltr\" style=\"text-align: justify;\">En ese sentido, la directora regional de SernamEG Ays\u00e9n, Patricia Baeza, hizo un llamado a las mujeres a lo largo de todo el territorio: \u00absabemos que es una situaci\u00f3n dif\u00edcil, sabemos que es una situaci\u00f3n extremadamente compleja, y quiero que sepan que, efectivamente, cuando ustedes hagan la denuncia o se acerquen a un centro, jam\u00e1s van a ser enjuiciadas o cuestionadas por la situaci\u00f3n que han vivido, porque tenemos plena conciencia de lo complejo y lo dif\u00edcil que es salir de los c\u00edrculos de violencia\u00bb.<\/p>\n<p style=\"text-align: justify;\">Finalmente, es importante precisar que el Servicio Nacional de la Mujer y la Equidad de G\u00e9nero cuenta con espacios denominados Residencias Transitorias y Centros de Atenci\u00f3n Especializada en Violencia, a nivel nacional, para atender a mujeres que han sido v\u00edctimas y sobrevivientes de violencia de g\u00e9nero grave o extrema que ven vulnerados sus derechos. Su atenci\u00f3n es gratuita y confidencial. El ingreso a estos lugares se realiza \u00fanicamente mediante derivaci\u00f3n de las instituciones del Estado.<\/p>\n<\/div><\/section><\/div><div  style='height:50px' class='hr hr-invisible   avia-builder-el-6  el_after_av_one_full  el_before_av_social_share '><span class='hr-inner ' ><span class='hr-inner-style'><\/span><\/span><\/div><\/p>\n<div  class='av-social-sharing-box  avia-builder-el-7  el_after_av_hr  el_before_av_hr  '><div class='av-share-box'><h5 class='av-share-link-description av-no-toc '>Compartir esta noticia<\/h5><ul class='av-share-box-list noLightbox'><li class='av-share-link av-social-link-facebook' ><a target=\"_blank\" aria-label=\"Compartir en Facebook\" href='https:\/\/www.facebook.com\/sharer.php?u=https:\/\/radiorevelacionfm.cl\/?p=40385&#038;t=SernamEG%20refuerza%20informaci%C3%B3n%20sobre%20los%20canales%20de%20orientaci%C3%B3n%20y%20denuncia%20en%20casos%20de%20violencia%20de%20g%C3%A9nero' aria-hidden='false' data-av_icon='\ue8f3' data-av_iconfont='entypo-fontello' title='' data-avia-related-tooltip='Compartir en Facebook' rel=\"noopener\"><span class='avia_hidden_link_text'>Compartir en Facebook<\/span><\/a><\/li><li class='av-share-link av-social-link-twitter' ><a target=\"_blank\" aria-label=\"Compartir en Twitter\" href='https:\/\/twitter.com\/share?text=SernamEG%20refuerza%20informaci%C3%B3n%20sobre%20los%20canales%20de%20orientaci%C3%B3n%20y%20denuncia%20en%20casos%20de%20violencia%20de%20g%C3%A9nero&#038;url=https:\/\/radiorevelacionfm.cl\/?p=40385' aria-hidden='false' data-av_icon='\ue8f1' data-av_iconfont='entypo-fontello' title='' data-avia-related-tooltip='Compartir en Twitter' rel=\"noopener\"><span class='avia_hidden_link_text'>Compartir en Twitter<\/span><\/a><\/li><li class='av-share-link av-social-link-whatsapp' ><a target=\"_blank\" aria-label=\"Compartir en Whatsapp\" href='https:\/\/api.whatsapp.com\/send?text=https:\/\/radiorevelacionfm.cl\/?p=40385' aria-hidden='false' data-av_icon='\uf232' data-av_iconfont='entypo-fontello' title='' data-avia-related-tooltip='Compartir en Whatsapp' rel=\"noopener\"><span class='avia_hidden_link_text'>Compartir en Whatsapp<\/span><\/a><\/li><li class='av-share-link av-social-link-linkedin' ><a target=\"_blank\" aria-label=\"Compartir en LinkedIn\" href='https:\/\/linkedin.com\/shareArticle?mini=true&#038;title=SernamEG%20refuerza%20informaci%C3%B3n%20sobre%20los%20canales%20de%20orientaci%C3%B3n%20y%20denuncia%20en%20casos%20de%20violencia%20de%20g%C3%A9nero&#038;url=https:\/\/radiorevelacionfm.cl\/?p=40385' aria-hidden='false' data-av_icon='\ue8fc' data-av_iconfont='entypo-fontello' title='' data-avia-related-tooltip='Compartir en LinkedIn' rel=\"noopener\"><span class='avia_hidden_link_text'>Compartir en LinkedIn<\/span><\/a><\/li><li class='av-share-link av-social-link-mail' ><a  aria-label=\"Compartir por correo\" href='mailto:?subject=SernamEG%20refuerza%20informaci%C3%B3n%20sobre%20los%20canales%20de%20orientaci%C3%B3n%20y%20denuncia%20en%20casos%20de%20violencia%20de%20g%C3%A9nero&#038;body=https:\/\/radiorevelacionfm.cl\/?p=40385' aria-hidden='false' data-av_icon='\ue805' data-av_iconfont='entypo-fontello' title='' data-avia-related-tooltip='Compartir por correo'><span class='avia_hidden_link_text'>Compartir por correo<\/span><\/a><\/li><\/ul><\/div><\/div>\n<div  style='height:50px' class='hr hr-invisible   avia-builder-el-8  el_after_av_social_share  el_before_av_comments_list '><span class='hr-inner ' ><span class='hr-inner-style'><\/span><\/span><\/div>\n<div  class='av-buildercomment  av-blog-meta-html-info-disabled av-blog-meta-tag-disabled  '><\/div>\n","protected":false},"excerpt":{"rendered":"","protected":false},"author":1,"featured_media":40386,"comment_status":"open","ping_status":"open","sticky":false,"template":"","format":"standard","meta":{"footnotes":""},"categories":[38],"tags":[],"class_list":["post-40385","post","type-post","status-publish","format-standard","has-post-thumbnail","hentry","category-regional"],"jetpack_featured_media_url":"https:\/\/radiorevelacionfm.cl\/wp-content\/uploads\/2024\/03\/1455-SERNAMEG-1-1-1.jpeg","_links":{"self":[{"href":"https:\/\/radiorevelacionfm.cl\/index.php?rest_route=\/wp\/v2\/posts\/40385","targetHints":{"allow":["GET"]}}],"collection":[{"href":"https:\/\/radiorevelacionfm.cl\/index.php?rest_route=\/wp\/v2\/posts"}],"about":[{"href":"https:\/\/radiorevelacionfm.cl\/index.php?rest_route=\/wp\/v2\/types\/post"}],"author":[{"embeddable":true,"href":"https:\/\/radiorevelacionfm.cl\/index.php?rest_route=\/wp\/v2\/users\/1"}],"replies":[{"embeddable":true,"href":"https:\/\/radiorevelacionfm.cl\/index.php?rest_route=%2Fwp%2Fv2%2Fcomments&post=40385"}],"version-history":[{"count":1,"href":"https:\/\/radiorevelacionfm.cl\/index.php?rest_route=\/wp\/v2\/posts\/40385\/revisions"}],"predecessor-version":[{"id":40387,"href":"https:\/\/radiorevelacionfm.cl\/index.php?rest_route=\/wp\/v2\/posts\/40385\/revisions\/40387"}],"wp:featuredmedia":[{"embeddable":true,"href":"https:\/\/radiorevelacionfm.cl\/index.php?rest_route=\/wp\/v2\/media\/40386"}],"wp:attachment":[{"href":"https:\/\/radiorevelacionfm.cl\/index.php?rest_route=%2Fwp%2Fv2%2Fmedia&parent=40385"}],"wp:term":[{"taxonomy":"category","embeddable":true,"href":"https:\/\/radiorevelacionfm.cl\/index.php?rest_route=%2Fwp%2Fv2%2Fcategories&post=40385"},{"taxonomy":"post_tag","embeddable":true,"href":"https:\/\/radiorevelacionfm.cl\/index.php?rest_route=%2Fwp%2Fv2%2Ftags&post=40385"}],"curies":[{"name":"wp","href":"https:\/\/api.w.org\/{rel}","templated":true}]}}