{"id":40382,"date":"2024-03-15T12:40:51","date_gmt":"2024-03-15T15:40:51","guid":{"rendered":"https:\/\/radiorevelacionfm.cl\/?p=40382"},"modified":"2024-03-15T12:40:51","modified_gmt":"2024-03-15T15:40:51","slug":"inician-piloto-de-puntos-verdes-para-pasar-al-reciclaje-domiciliario-en-puerto-aysen","status":"publish","type":"post","link":"https:\/\/radiorevelacionfm.cl\/?p=40382","title":{"rendered":"Inician piloto de \u201cPuntos verdes\u201d para pasar al reciclaje domiciliario en Puerto Ays\u00e9n"},"content":{"rendered":"<div class=\"flex_column av_one_full  flex_column_div av-zero-column-padding first  avia-builder-el-0  el_before_av_one_full  avia-builder-el-first  \" style='border-radius:0px; '><div  class='avia-image-container  av-styling-    avia-builder-el-1  avia-builder-el-no-sibling  avia-align-center '  itemprop=\"image\" itemscope=\"itemscope\" itemtype=\"https:\/\/schema.org\/ImageObject\"  ><div class='avia-image-container-inner'><div class='avia-image-overlay-wrap'><img decoding=\"async\" class='wp-image-40383 avia-img-lazy-loading-not-40383 avia_image' src=\"https:\/\/radiorevelacionfm.cl\/wp-content\/uploads\/2024\/03\/img-puntoverde-bahamonde1-2_optimized-1.jpeg\" alt='' title='img-puntoverde-bahamonde1-(2)_optimized (1)' height=\"600\" width=\"860\"  itemprop=\"thumbnailUrl\" srcset=\"https:\/\/radiorevelacionfm.cl\/wp-content\/uploads\/2024\/03\/img-puntoverde-bahamonde1-2_optimized-1.jpeg 860w, https:\/\/radiorevelacionfm.cl\/wp-content\/uploads\/2024\/03\/img-puntoverde-bahamonde1-2_optimized-1-300x209.jpeg 300w, https:\/\/radiorevelacionfm.cl\/wp-content\/uploads\/2024\/03\/img-puntoverde-bahamonde1-2_optimized-1-768x536.jpeg 768w, https:\/\/radiorevelacionfm.cl\/wp-content\/uploads\/2024\/03\/img-puntoverde-bahamonde1-2_optimized-1-705x492.jpeg 705w, https:\/\/radiorevelacionfm.cl\/wp-content\/uploads\/2024\/03\/img-puntoverde-bahamonde1-2_optimized-1-450x314.jpeg 450w, https:\/\/radiorevelacionfm.cl\/wp-content\/uploads\/2024\/03\/img-puntoverde-bahamonde1-2_optimized-1-600x419.jpeg 600w\" sizes=\"(max-width: 860px) 100vw, 860px\" \/><\/div><\/div><\/div><\/div><div class=\"flex_column av_one_full  flex_column_div av-zero-column-padding first  avia-builder-el-2  el_after_av_one_full  el_before_av_one_full  column-top-margin\" style='border-radius:0px; '><section class=\"av_textblock_section \"  itemscope=\"itemscope\" itemtype=\"https:\/\/schema.org\/BlogPosting\" itemprop=\"blogPost\" ><div class='avia_textblock  '   itemprop=\"text\" ><p style=\"text-align: center;\"><strong><span style=\"font-size: 18pt;\">Inician piloto de \u201cPuntos verdes\u201d para pasar al reciclaje domiciliario en Puerto Ays\u00e9n<\/span><\/strong><\/p>\n<div id=\"gtx-trans\" style=\"position: absolute; left: -50px; top: 4.31534px;\">\n<div class=\"gtx-trans-icon\"><\/div>\n<\/div>\n<\/div><\/section><\/div><div class=\"flex_column av_one_full  flex_column_div av-zero-column-padding first  avia-builder-el-4  el_after_av_one_full  el_before_av_hr  column-top-margin\" style='border-radius:0px; '><section class=\"av_textblock_section \"  itemscope=\"itemscope\" itemtype=\"https:\/\/schema.org\/BlogPosting\" itemprop=\"blogPost\" ><div class='avia_textblock  '   itemprop=\"text\" ><p style=\"text-align: justify;\">Un nuevo cap\u00edtulo para el cuidado y protecci\u00f3n del ambiente se est\u00e1 escribiendo desde la comuna porte\u00f1a para toda la Regi\u00f3n de Ays\u00e9n, esto tras la determinaci\u00f3n de Empresas Bahamonde, encargada de la recolecci\u00f3n de residuos s\u00f3lidos domiciliarios y el Relleno Sanitario de Puerto Ays\u00e9n de comenzar las pruebas experimentales para el inicio del Reciclaje Domiciliario. Un paso que se da tras su reciente incursi\u00f3n en el Reciclaje Industrial y que ha permitido contribuir de forma efectiva en una reducci\u00f3n de emisiones de carbono para sus colaboradores. Dos \u201cPuntos verdes\u201d instalados en la Escuela B\u00e1sica Ribera Sur y el Jard\u00edn Lobito Feroz ser\u00e1n claves para el proceso.<\/p>\n<p style=\"text-align: justify;\">El pilotaje cuenta con tres contenedores destinados para: Pl\u00e1sticos PET; Cartones y Latas. As\u00ed lo indic\u00f3 la encargada de Vinculaci\u00f3n con el Medio de la ic\u00f3nica empresa aysenina, B\u00e1rbara Weisser Rivera, quien, adem\u00e1s, explic\u00f3 que la recolecci\u00f3n de los residuos se realizar\u00e1 de forma semanal con contenedores de sustituci\u00f3n. Esto a fin de no ver interrumpida la iniciativa en la carga y descarga que se debe efectuar en las dependencias del reciclaje y el Relleno Sanitario.<\/p>\n<p style=\"text-align: justify;\">Con ello, la profesional en Recursos Naturales Renovables coment\u00f3 que \u201ceste proyecto surge con el prop\u00f3sito de reciclar residuos que provienen de la comunidad para que no lleguen al Relleno Sanitario y se les d\u00e9 un nuevo uso a trav\u00e9s de su reciclaje, reutilizaci\u00f3n o disposici\u00f3n final correspondiente como en el caso de las pilas, por ejemplo. En estos puntos pioneros en el proyecto de reciclaje domiciliario incluiremos tambi\u00e9n el acopio de las tapitas pl\u00e1sticas para la campa\u00f1a de las Damas de Caf\u00e9 y tambi\u00e9n de Patagonia \u201cPonte las Pilas\u201d de Edelaysen. Lo \u00faltimo como parte de un convenio que estamos realizando con la filial del Grupo Saesa para poder aumentar as\u00ed los distintos materiales y tipos de residuos que se pueden recibir en estos Puntos verdes\u201d.<\/p>\n<p style=\"text-align: justify;\">Por lo que, la personera de Empresas Bahamonde destac\u00f3 que en las pr\u00f3ximas semanas se efectuar\u00e1n distintas actividades para la promoci\u00f3n de los Puntos Verdes con la comunidad e invit\u00f3 a los habitantes de la comuna de Ays\u00e9n, ya sean estos de Islas Huichas, Ma\u00f1ihuales, Los Torreones y otras zonas periurbanas a estar atentos a las novedades que tendr\u00e1n en materia de cuidado y protecci\u00f3n del ambiente.<\/p>\n<p style=\"text-align: justify;\">Por su parte, Neddy Jara Al\u00ed, jefa de la UTP de la Escuela B\u00e1sica Rivera Sur, relat\u00f3 la vinculaci\u00f3n que tienen con la empresa aysenina desde el 2023 para fortalecer los sellos educativos del establecimiento \u201cen el marco de ello, la voluntad y el compromiso de todo el equipo de Empresas Bahamonde aporta significativamente a nuestra comunidad, incorporando en esta ocasi\u00f3n contenedores de reciclaje que fortalecen nuestra pr\u00e1ctica institucional denominada Misi\u00f3n Reciclaje\u2026 compartiendo desde la acci\u00f3n misma, el impacto positivo que conlleva reciclar para cuidar el planeta. Por lo dem\u00e1s, complementamos aquello con las actividades de nuestro taller de huerto y reciclaje con enfoque agroecol\u00f3gico\u201d.<\/p>\n<p style=\"text-align: justify;\">Finalmente, Yasna Guti\u00e9rrez, educadora de p\u00e1rvulos del Jard\u00edn Infantil \u201cLobito Feroz\u201d explic\u00f3 que tras la instalaci\u00f3n de los Puntos \u201cparticiparon los ni\u00f1os, ni\u00f1as y la comunidad educativa conociendo algunas indicaciones b\u00e1sicas para reciclar, constatando las mejoras para poder llevar a cabo esta acci\u00f3n. Adem\u00e1s, se coordin\u00f3 la posibilidad de mejorar el invernadero existente en el jard\u00edn infantil para seguir fortaleciendo este espacio educativo\u201d, puntualiz\u00f3 Guti\u00e9rrez.<\/p>\n<\/div><\/section><\/div><div  style='height:50px' class='hr hr-invisible   avia-builder-el-6  el_after_av_one_full  el_before_av_social_share '><span class='hr-inner ' ><span class='hr-inner-style'><\/span><\/span><\/div><\/p>\n<div  class='av-social-sharing-box  avia-builder-el-7  el_after_av_hr  el_before_av_hr  '><div class='av-share-box'><h5 class='av-share-link-description av-no-toc '>Compartir esta noticia<\/h5><ul class='av-share-box-list noLightbox'><li class='av-share-link av-social-link-facebook' ><a target=\"_blank\" aria-label=\"Compartir en Facebook\" href='https:\/\/www.facebook.com\/sharer.php?u=https:\/\/radiorevelacionfm.cl\/?p=40382&#038;t=Inician%20piloto%20de%20%E2%80%9CPuntos%20verdes%E2%80%9D%20para%20pasar%20al%20reciclaje%20domiciliario%20en%20Puerto%20Ays%C3%A9n' aria-hidden='false' data-av_icon='\ue8f3' data-av_iconfont='entypo-fontello' title='' data-avia-related-tooltip='Compartir en Facebook' rel=\"noopener\"><span class='avia_hidden_link_text'>Compartir en Facebook<\/span><\/a><\/li><li class='av-share-link av-social-link-twitter' ><a target=\"_blank\" aria-label=\"Compartir en Twitter\" href='https:\/\/twitter.com\/share?text=Inician%20piloto%20de%20%E2%80%9CPuntos%20verdes%E2%80%9D%20para%20pasar%20al%20reciclaje%20domiciliario%20en%20Puerto%20Ays%C3%A9n&#038;url=https:\/\/radiorevelacionfm.cl\/?p=40382' aria-hidden='false' data-av_icon='\ue8f1' data-av_iconfont='entypo-fontello' title='' data-avia-related-tooltip='Compartir en Twitter' rel=\"noopener\"><span class='avia_hidden_link_text'>Compartir en Twitter<\/span><\/a><\/li><li class='av-share-link av-social-link-whatsapp' ><a target=\"_blank\" aria-label=\"Compartir en Whatsapp\" href='https:\/\/api.whatsapp.com\/send?text=https:\/\/radiorevelacionfm.cl\/?p=40382' aria-hidden='false' data-av_icon='\uf232' data-av_iconfont='entypo-fontello' title='' data-avia-related-tooltip='Compartir en Whatsapp' rel=\"noopener\"><span class='avia_hidden_link_text'>Compartir en Whatsapp<\/span><\/a><\/li><li class='av-share-link av-social-link-linkedin' ><a target=\"_blank\" aria-label=\"Compartir en LinkedIn\" href='https:\/\/linkedin.com\/shareArticle?mini=true&#038;title=Inician%20piloto%20de%20%E2%80%9CPuntos%20verdes%E2%80%9D%20para%20pasar%20al%20reciclaje%20domiciliario%20en%20Puerto%20Ays%C3%A9n&#038;url=https:\/\/radiorevelacionfm.cl\/?p=40382' aria-hidden='false' data-av_icon='\ue8fc' data-av_iconfont='entypo-fontello' title='' data-avia-related-tooltip='Compartir en LinkedIn' rel=\"noopener\"><span class='avia_hidden_link_text'>Compartir en LinkedIn<\/span><\/a><\/li><li class='av-share-link av-social-link-mail' ><a  aria-label=\"Compartir por correo\" href='mailto:?subject=Inician%20piloto%20de%20%E2%80%9CPuntos%20verdes%E2%80%9D%20para%20pasar%20al%20reciclaje%20domiciliario%20en%20Puerto%20Ays%C3%A9n&#038;body=https:\/\/radiorevelacionfm.cl\/?p=40382' aria-hidden='false' data-av_icon='\ue805' data-av_iconfont='entypo-fontello' title='' data-avia-related-tooltip='Compartir por correo'><span class='avia_hidden_link_text'>Compartir por correo<\/span><\/a><\/li><\/ul><\/div><\/div>\n<div  style='height:50px' class='hr hr-invisible   avia-builder-el-8  el_after_av_social_share  el_before_av_comments_list '><span class='hr-inner ' ><span class='hr-inner-style'><\/span><\/span><\/div>\n<div  class='av-buildercomment  av-blog-meta-html-info-disabled av-blog-meta-tag-disabled  '><\/div>\n","protected":false},"excerpt":{"rendered":"","protected":false},"author":1,"featured_media":40383,"comment_status":"open","ping_status":"open","sticky":false,"template":"","format":"standard","meta":{"footnotes":""},"categories":[38],"tags":[],"class_list":["post-40382","post","type-post","status-publish","format-standard","has-post-thumbnail","hentry","category-regional"],"jetpack_featured_media_url":"https:\/\/radiorevelacionfm.cl\/wp-content\/uploads\/2024\/03\/img-puntoverde-bahamonde1-2_optimized-1.jpeg","_links":{"self":[{"href":"https:\/\/radiorevelacionfm.cl\/index.php?rest_route=\/wp\/v2\/posts\/40382","targetHints":{"allow":["GET"]}}],"collection":[{"href":"https:\/\/radiorevelacionfm.cl\/index.php?rest_route=\/wp\/v2\/posts"}],"about":[{"href":"https:\/\/radiorevelacionfm.cl\/index.php?rest_route=\/wp\/v2\/types\/post"}],"author":[{"embeddable":true,"href":"https:\/\/radiorevelacionfm.cl\/index.php?rest_route=\/wp\/v2\/users\/1"}],"replies":[{"embeddable":true,"href":"https:\/\/radiorevelacionfm.cl\/index.php?rest_route=%2Fwp%2Fv2%2Fcomments&post=40382"}],"version-history":[{"count":1,"href":"https:\/\/radiorevelacionfm.cl\/index.php?rest_route=\/wp\/v2\/posts\/40382\/revisions"}],"predecessor-version":[{"id":40384,"href":"https:\/\/radiorevelacionfm.cl\/index.php?rest_route=\/wp\/v2\/posts\/40382\/revisions\/40384"}],"wp:featuredmedia":[{"embeddable":true,"href":"https:\/\/radiorevelacionfm.cl\/index.php?rest_route=\/wp\/v2\/media\/40383"}],"wp:attachment":[{"href":"https:\/\/radiorevelacionfm.cl\/index.php?rest_route=%2Fwp%2Fv2%2Fmedia&parent=40382"}],"wp:term":[{"taxonomy":"category","embeddable":true,"href":"https:\/\/radiorevelacionfm.cl\/index.php?rest_route=%2Fwp%2Fv2%2Fcategories&post=40382"},{"taxonomy":"post_tag","embeddable":true,"href":"https:\/\/radiorevelacionfm.cl\/index.php?rest_route=%2Fwp%2Fv2%2Ftags&post=40382"}],"curies":[{"name":"wp","href":"https:\/\/api.w.org\/{rel}","templated":true}]}}