{"id":40379,"date":"2024-03-15T15:38:37","date_gmt":"2024-03-15T18:38:37","guid":{"rendered":"https:\/\/radiorevelacionfm.cl\/?p=40379"},"modified":"2024-03-15T15:38:37","modified_gmt":"2024-03-15T18:38:37","slug":"marea-roja-coordinan-acciones-preventivas-y-de-fiscalizacion-en-semana-santa","status":"publish","type":"post","link":"https:\/\/radiorevelacionfm.cl\/?p=40379","title":{"rendered":"Marea Roja: coordinan acciones preventivas y de fiscalizaci\u00f3n en Semana Santa"},"content":{"rendered":"<div class=\"flex_column av_one_full  flex_column_div av-zero-column-padding first  avia-builder-el-0  el_before_av_one_full  avia-builder-el-first  \" style='border-radius:0px; '><div  class='avia-image-container  av-styling-    avia-builder-el-1  avia-builder-el-no-sibling  avia-align-center '  itemprop=\"image\" itemscope=\"itemscope\" itemtype=\"https:\/\/schema.org\/ImageObject\"  ><div class='avia-image-container-inner'><div class='avia-image-overlay-wrap'><img decoding=\"async\" class='wp-image-40380 avia-img-lazy-loading-not-40380 avia_image' src=\"https:\/\/radiorevelacionfm.cl\/wp-content\/uploads\/2024\/03\/IMG_20240314_101022602-1-1.jpg\" alt='' title='IMG_20240314_101022602 (1) (1)' height=\"600\" width=\"1067\"  itemprop=\"thumbnailUrl\" srcset=\"https:\/\/radiorevelacionfm.cl\/wp-content\/uploads\/2024\/03\/IMG_20240314_101022602-1-1.jpg 1067w, https:\/\/radiorevelacionfm.cl\/wp-content\/uploads\/2024\/03\/IMG_20240314_101022602-1-1-300x169.jpg 300w, https:\/\/radiorevelacionfm.cl\/wp-content\/uploads\/2024\/03\/IMG_20240314_101022602-1-1-1030x579.jpg 1030w, https:\/\/radiorevelacionfm.cl\/wp-content\/uploads\/2024\/03\/IMG_20240314_101022602-1-1-768x432.jpg 768w, https:\/\/radiorevelacionfm.cl\/wp-content\/uploads\/2024\/03\/IMG_20240314_101022602-1-1-705x396.jpg 705w, https:\/\/radiorevelacionfm.cl\/wp-content\/uploads\/2024\/03\/IMG_20240314_101022602-1-1-450x253.jpg 450w, https:\/\/radiorevelacionfm.cl\/wp-content\/uploads\/2024\/03\/IMG_20240314_101022602-1-1-600x337.jpg 600w\" sizes=\"(max-width: 1067px) 100vw, 1067px\" \/><\/div><\/div><\/div><\/div><div class=\"flex_column av_one_full  flex_column_div av-zero-column-padding first  avia-builder-el-2  el_after_av_one_full  el_before_av_one_full  column-top-margin\" style='border-radius:0px; '><section class=\"av_textblock_section \"  itemscope=\"itemscope\" itemtype=\"https:\/\/schema.org\/BlogPosting\" itemprop=\"blogPost\" ><div class='avia_textblock  '   itemprop=\"text\" ><p style=\"text-align: center;\"><strong><span style=\"font-size: 18pt;\">Marea Roja: coordinan acciones preventivas y de fiscalizaci\u00f3n en Semana Santa<\/span><\/strong><\/p>\n<div id=\"gtx-trans\" style=\"position: absolute; left: -50px; top: 4.31534px;\">\n<div class=\"gtx-trans-icon\"><\/div>\n<\/div>\n<\/div><\/section><\/div><div class=\"flex_column av_one_full  flex_column_div av-zero-column-padding first  avia-builder-el-4  el_after_av_one_full  el_before_av_hr  column-top-margin\" style='border-radius:0px; '><section class=\"av_textblock_section \"  itemscope=\"itemscope\" itemtype=\"https:\/\/schema.org\/BlogPosting\" itemprop=\"blogPost\" ><div class='avia_textblock  '   itemprop=\"text\" ><p style=\"text-align: justify;\">Una reuni\u00f3n de coordinaci\u00f3n y planificaci\u00f3n de acciones, ad portas de la festividad de Semana Santa (29-30 y 31 de marzo) se llev\u00f3 a cabo en la Delegaci\u00f3n Presidencial Provincial de Ays\u00e9n, por parte del Comit\u00e9 de Marea Roja.<\/p>\n<p style=\"text-align: justify;\">Importantes tem\u00e1ticas de gesti\u00f3n interinstitucional como el monitoreo y revisi\u00f3n de los principales puertos y caletas de desembarque de productos del mar para su posterior comercializaci\u00f3n, la apertura y cierre de \u00e1reas de extracci\u00f3n de mariscos y la fiscalizaci\u00f3n de restaurantes y locales de venta debidamente certificados y autorizados para el consumo de alimentos hidrobiol\u00f3gicos, fueron abordados durante la reuni\u00f3n.<\/p>\n<p style=\"text-align: justify;\">El Delegado Presidencial Provincial de Ays\u00e9n Jorge D\u00edaz Guzm\u00e1n, destac\u00f3 como una de las prioridades m\u00e1s importantes para el Gobierno, la activaci\u00f3n de los protocolos y coordinaci\u00f3n por parte de las instituciones p\u00fablicas para resguardar el consumo de alimentos del mar en forma segura, por parte de\u00a0 \u00a0la poblaci\u00f3n. \u201cLa idea es evitar y prevenir, mediante los procedimientos de fiscalizaci\u00f3n de la autoridad sanitaria y organismos pertinentes, que productos contaminados lleguen a los mercados de la Regi\u00f3n de Ays\u00e9n u otras zonas del pa\u00eds\u201d, recalc\u00f3 la autoridad.<\/p>\n<p style=\"text-align: justify;\">Por su parte, H\u00e9ctor Barros, Jefe (S) de Laboratorio de Salud P\u00fablica y Programa de Marea Roja de la Seremi de Salud, explic\u00f3 que en esta materia, de manera conjunta con el Instituto de Fomento Pesquero (IFOP),\u00a0 desarrollan durante todo el a\u00f1o muestreos de productos del mar en diversos puntos del litoral de la Regi\u00f3n de Ays\u00e9n, para detectar los niveles de toxicidad por\u00a0 marea roja, emitiendo resoluciones de apertura o cierre de zonas para una extracci\u00f3n y consumo seguro de los mariscos. Y para el caso de Semana Santa, \u201ca trav\u00e9s del an\u00e1lisis de los productos que llegan directamente para el consumo por parte de los extractores, como instituci\u00f3n sanitaria, velamos\u00a0 para que \u00e9stos se encuentren\u00a0 libres de toxinas y bajo el l\u00edmite regulatorio para que puedan ser consumidos por las personas\u201d, agreg\u00f3.<\/p>\n<p style=\"text-align: justify;\">Desde el Servicio Nacional de Pesca (SERNAPESCA), su Director Regional Jorge Padilla, calific\u00f3 como muy importante la participaci\u00f3n conjunta de los servicios p\u00fablicos, destacando que \u201cel esfuerzo y despliegue institucional en materia de fiscalizaci\u00f3n se intensifica en esta temporada del a\u00f1o, principalmente,\u00a0 en aquellas zonas de pesca, puntos de desembarque, zonas de distribuci\u00f3n y de mayor riesgo de la cadena de valor para la extracci\u00f3n de\u00a0 los productos del mar\u201d, acot\u00f3.<\/p>\n<p style=\"text-align: justify;\">Participaron de esta instancia del Comit\u00e9 de Marea Roja, Representantes del Laboratorio de Salud P\u00fablica de la Seremi de Salud de Ays\u00e9n, la Direcci\u00f3n Zonal de\u00a0 SUBPESCA, la Armada de Chile, el Servicio Nacional de Aduanas, SERNAPESCA, IFOP, Carabineros de Chile y Polic\u00eda de Investigaciones.<\/p>\n<\/div><\/section><\/div><div  style='height:50px' class='hr hr-invisible   avia-builder-el-6  el_after_av_one_full  el_before_av_social_share '><span class='hr-inner ' ><span class='hr-inner-style'><\/span><\/span><\/div><\/p>\n<div  class='av-social-sharing-box  avia-builder-el-7  el_after_av_hr  el_before_av_hr  '><div class='av-share-box'><h5 class='av-share-link-description av-no-toc '>Compartir esta noticia<\/h5><ul class='av-share-box-list noLightbox'><li class='av-share-link av-social-link-facebook' ><a target=\"_blank\" aria-label=\"Compartir en Facebook\" href='https:\/\/www.facebook.com\/sharer.php?u=https:\/\/radiorevelacionfm.cl\/?p=40379&#038;t=Marea%20Roja%3A%20coordinan%20acciones%20preventivas%20y%20de%20fiscalizaci%C3%B3n%20en%20Semana%20Santa' aria-hidden='false' data-av_icon='\ue8f3' data-av_iconfont='entypo-fontello' title='' data-avia-related-tooltip='Compartir en Facebook' rel=\"noopener\"><span class='avia_hidden_link_text'>Compartir en Facebook<\/span><\/a><\/li><li class='av-share-link av-social-link-twitter' ><a target=\"_blank\" aria-label=\"Compartir en Twitter\" href='https:\/\/twitter.com\/share?text=Marea%20Roja%3A%20coordinan%20acciones%20preventivas%20y%20de%20fiscalizaci%C3%B3n%20en%20Semana%20Santa&#038;url=https:\/\/radiorevelacionfm.cl\/?p=40379' aria-hidden='false' data-av_icon='\ue8f1' data-av_iconfont='entypo-fontello' title='' data-avia-related-tooltip='Compartir en Twitter' rel=\"noopener\"><span class='avia_hidden_link_text'>Compartir en Twitter<\/span><\/a><\/li><li class='av-share-link av-social-link-whatsapp' ><a target=\"_blank\" aria-label=\"Compartir en Whatsapp\" href='https:\/\/api.whatsapp.com\/send?text=https:\/\/radiorevelacionfm.cl\/?p=40379' aria-hidden='false' data-av_icon='\uf232' data-av_iconfont='entypo-fontello' title='' data-avia-related-tooltip='Compartir en Whatsapp' rel=\"noopener\"><span class='avia_hidden_link_text'>Compartir en Whatsapp<\/span><\/a><\/li><li class='av-share-link av-social-link-linkedin' ><a target=\"_blank\" aria-label=\"Compartir en LinkedIn\" href='https:\/\/linkedin.com\/shareArticle?mini=true&#038;title=Marea%20Roja%3A%20coordinan%20acciones%20preventivas%20y%20de%20fiscalizaci%C3%B3n%20en%20Semana%20Santa&#038;url=https:\/\/radiorevelacionfm.cl\/?p=40379' aria-hidden='false' data-av_icon='\ue8fc' data-av_iconfont='entypo-fontello' title='' data-avia-related-tooltip='Compartir en LinkedIn' rel=\"noopener\"><span class='avia_hidden_link_text'>Compartir en LinkedIn<\/span><\/a><\/li><li class='av-share-link av-social-link-mail' ><a  aria-label=\"Compartir por correo\" href='mailto:?subject=Marea%20Roja%3A%20coordinan%20acciones%20preventivas%20y%20de%20fiscalizaci%C3%B3n%20en%20Semana%20Santa&#038;body=https:\/\/radiorevelacionfm.cl\/?p=40379' aria-hidden='false' data-av_icon='\ue805' data-av_iconfont='entypo-fontello' title='' data-avia-related-tooltip='Compartir por correo'><span class='avia_hidden_link_text'>Compartir por correo<\/span><\/a><\/li><\/ul><\/div><\/div>\n<div  style='height:50px' class='hr hr-invisible   avia-builder-el-8  el_after_av_social_share  el_before_av_comments_list '><span class='hr-inner ' ><span class='hr-inner-style'><\/span><\/span><\/div>\n<div  class='av-buildercomment  av-blog-meta-html-info-disabled av-blog-meta-tag-disabled  '><\/div>\n","protected":false},"excerpt":{"rendered":"","protected":false},"author":1,"featured_media":40380,"comment_status":"open","ping_status":"open","sticky":false,"template":"","format":"standard","meta":{"footnotes":""},"categories":[38],"tags":[],"class_list":["post-40379","post","type-post","status-publish","format-standard","has-post-thumbnail","hentry","category-regional"],"jetpack_featured_media_url":"https:\/\/radiorevelacionfm.cl\/wp-content\/uploads\/2024\/03\/IMG_20240314_101022602-1-1.jpg","_links":{"self":[{"href":"https:\/\/radiorevelacionfm.cl\/index.php?rest_route=\/wp\/v2\/posts\/40379","targetHints":{"allow":["GET"]}}],"collection":[{"href":"https:\/\/radiorevelacionfm.cl\/index.php?rest_route=\/wp\/v2\/posts"}],"about":[{"href":"https:\/\/radiorevelacionfm.cl\/index.php?rest_route=\/wp\/v2\/types\/post"}],"author":[{"embeddable":true,"href":"https:\/\/radiorevelacionfm.cl\/index.php?rest_route=\/wp\/v2\/users\/1"}],"replies":[{"embeddable":true,"href":"https:\/\/radiorevelacionfm.cl\/index.php?rest_route=%2Fwp%2Fv2%2Fcomments&post=40379"}],"version-history":[{"count":1,"href":"https:\/\/radiorevelacionfm.cl\/index.php?rest_route=\/wp\/v2\/posts\/40379\/revisions"}],"predecessor-version":[{"id":40381,"href":"https:\/\/radiorevelacionfm.cl\/index.php?rest_route=\/wp\/v2\/posts\/40379\/revisions\/40381"}],"wp:featuredmedia":[{"embeddable":true,"href":"https:\/\/radiorevelacionfm.cl\/index.php?rest_route=\/wp\/v2\/media\/40380"}],"wp:attachment":[{"href":"https:\/\/radiorevelacionfm.cl\/index.php?rest_route=%2Fwp%2Fv2%2Fmedia&parent=40379"}],"wp:term":[{"taxonomy":"category","embeddable":true,"href":"https:\/\/radiorevelacionfm.cl\/index.php?rest_route=%2Fwp%2Fv2%2Fcategories&post=40379"},{"taxonomy":"post_tag","embeddable":true,"href":"https:\/\/radiorevelacionfm.cl\/index.php?rest_route=%2Fwp%2Fv2%2Ftags&post=40379"}],"curies":[{"name":"wp","href":"https:\/\/api.w.org\/{rel}","templated":true}]}}