{"id":40376,"date":"2024-03-15T12:51:32","date_gmt":"2024-03-15T15:51:32","guid":{"rendered":"https:\/\/radiorevelacionfm.cl\/?p=40376"},"modified":"2024-03-15T12:51:32","modified_gmt":"2024-03-15T15:51:32","slug":"gobernadora-macias-y-asignaciones-directas-esperamos-poder-seguir-siendo-un-aporte-en-el-ambito-deportivo-social-cultural","status":"publish","type":"post","link":"https:\/\/radiorevelacionfm.cl\/?p=40376","title":{"rendered":"Gobernadora Mac\u00edas y Asignaciones Directas: \u00abEsperamos poder seguir siendo un aporte en el \u00e1mbito deportivo, social, cultural\u00bb"},"content":{"rendered":"<div class=\"flex_column av_one_full  flex_column_div av-zero-column-padding first  avia-builder-el-0  el_before_av_one_full  avia-builder-el-first  \" style='border-radius:0px; '><div  class='avia-image-container  av-styling-    avia-builder-el-1  avia-builder-el-no-sibling  avia-align-center '  itemprop=\"image\" itemscope=\"itemscope\" itemtype=\"https:\/\/schema.org\/ImageObject\"  ><div class='avia-image-container-inner'><div class='avia-image-overlay-wrap'><img decoding=\"async\" class='wp-image-40377 avia-img-lazy-loading-not-40377 avia_image' src=\"https:\/\/radiorevelacionfm.cl\/wp-content\/uploads\/2024\/03\/WhatsApp-Image-2024-03-13-at-3.50.19-PM-1-1.jpeg\" alt='' title='WhatsApp Image 2024-03-13 at 3.50.19 PM (1) (1)' height=\"600\" width=\"1067\"  itemprop=\"thumbnailUrl\" srcset=\"https:\/\/radiorevelacionfm.cl\/wp-content\/uploads\/2024\/03\/WhatsApp-Image-2024-03-13-at-3.50.19-PM-1-1.jpeg 1067w, https:\/\/radiorevelacionfm.cl\/wp-content\/uploads\/2024\/03\/WhatsApp-Image-2024-03-13-at-3.50.19-PM-1-1-300x169.jpeg 300w, https:\/\/radiorevelacionfm.cl\/wp-content\/uploads\/2024\/03\/WhatsApp-Image-2024-03-13-at-3.50.19-PM-1-1-1030x579.jpeg 1030w, https:\/\/radiorevelacionfm.cl\/wp-content\/uploads\/2024\/03\/WhatsApp-Image-2024-03-13-at-3.50.19-PM-1-1-768x432.jpeg 768w, https:\/\/radiorevelacionfm.cl\/wp-content\/uploads\/2024\/03\/WhatsApp-Image-2024-03-13-at-3.50.19-PM-1-1-705x396.jpeg 705w, https:\/\/radiorevelacionfm.cl\/wp-content\/uploads\/2024\/03\/WhatsApp-Image-2024-03-13-at-3.50.19-PM-1-1-450x253.jpeg 450w, https:\/\/radiorevelacionfm.cl\/wp-content\/uploads\/2024\/03\/WhatsApp-Image-2024-03-13-at-3.50.19-PM-1-1-600x337.jpeg 600w\" sizes=\"(max-width: 1067px) 100vw, 1067px\" \/><\/div><\/div><\/div><\/div><div class=\"flex_column av_one_full  flex_column_div av-zero-column-padding first  avia-builder-el-2  el_after_av_one_full  el_before_av_one_full  column-top-margin\" style='border-radius:0px; '><section class=\"av_textblock_section \"  itemscope=\"itemscope\" itemtype=\"https:\/\/schema.org\/BlogPosting\" itemprop=\"blogPost\" ><div class='avia_textblock  '   itemprop=\"text\" ><p style=\"text-align: center;\"><strong><span style=\"font-size: 18pt;\">Gobernadora Mac\u00edas y Asignaciones Directas: \u00abEsperamos poder seguir siendo un aporte en el \u00e1mbito deportivo, social, cultural\u00bb<\/span><\/strong><\/p>\n<div id=\"gtx-trans\" style=\"position: absolute; left: -50px; top: 4.31534px;\">\n<div class=\"gtx-trans-icon\"><\/div>\n<\/div>\n<\/div><\/section><\/div><div class=\"flex_column av_one_full  flex_column_div av-zero-column-padding first  avia-builder-el-4  el_after_av_one_full  el_before_av_hr  column-top-margin\" style='border-radius:0px; '><section class=\"av_textblock_section \"  itemscope=\"itemscope\" itemtype=\"https:\/\/schema.org\/BlogPosting\" itemprop=\"blogPost\" ><div class='avia_textblock  '   itemprop=\"text\" ><p dir=\"ltr\" style=\"text-align: justify;\">Este mi\u00e9rcoles 13 de marzo se realiz\u00f3 una nueva sesi\u00f3n plenaria del Consejo Regional de Ays\u00e9n, donde, entre otros temas, se abord\u00f3 la votaci\u00f3n del instructivo para Asignaciones Directas del 8% del FNDR, la cual no obtuvo los votos necesarios para ser aprobado.<\/p>\n<p dir=\"ltr\" style=\"text-align: justify;\">El documento consideraba la posibilidad de financiar actividades excepcionales y emergentes, lo que se estableci\u00f3 tras la aprobaci\u00f3n de la Ley de Presupuestos 2024 en el Congreso Nacional. Estas actividades excepcionales principalmente se refieren a deportistas destacados o agrupaciones que representen a la regi\u00f3n en encuentros o competiciones nacionales o internacionales.<\/p>\n<p dir=\"ltr\" style=\"text-align: justify;\">Asimismo tambi\u00e9n se contemplaba que las iniciativas que se presenten ser\u00e1n votadas en el Consejo Regional y ser\u00e1n los consejeros quienes que rechacen o aprueben la asignaci\u00f3n de recursos a los solicitantes.<\/p>\n<p dir=\"ltr\" style=\"text-align: justify;\">La Gobernadora Regional Andrea Mac\u00edas Palma lament\u00f3 las abstenciones de gran parte de los Consejeros, lo que impidi\u00f3 la aprobaci\u00f3n del instructivo, afirmando que ya existen solicitudes de recursos para competiciones mundiales en distintas categor\u00edas. Por esta raz\u00f3n se convocar\u00e1 para la pr\u00f3xima semana a un plenario extraordinario del CORE para \u00abpoder conversar y lograr acuerdos\u00bb.<\/p>\n<p dir=\"ltr\" style=\"text-align: justify;\">\u00abVamos a seguir impulsando a trav\u00e9s de la Asignaci\u00f3n Directa el apoyo irrestricto a nuestros deportistas, sobre todo a aquellos que tienen representaci\u00f3n nuestra, aquellos que salen del territorio, sabemos lo que nos cuesta, lo que le cuesta a la familia, as\u00ed que esperamos poder seguir siendo un aporte en el \u00e1mbito deportivo, social, cultural y otros temas tan espec\u00edficos que nos ha permitido la asignaci\u00f3n directa, como por ejemplo la atenci\u00f3n de personas en el espectro autista y otro tipo de actividades\u00bb, afirm\u00f3 la m\u00e1xima autoridad regional.<\/p>\n<p dir=\"ltr\" style=\"text-align: justify;\">Por su parte, la Consejera Regional Mar\u00eda Loreta Villegas, una de las que present\u00f3 objeciones al instructivo asegur\u00f3 que de igual forma esperan aprobar el documento a la brevedad.<\/p>\n<p dir=\"ltr\" style=\"text-align: justify;\">Seg\u00fan la consejera por la Provincia de Ays\u00e9n, la abstenci\u00f3n tuvo que ver con que \u00aba\u00fan quedan imprecisiones que nosotros como consejeros queremos plasmar en el instructivo. Una tiene que ver principalmente con la equidad territorial, tambi\u00e9n se cuestion\u00f3 el tema de los montos, pero son cosas que son subsanables con una conversaci\u00f3n as\u00ed es que esperamos que en el pr\u00f3ximo plenario se pueda aprobar este instructivo\u00bb.<\/p>\n<p dir=\"ltr\" style=\"text-align: justify;\"><strong>Nuevo Plan Regulador Coyhaique-Ays\u00e9n<\/strong><\/p>\n<p dir=\"ltr\" style=\"text-align: justify;\">Por otra parte, el Consejo Regional aprob\u00f3 el nuevo Plan Regulador Intercomunal para las comunas de Coyhaique y Ays\u00e9n (PRICA), documento que se viene trabajando desde el a\u00f1o 2005 y en el que han participado el ministerio de Vivienda, el Gobierno Regional, organizaciones sociales y otras instituciones.<\/p>\n<p dir=\"ltr\" style=\"text-align: justify;\">Ahora la propuesta ser\u00e1 revisada por Contralor\u00eda, que debe tomar raz\u00f3n para que esta pueda entrar en vigencia, lo que significar\u00e1 un importante insumo para la planificaci\u00f3n de las comunas, seg\u00fan explic\u00f3 la presidenta de la comisi\u00f3n de Vivienda del CORE, Marisol Mart\u00ednez.<\/p>\n<p dir=\"ltr\" style=\"text-align: justify;\">\u00abTiene que ver con los l\u00edmites urbanos, con las zonas de riesgo, con todos los aspectos de la conectividad vial. Tiene que ver con la planificaci\u00f3n, el crecimiento y el desarrollo de nuestras dos comunas m\u00e1s importantes de la regi\u00f3n. Va a permitir un desarrollo importante para que posteriormente los planes comunales puedan desarrollarse bajo ese alero sin el requerimiento de ir a Contralor\u00eda\u00bb, asegur\u00f3 la Consejera.<\/p>\n<p dir=\"ltr\" style=\"text-align: justify;\">Finalmente, otro de los temas aprobados fue el financiamiento del programa de prevenci\u00f3n de la marea roja, propuesta presentada por la secretar\u00eda regional ministerial de salud, medida que seg\u00fan el presidente de la comisi\u00f3n de Fomento Productivo, Omar Mu\u00f1oz, significar\u00e1 un apoyo importante para este sector.<\/p>\n<p dir=\"ltr\" style=\"text-align: justify;\">\u00abLo que se quiere hacer es tratar de evitar o dejar atr\u00e1s los bioensayos que son con animales, en este caso con ratoncitos, para detectar el veneno y pasar a t\u00e9cnicas que son m\u00e1s instrumentales y que permitir\u00edan mayor eficiencia en la detecci\u00f3n de este veneno\u00bb, afirm\u00f3.<\/p>\n<\/div><\/section><\/div><div  style='height:50px' class='hr hr-invisible   avia-builder-el-6  el_after_av_one_full  el_before_av_social_share '><span class='hr-inner ' ><span class='hr-inner-style'><\/span><\/span><\/div><\/p>\n<div  class='av-social-sharing-box  avia-builder-el-7  el_after_av_hr  el_before_av_hr  '><div class='av-share-box'><h5 class='av-share-link-description av-no-toc '>Compartir esta noticia<\/h5><ul class='av-share-box-list noLightbox'><li class='av-share-link av-social-link-facebook' ><a target=\"_blank\" aria-label=\"Compartir en Facebook\" href='https:\/\/www.facebook.com\/sharer.php?u=https:\/\/radiorevelacionfm.cl\/?p=40376&#038;t=Gobernadora%20Mac%C3%ADas%20y%20Asignaciones%20Directas%3A%20%C2%ABEsperamos%20poder%20seguir%20siendo%20un%20aporte%20en%20el%20%C3%A1mbito%20deportivo%2C%20social%2C%20cultural%C2%BB' aria-hidden='false' data-av_icon='\ue8f3' data-av_iconfont='entypo-fontello' title='' data-avia-related-tooltip='Compartir en Facebook' rel=\"noopener\"><span class='avia_hidden_link_text'>Compartir en Facebook<\/span><\/a><\/li><li class='av-share-link av-social-link-twitter' ><a target=\"_blank\" aria-label=\"Compartir en Twitter\" href='https:\/\/twitter.com\/share?text=Gobernadora%20Mac%C3%ADas%20y%20Asignaciones%20Directas%3A%20%C2%ABEsperamos%20poder%20seguir%20siendo%20un%20aporte%20en%20el%20%C3%A1mbito%20deportivo%2C%20social%2C%20cultural%C2%BB&#038;url=https:\/\/radiorevelacionfm.cl\/?p=40376' aria-hidden='false' data-av_icon='\ue8f1' data-av_iconfont='entypo-fontello' title='' data-avia-related-tooltip='Compartir en Twitter' rel=\"noopener\"><span class='avia_hidden_link_text'>Compartir en Twitter<\/span><\/a><\/li><li class='av-share-link av-social-link-whatsapp' ><a target=\"_blank\" aria-label=\"Compartir en Whatsapp\" href='https:\/\/api.whatsapp.com\/send?text=https:\/\/radiorevelacionfm.cl\/?p=40376' aria-hidden='false' data-av_icon='\uf232' data-av_iconfont='entypo-fontello' title='' data-avia-related-tooltip='Compartir en Whatsapp' rel=\"noopener\"><span class='avia_hidden_link_text'>Compartir en Whatsapp<\/span><\/a><\/li><li class='av-share-link av-social-link-linkedin' ><a target=\"_blank\" aria-label=\"Compartir en LinkedIn\" href='https:\/\/linkedin.com\/shareArticle?mini=true&#038;title=Gobernadora%20Mac%C3%ADas%20y%20Asignaciones%20Directas%3A%20%C2%ABEsperamos%20poder%20seguir%20siendo%20un%20aporte%20en%20el%20%C3%A1mbito%20deportivo%2C%20social%2C%20cultural%C2%BB&#038;url=https:\/\/radiorevelacionfm.cl\/?p=40376' aria-hidden='false' data-av_icon='\ue8fc' data-av_iconfont='entypo-fontello' title='' data-avia-related-tooltip='Compartir en LinkedIn' rel=\"noopener\"><span class='avia_hidden_link_text'>Compartir en LinkedIn<\/span><\/a><\/li><li class='av-share-link av-social-link-mail' ><a  aria-label=\"Compartir por correo\" href='mailto:?subject=Gobernadora%20Mac%C3%ADas%20y%20Asignaciones%20Directas%3A%20%C2%ABEsperamos%20poder%20seguir%20siendo%20un%20aporte%20en%20el%20%C3%A1mbito%20deportivo%2C%20social%2C%20cultural%C2%BB&#038;body=https:\/\/radiorevelacionfm.cl\/?p=40376' aria-hidden='false' data-av_icon='\ue805' data-av_iconfont='entypo-fontello' title='' data-avia-related-tooltip='Compartir por correo'><span class='avia_hidden_link_text'>Compartir por correo<\/span><\/a><\/li><\/ul><\/div><\/div>\n<div  style='height:50px' class='hr hr-invisible   avia-builder-el-8  el_after_av_social_share  el_before_av_comments_list '><span class='hr-inner ' ><span class='hr-inner-style'><\/span><\/span><\/div>\n<div  class='av-buildercomment  av-blog-meta-html-info-disabled av-blog-meta-tag-disabled  '><\/div>\n","protected":false},"excerpt":{"rendered":"","protected":false},"author":1,"featured_media":40377,"comment_status":"open","ping_status":"open","sticky":false,"template":"","format":"standard","meta":{"footnotes":""},"categories":[38],"tags":[],"class_list":["post-40376","post","type-post","status-publish","format-standard","has-post-thumbnail","hentry","category-regional"],"jetpack_featured_media_url":"https:\/\/radiorevelacionfm.cl\/wp-content\/uploads\/2024\/03\/WhatsApp-Image-2024-03-13-at-3.50.19-PM-1-1.jpeg","_links":{"self":[{"href":"https:\/\/radiorevelacionfm.cl\/index.php?rest_route=\/wp\/v2\/posts\/40376","targetHints":{"allow":["GET"]}}],"collection":[{"href":"https:\/\/radiorevelacionfm.cl\/index.php?rest_route=\/wp\/v2\/posts"}],"about":[{"href":"https:\/\/radiorevelacionfm.cl\/index.php?rest_route=\/wp\/v2\/types\/post"}],"author":[{"embeddable":true,"href":"https:\/\/radiorevelacionfm.cl\/index.php?rest_route=\/wp\/v2\/users\/1"}],"replies":[{"embeddable":true,"href":"https:\/\/radiorevelacionfm.cl\/index.php?rest_route=%2Fwp%2Fv2%2Fcomments&post=40376"}],"version-history":[{"count":1,"href":"https:\/\/radiorevelacionfm.cl\/index.php?rest_route=\/wp\/v2\/posts\/40376\/revisions"}],"predecessor-version":[{"id":40378,"href":"https:\/\/radiorevelacionfm.cl\/index.php?rest_route=\/wp\/v2\/posts\/40376\/revisions\/40378"}],"wp:featuredmedia":[{"embeddable":true,"href":"https:\/\/radiorevelacionfm.cl\/index.php?rest_route=\/wp\/v2\/media\/40377"}],"wp:attachment":[{"href":"https:\/\/radiorevelacionfm.cl\/index.php?rest_route=%2Fwp%2Fv2%2Fmedia&parent=40376"}],"wp:term":[{"taxonomy":"category","embeddable":true,"href":"https:\/\/radiorevelacionfm.cl\/index.php?rest_route=%2Fwp%2Fv2%2Fcategories&post=40376"},{"taxonomy":"post_tag","embeddable":true,"href":"https:\/\/radiorevelacionfm.cl\/index.php?rest_route=%2Fwp%2Fv2%2Ftags&post=40376"}],"curies":[{"name":"wp","href":"https:\/\/api.w.org\/{rel}","templated":true}]}}