{"id":40373,"date":"2024-03-14T18:47:19","date_gmt":"2024-03-14T21:47:19","guid":{"rendered":"https:\/\/radiorevelacionfm.cl\/?p=40373"},"modified":"2024-03-14T18:47:19","modified_gmt":"2024-03-14T21:47:19","slug":"un-dia-es-poco-las-diversas-actividades-conmemorativas-que-acompanaron-al-8m","status":"publish","type":"post","link":"https:\/\/radiorevelacionfm.cl\/?p=40373","title":{"rendered":"Un d\u00eda es poco: Las diversas actividades conmemorativas que acompa\u00f1aron al 8M"},"content":{"rendered":"<div class=\"flex_column av_one_full  flex_column_div av-zero-column-padding first  avia-builder-el-0  el_before_av_one_full  avia-builder-el-first  \" style='border-radius:0px; '><div  class='avia-image-container  av-styling-    avia-builder-el-1  avia-builder-el-no-sibling  avia-align-center '  itemprop=\"image\" itemscope=\"itemscope\" itemtype=\"https:\/\/schema.org\/ImageObject\"  ><div class='avia-image-container-inner'><div class='avia-image-overlay-wrap'><img decoding=\"async\" class='wp-image-40374 avia-img-lazy-loading-not-40374 avia_image' src=\"https:\/\/radiorevelacionfm.cl\/wp-content\/uploads\/2024\/03\/20240308_201451-1_optimized-1.jpg\" alt='' title='20240308_201451-(1)_optimized (1)' height=\"600\" width=\"800\"  itemprop=\"thumbnailUrl\" srcset=\"https:\/\/radiorevelacionfm.cl\/wp-content\/uploads\/2024\/03\/20240308_201451-1_optimized-1.jpg 800w, https:\/\/radiorevelacionfm.cl\/wp-content\/uploads\/2024\/03\/20240308_201451-1_optimized-1-300x225.jpg 300w, https:\/\/radiorevelacionfm.cl\/wp-content\/uploads\/2024\/03\/20240308_201451-1_optimized-1-768x576.jpg 768w, https:\/\/radiorevelacionfm.cl\/wp-content\/uploads\/2024\/03\/20240308_201451-1_optimized-1-705x529.jpg 705w, https:\/\/radiorevelacionfm.cl\/wp-content\/uploads\/2024\/03\/20240308_201451-1_optimized-1-450x338.jpg 450w, https:\/\/radiorevelacionfm.cl\/wp-content\/uploads\/2024\/03\/20240308_201451-1_optimized-1-600x450.jpg 600w\" sizes=\"(max-width: 800px) 100vw, 800px\" \/><\/div><\/div><\/div><\/div><div class=\"flex_column av_one_full  flex_column_div av-zero-column-padding first  avia-builder-el-2  el_after_av_one_full  el_before_av_one_full  column-top-margin\" style='border-radius:0px; '><section class=\"av_textblock_section \"  itemscope=\"itemscope\" itemtype=\"https:\/\/schema.org\/BlogPosting\" itemprop=\"blogPost\" ><div class='avia_textblock  '   itemprop=\"text\" ><p style=\"text-align: center;\"><strong><span style=\"font-size: 18pt;\">Un d\u00eda es poco: Las diversas actividades conmemorativas que acompa\u00f1aron al 8M<\/span><\/strong><\/p>\n<div id=\"gtx-trans\" style=\"position: absolute; left: -50px; top: 4.31534px;\">\n<div class=\"gtx-trans-icon\"><\/div>\n<\/div>\n<\/div><\/section><\/div><div class=\"flex_column av_one_full  flex_column_div av-zero-column-padding first  avia-builder-el-4  el_after_av_one_full  el_before_av_hr  column-top-margin\" style='border-radius:0px; '><section class=\"av_textblock_section \"  itemscope=\"itemscope\" itemtype=\"https:\/\/schema.org\/BlogPosting\" itemprop=\"blogPost\" ><div class='avia_textblock  '   itemprop=\"text\" ><p style=\"text-align: justify;\">El pasado viernes fue el d\u00eda internacional de la Mujer, igualmente conocido como 8M, una fecha en la que se toma conciencia de los derechos y la equidad entre los g\u00e9neros.<\/p>\n<p style=\"text-align: justify;\">Por esto es que el Programa de Prevenci\u00f3n de las Violencias de G\u00e9nero de la Ilustre Municipalidad de Ays\u00e9n, en conjunto con el Servicio Nacional de la Mujer y Equidad de G\u00e9nero, el Instituto Nacional de los Derechos Humanos, entre otras organizaciones ciudadanas y del estado; planearon una serie de eventos con actividades de conmemoraci\u00f3n a la lucha de los derechos de las mujeres y el realce de la labor que estas realizan.<\/p>\n<p style=\"text-align: justify;\">La jornada de concientizaci\u00f3n comenz\u00f3 el d\u00eda antes del 8M, con un una mateada en la Biblioteca P\u00fablica, donde realiz\u00f3 un taller por parte de la Red Austral Popular Educativa Feminista (Redapef) y se present\u00f3 una charla de la influencer Valentina Lezana.<\/p>\n<p style=\"text-align: justify;\">En la instancia se aprovech\u00f3 a dar un reconocimiento a la activista feminista Bernardita Villegas Almonacid, que fue reconocida por el INDH como la aysenina representante de la lucha por los derechos de las mujeres. Una distinci\u00f3n nombrada a una divulgadora por regi\u00f3n, siendo ella la elegida m\u00e1s joven.<\/p>\n<p style=\"text-align: justify;\">\u201cMe gustar\u00eda agradecer este reconocimiento, creo que le otorga valor a un trabajo que llevamos realizando. Si bien est\u00e1 claro el premio, de alguna forma este reconocimiento cae en mi nombre, tambi\u00e9n tiene que ver con el trabajo que yo realizo junto a mis compa\u00f1eras de Redapef\u201d, coment\u00f3 Bernardita Villegas.<\/p>\n<p style=\"text-align: justify;\">La activista tambi\u00e9n agreg\u00f3 que, \u201cinvito a la comunidad a preocuparse por el tema de la violencia de g\u00e9nero y adem\u00e1s por comprender que la perspectiva de g\u00e9nero, la educaci\u00f3n no sexista y la demanda por una educaci\u00f3n sexual integral en los establecimientos educacionales tiene que ver justamente con hacernos cargo de esos derechos de las ni\u00f1as, ni\u00f1os y adolescentes\u201d.<\/p>\n<p style=\"text-align: justify;\">Para el 8 de marzo se desarroll\u00f3 la Expo \u201cMujeres Bravas\u201d, en la Casa de la Cultura, en la cual participaron el grupo Star Dance Ays\u00e9n, Bel\u00e9n Saldivia, Fernanda Zumba y la agrupaci\u00f3n Atalakoya, adem\u00e1s el evento con varios puestos informativos, por lo que la ocasi\u00f3n present\u00f3 momentos culturales y otros de reflexi\u00f3n.<\/p>\n<p style=\"text-align: justify;\">Leslie Bruna, Encargada Territorial del Programa de Prevenci\u00f3n de las Violencias de G\u00e9nero y organizadora de la expo coment\u00f3 que,<strong> \u201c<\/strong>Este a\u00f1o vamos a tener muchas iniciativas que van a buscar seguir sensibilizando, no solamente eventos, sino que tambi\u00e9n encuentros m\u00e1s \u00edntimos\u00a0 que van a estar en l\u00ednea directa con nuestro programa, donde buscamos siempre el poder concientizar, sensibilizar y re-educar en materia de prevenci\u00f3n de ellas. As\u00ed que este a\u00f1o tenemos grandes desaf\u00edos\u201d.<\/p>\n<p style=\"text-align: justify;\">Al mismo tiempo, en la biblioteca p\u00fablica las comerciantes de Ays\u00e9n tuvieron un conversatorio sobre lo que significa ser una mujer comerciante y los estigmas que surgen en los distintos rubros donde se manejan las vendedoras, una instancia organizada por la C\u00e1mara de Comercio de Ays\u00e9n.<\/p>\n<p style=\"text-align: justify;\">La presidenta de la CCA, Claudia Andrade, explic\u00f3 que, \u201cha sido una instancia muy enriquecedora en la que pudimos conversar, compartir experiencias e inquietudes que estamos claro que es la clave del \u00e9xito, poder trabajar de la mano de otras mujeres, as\u00ed como tambi\u00e9n de otros hombres, pero en definitiva necesitamos siempre el apoyo porque somos seres sociales y espero que se sigan repitiendo\u201d.<\/p>\n<p style=\"text-align: justify;\">Las actividades en conmemoraci\u00f3n al trabajo y los derechos de las mujeres no terminaron despu\u00e9s del 8M, ya que d\u00edas despu\u00e9s se realiz\u00f3, por parte de la biblioteca p\u00fablica y su club de lectura, una ceremonia de reconocimiento a mujeres que realizan trabajos que socialmente son relacionados con los hombres.<\/p>\n<p style=\"text-align: justify;\">Igualmente, la Oficina de la Ni\u00f1ez de la municipalidad realiz\u00f3 el mi\u00e9rcoles una distinci\u00f3n a las j\u00f3venes l\u00edderes en \u00e1mbitos, acad\u00e9micos, sociales, culturales y deportivos. Para tener presente el desarrollo de las ni\u00f1as y adolescentes, as\u00ed valorando las virtudes de las ayseninas m\u00e1s peque\u00f1as.<\/p>\n<p style=\"text-align: justify;\">Mientras, en el Ecoterraneo Patagonia Cowork se desarroll\u00f3 el taller \u201cMujeres Lideresas\u201d, una instancia convocada por la Divisi\u00f3n de Organizaciones Sociales de la Seremi de Gobierno y la unidad de Organizaciones Comunitarias municipal.<\/p>\n<p style=\"text-align: justify;\">Por \u00faltimo, este s\u00e1bado se realizar\u00e1 un reconocimiento a las emprendedoras y artesanas de Ays\u00e9n, terminando as\u00ed el ciclo de distinciones a mujeres en los diversos rubros. Porque un d\u00eda no basta para concientizar a la sociedad, todo el a\u00f1o se debe valorar el trabajo de las mujeres.<\/p>\n<\/div><\/section><\/div><div  style='height:50px' class='hr hr-invisible   avia-builder-el-6  el_after_av_one_full  el_before_av_social_share '><span class='hr-inner ' ><span class='hr-inner-style'><\/span><\/span><\/div><\/p>\n<div  class='av-social-sharing-box  avia-builder-el-7  el_after_av_hr  el_before_av_hr  '><div class='av-share-box'><h5 class='av-share-link-description av-no-toc '>Compartir esta noticia<\/h5><ul class='av-share-box-list noLightbox'><li class='av-share-link av-social-link-facebook' ><a target=\"_blank\" aria-label=\"Compartir en Facebook\" href='https:\/\/www.facebook.com\/sharer.php?u=https:\/\/radiorevelacionfm.cl\/?p=40373&#038;t=Un%20d%C3%ADa%20es%20poco%3A%20Las%20diversas%20actividades%20conmemorativas%20que%20acompa%C3%B1aron%20al%208M' aria-hidden='false' data-av_icon='\ue8f3' data-av_iconfont='entypo-fontello' title='' data-avia-related-tooltip='Compartir en Facebook' rel=\"noopener\"><span class='avia_hidden_link_text'>Compartir en Facebook<\/span><\/a><\/li><li class='av-share-link av-social-link-twitter' ><a target=\"_blank\" aria-label=\"Compartir en Twitter\" href='https:\/\/twitter.com\/share?text=Un%20d%C3%ADa%20es%20poco%3A%20Las%20diversas%20actividades%20conmemorativas%20que%20acompa%C3%B1aron%20al%208M&#038;url=https:\/\/radiorevelacionfm.cl\/?p=40373' aria-hidden='false' data-av_icon='\ue8f1' data-av_iconfont='entypo-fontello' title='' data-avia-related-tooltip='Compartir en Twitter' rel=\"noopener\"><span class='avia_hidden_link_text'>Compartir en Twitter<\/span><\/a><\/li><li class='av-share-link av-social-link-whatsapp' ><a target=\"_blank\" aria-label=\"Compartir en Whatsapp\" href='https:\/\/api.whatsapp.com\/send?text=https:\/\/radiorevelacionfm.cl\/?p=40373' aria-hidden='false' data-av_icon='\uf232' data-av_iconfont='entypo-fontello' title='' data-avia-related-tooltip='Compartir en Whatsapp' rel=\"noopener\"><span class='avia_hidden_link_text'>Compartir en Whatsapp<\/span><\/a><\/li><li class='av-share-link av-social-link-linkedin' ><a target=\"_blank\" aria-label=\"Compartir en LinkedIn\" href='https:\/\/linkedin.com\/shareArticle?mini=true&#038;title=Un%20d%C3%ADa%20es%20poco%3A%20Las%20diversas%20actividades%20conmemorativas%20que%20acompa%C3%B1aron%20al%208M&#038;url=https:\/\/radiorevelacionfm.cl\/?p=40373' aria-hidden='false' data-av_icon='\ue8fc' data-av_iconfont='entypo-fontello' title='' data-avia-related-tooltip='Compartir en LinkedIn' rel=\"noopener\"><span class='avia_hidden_link_text'>Compartir en LinkedIn<\/span><\/a><\/li><li class='av-share-link av-social-link-mail' ><a  aria-label=\"Compartir por correo\" href='mailto:?subject=Un%20d%C3%ADa%20es%20poco%3A%20Las%20diversas%20actividades%20conmemorativas%20que%20acompa%C3%B1aron%20al%208M&#038;body=https:\/\/radiorevelacionfm.cl\/?p=40373' aria-hidden='false' data-av_icon='\ue805' data-av_iconfont='entypo-fontello' title='' data-avia-related-tooltip='Compartir por correo'><span class='avia_hidden_link_text'>Compartir por correo<\/span><\/a><\/li><\/ul><\/div><\/div>\n<div  style='height:50px' class='hr hr-invisible   avia-builder-el-8  el_after_av_social_share  el_before_av_comments_list '><span class='hr-inner ' ><span class='hr-inner-style'><\/span><\/span><\/div>\n<div  class='av-buildercomment  av-blog-meta-html-info-disabled av-blog-meta-tag-disabled  '><\/div>\n","protected":false},"excerpt":{"rendered":"","protected":false},"author":1,"featured_media":40374,"comment_status":"open","ping_status":"open","sticky":false,"template":"","format":"standard","meta":{"footnotes":""},"categories":[38],"tags":[],"class_list":["post-40373","post","type-post","status-publish","format-standard","has-post-thumbnail","hentry","category-regional"],"jetpack_featured_media_url":"https:\/\/radiorevelacionfm.cl\/wp-content\/uploads\/2024\/03\/20240308_201451-1_optimized-1.jpg","_links":{"self":[{"href":"https:\/\/radiorevelacionfm.cl\/index.php?rest_route=\/wp\/v2\/posts\/40373","targetHints":{"allow":["GET"]}}],"collection":[{"href":"https:\/\/radiorevelacionfm.cl\/index.php?rest_route=\/wp\/v2\/posts"}],"about":[{"href":"https:\/\/radiorevelacionfm.cl\/index.php?rest_route=\/wp\/v2\/types\/post"}],"author":[{"embeddable":true,"href":"https:\/\/radiorevelacionfm.cl\/index.php?rest_route=\/wp\/v2\/users\/1"}],"replies":[{"embeddable":true,"href":"https:\/\/radiorevelacionfm.cl\/index.php?rest_route=%2Fwp%2Fv2%2Fcomments&post=40373"}],"version-history":[{"count":1,"href":"https:\/\/radiorevelacionfm.cl\/index.php?rest_route=\/wp\/v2\/posts\/40373\/revisions"}],"predecessor-version":[{"id":40375,"href":"https:\/\/radiorevelacionfm.cl\/index.php?rest_route=\/wp\/v2\/posts\/40373\/revisions\/40375"}],"wp:featuredmedia":[{"embeddable":true,"href":"https:\/\/radiorevelacionfm.cl\/index.php?rest_route=\/wp\/v2\/media\/40374"}],"wp:attachment":[{"href":"https:\/\/radiorevelacionfm.cl\/index.php?rest_route=%2Fwp%2Fv2%2Fmedia&parent=40373"}],"wp:term":[{"taxonomy":"category","embeddable":true,"href":"https:\/\/radiorevelacionfm.cl\/index.php?rest_route=%2Fwp%2Fv2%2Fcategories&post=40373"},{"taxonomy":"post_tag","embeddable":true,"href":"https:\/\/radiorevelacionfm.cl\/index.php?rest_route=%2Fwp%2Fv2%2Ftags&post=40373"}],"curies":[{"name":"wp","href":"https:\/\/api.w.org\/{rel}","templated":true}]}}