{"id":40370,"date":"2024-03-14T16:40:31","date_gmt":"2024-03-14T19:40:31","guid":{"rendered":"https:\/\/radiorevelacionfm.cl\/?p=40370"},"modified":"2024-03-14T16:40:31","modified_gmt":"2024-03-14T19:40:31","slug":"slep-aysen-inaugura-primer-ano-escolar-de-la-educacion-publica-en-la-region","status":"publish","type":"post","link":"https:\/\/radiorevelacionfm.cl\/?p=40370","title":{"rendered":"SLEP Ays\u00e9n inaugura primer a\u00f1o escolar de la educaci\u00f3n p\u00fablica en la regi\u00f3n"},"content":{"rendered":"<div class=\"flex_column av_one_full  flex_column_div av-zero-column-padding first  avia-builder-el-0  el_before_av_one_full  avia-builder-el-first  \" style='border-radius:0px; '><div  class='avia-image-container  av-styling-    avia-builder-el-1  avia-builder-el-no-sibling  avia-align-center '  itemprop=\"image\" itemscope=\"itemscope\" itemtype=\"https:\/\/schema.org\/ImageObject\"  ><div class='avia-image-container-inner'><div class='avia-image-overlay-wrap'><img decoding=\"async\" class='wp-image-40371 avia-img-lazy-loading-not-40371 avia_image' src=\"https:\/\/radiorevelacionfm.cl\/wp-content\/uploads\/2024\/03\/0_edited-copia-1-1_optimized.jpg\" alt='' title='0_edited---copia-(1)-(1)_optimized' height=\"600\" width=\"1013\"  itemprop=\"thumbnailUrl\" srcset=\"https:\/\/radiorevelacionfm.cl\/wp-content\/uploads\/2024\/03\/0_edited-copia-1-1_optimized.jpg 1013w, https:\/\/radiorevelacionfm.cl\/wp-content\/uploads\/2024\/03\/0_edited-copia-1-1_optimized-300x178.jpg 300w, https:\/\/radiorevelacionfm.cl\/wp-content\/uploads\/2024\/03\/0_edited-copia-1-1_optimized-768x455.jpg 768w, https:\/\/radiorevelacionfm.cl\/wp-content\/uploads\/2024\/03\/0_edited-copia-1-1_optimized-705x418.jpg 705w, https:\/\/radiorevelacionfm.cl\/wp-content\/uploads\/2024\/03\/0_edited-copia-1-1_optimized-450x267.jpg 450w, https:\/\/radiorevelacionfm.cl\/wp-content\/uploads\/2024\/03\/0_edited-copia-1-1_optimized-600x355.jpg 600w\" sizes=\"(max-width: 1013px) 100vw, 1013px\" \/><\/div><\/div><\/div><\/div><div class=\"flex_column av_one_full  flex_column_div av-zero-column-padding first  avia-builder-el-2  el_after_av_one_full  el_before_av_one_full  column-top-margin\" style='border-radius:0px; '><section class=\"av_textblock_section \"  itemscope=\"itemscope\" itemtype=\"https:\/\/schema.org\/BlogPosting\" itemprop=\"blogPost\" ><div class='avia_textblock  '   itemprop=\"text\" ><p style=\"text-align: center;\"><strong><span style=\"font-size: 18pt;\">SLEP Ays\u00e9n inaugura primer a\u00f1o escolar de la educaci\u00f3n p\u00fablica en la regi\u00f3n<\/span><\/strong><\/p>\n<div id=\"gtx-trans\" style=\"position: absolute; left: -50px; top: 4.31534px;\">\n<div class=\"gtx-trans-icon\"><\/div>\n<\/div>\n<\/div><\/section><\/div><div class=\"flex_column av_one_full  flex_column_div av-zero-column-padding first  avia-builder-el-4  el_after_av_one_full  el_before_av_hr  column-top-margin\" style='border-radius:0px; '><section class=\"av_textblock_section \"  itemscope=\"itemscope\" itemtype=\"https:\/\/schema.org\/BlogPosting\" itemprop=\"blogPost\" ><div class='avia_textblock  '   itemprop=\"text\" ><p style=\"text-align: justify;\"><em>La consolidaci\u00f3n de los mejoramientos de infraestructura, conectividad de las unidades educativas y el acompa\u00f1amiento t\u00e9cnico pedag\u00f3gico son los principales ejes de acci\u00f3n para este nuevo a\u00f1o acad\u00e9mico. <\/em><\/p>\n<p style=\"text-align: justify;\">En la Escuela Pedro Quintana Mansilla de Coyhaique se realiz\u00f3 esta semana el acto oficial con que el Servicio Local de Educaci\u00f3n P\u00fablica de Ays\u00e9n dio el vamos al inicio del primer a\u00f1o escolar de la Nueva Educaci\u00f3n P\u00fablica en la regi\u00f3n, hito que marca el comienzo del trabajo de los 66 establecimientos educativos bajo la administraci\u00f3n del SLEP Ays\u00e9n.<\/p>\n<p style=\"text-align: justify;\">La ceremonia cont\u00f3 con la presencia de autoridades regionales y la comunidad escolar de la escuela anfitriona, pero tambi\u00e9n con la asistencia de manera telem\u00e1tica de los directores y directoras de los establecimientos que forman parte de esta red educativa, quienes desde sus territorios tendr\u00e1n la misi\u00f3n de liderar este nuevo proceso cuya misi\u00f3n es garantizar el derecho a la educaci\u00f3n con equidad e igualdad de oportunidades.<\/p>\n<p style=\"text-align: justify;\">Para el director ejecutivo del SLEP Ays\u00e9n, Sebasti\u00e1n Gonz\u00e1lez, este inicio de a\u00f1o educativo nos invita a reflexionar sobre las oportunidades que el entorno de la regi\u00f3n entrega a la educaci\u00f3n. En esta l\u00ednea indic\u00f3 \u201cla sala de clases es mucho mas que un espacio cerrado ya que se complementa con nuestro entorno natural y con las tradiciones. Como servicio local queremos que las comunidades educativas se atrevan a salir del aula y aprendan a trav\u00e9s de la observaci\u00f3n y la experiencia, ya que la educaci\u00f3n p\u00fablica se tiene que fortalecer desde cada practica con los estudiantes. Estamos trabajando para entregar las mejores condiciones en infraestructura y conectividad, acci\u00f3n realizada a trav\u00e9s de la instalaci\u00f3n de internet satelital en los establecimientos y capacitaciones a los equipos. Estamos ante un gran desaf\u00edo, lo que claramente nos motiva a seguir trabajando por la Nueva Educaci\u00f3n P\u00fablica de nuestra regi\u00f3n\u201d.<\/p>\n<p style=\"text-align: justify;\">Asimismo, la gobernadora regional Andrea Mac\u00edas resalt\u00f3 la labor que realiza el servicio local a trav\u00e9s del trabajo en red, destacando adem\u00e1s \u00a0\u201cla esperanza y el compromiso que tenemos de poder sacar adelante todo este proceso en nuestra regi\u00f3n y que a pesar de nuestras caracter\u00edsticas particulares en cuanto a dispersi\u00f3n geogr\u00e1fica y a la extensi\u00f3n del territorio podemos dar muestra de que es factible la educaci\u00f3n p\u00fablica con convicci\u00f3n, pero por sobre todo, con un apoyo irrestricto de las instituciones del Estado, pensando que cada peso que se invierte en educaci\u00f3n es\u00a0 invertir en una posibilidad real de transformaci\u00f3n social de nuestros ni\u00f1os y ni\u00f1as\u201d.<\/p>\n<p style=\"text-align: justify;\">Este a\u00f1o, el Ministerio de Educaci\u00f3n contin\u00faa trabajando en la reactivaci\u00f3n educativa con el objetivo de revincular a los estudiantes que luego de la pandemia no retornaron a clases presenciales, acci\u00f3n a la que este a\u00f1o se suma el mejorar los \u00edndices de asistencia, los que en la regi\u00f3n de Ays\u00e9n hist\u00f3ricamente se encuentran por debajo del 85%, cifra calificada como grave por el Mineduc. Con respecto a este punto, la Seremi de Educaci\u00f3n Isabel Garrido se\u00f1al\u00f3 \u201chacemos un llamado para reforzar la asistencia escolar, que las familias se comprometan con la asistencia regular a clases presenciales porque la pandemia nos demostr\u00f3 que cuando dejamos de asistir de manera presencial no solo dejamos de aprender contenidos, sino que dejamos de desarrollar nuestro bienestar socioemocional y la gesti\u00f3n de las emociones que tambi\u00e9n es tremendamente importante\u201d.<\/p>\n<p style=\"text-align: justify;\">Sobre los principales desaf\u00edos que enfrenta la educaci\u00f3n p\u00fablica en Ays\u00e9n, el director ejecutivo del SLEP agreg\u00f3 que se viene un trabajo importante de diagn\u00f3stico del estado de la infraestructura escolar gracias a recursos aportados por el Gobierno Regional pero tambi\u00e9n con respecto al cambio que debe producirse dentro de cada una de las comunidades educativas. Este proceso, que contar\u00e1 con un acompa\u00f1amiento permanente por parte del equipo del SLEP, es una importante herramienta que apoyar\u00e1 la gesti\u00f3n educativa del establecimiento, informaci\u00f3n que fue reforzada por el delegado presidencial regional Rodrigo Araya, quien adem\u00e1s a\u00f1adi\u00f3 \u201ceste en un cambio que va en pos de mejorar la calidad de la educaci\u00f3n pero tambi\u00e9n el director hizo un alcance que tiene que ver con que eso se tiene que hacer junto con las caracter\u00edsticas propias de la comunidad y con el aporte de los profesores y su compromiso personal con los estudiantes\u201d.<\/p>\n<\/div><\/section><\/div><div  style='height:50px' class='hr hr-invisible   avia-builder-el-6  el_after_av_one_full  el_before_av_social_share '><span class='hr-inner ' ><span class='hr-inner-style'><\/span><\/span><\/div><\/p>\n<div  class='av-social-sharing-box  avia-builder-el-7  el_after_av_hr  el_before_av_hr  '><div class='av-share-box'><h5 class='av-share-link-description av-no-toc '>Compartir esta noticia<\/h5><ul class='av-share-box-list noLightbox'><li class='av-share-link av-social-link-facebook' ><a target=\"_blank\" aria-label=\"Compartir en Facebook\" href='https:\/\/www.facebook.com\/sharer.php?u=https:\/\/radiorevelacionfm.cl\/?p=40370&#038;t=SLEP%20Ays%C3%A9n%20inaugura%20primer%20a%C3%B1o%20escolar%20de%20la%20educaci%C3%B3n%20p%C3%BAblica%20en%20la%20regi%C3%B3n' aria-hidden='false' data-av_icon='\ue8f3' data-av_iconfont='entypo-fontello' title='' data-avia-related-tooltip='Compartir en Facebook' rel=\"noopener\"><span class='avia_hidden_link_text'>Compartir en Facebook<\/span><\/a><\/li><li class='av-share-link av-social-link-twitter' ><a target=\"_blank\" aria-label=\"Compartir en Twitter\" href='https:\/\/twitter.com\/share?text=SLEP%20Ays%C3%A9n%20inaugura%20primer%20a%C3%B1o%20escolar%20de%20la%20educaci%C3%B3n%20p%C3%BAblica%20en%20la%20regi%C3%B3n&#038;url=https:\/\/radiorevelacionfm.cl\/?p=40370' aria-hidden='false' data-av_icon='\ue8f1' data-av_iconfont='entypo-fontello' title='' data-avia-related-tooltip='Compartir en Twitter' rel=\"noopener\"><span class='avia_hidden_link_text'>Compartir en Twitter<\/span><\/a><\/li><li class='av-share-link av-social-link-whatsapp' ><a target=\"_blank\" aria-label=\"Compartir en Whatsapp\" href='https:\/\/api.whatsapp.com\/send?text=https:\/\/radiorevelacionfm.cl\/?p=40370' aria-hidden='false' data-av_icon='\uf232' data-av_iconfont='entypo-fontello' title='' data-avia-related-tooltip='Compartir en Whatsapp' rel=\"noopener\"><span class='avia_hidden_link_text'>Compartir en Whatsapp<\/span><\/a><\/li><li class='av-share-link av-social-link-linkedin' ><a target=\"_blank\" aria-label=\"Compartir en LinkedIn\" href='https:\/\/linkedin.com\/shareArticle?mini=true&#038;title=SLEP%20Ays%C3%A9n%20inaugura%20primer%20a%C3%B1o%20escolar%20de%20la%20educaci%C3%B3n%20p%C3%BAblica%20en%20la%20regi%C3%B3n&#038;url=https:\/\/radiorevelacionfm.cl\/?p=40370' aria-hidden='false' data-av_icon='\ue8fc' data-av_iconfont='entypo-fontello' title='' data-avia-related-tooltip='Compartir en LinkedIn' rel=\"noopener\"><span class='avia_hidden_link_text'>Compartir en LinkedIn<\/span><\/a><\/li><li class='av-share-link av-social-link-mail' ><a  aria-label=\"Compartir por correo\" href='mailto:?subject=SLEP%20Ays%C3%A9n%20inaugura%20primer%20a%C3%B1o%20escolar%20de%20la%20educaci%C3%B3n%20p%C3%BAblica%20en%20la%20regi%C3%B3n&#038;body=https:\/\/radiorevelacionfm.cl\/?p=40370' aria-hidden='false' data-av_icon='\ue805' data-av_iconfont='entypo-fontello' title='' data-avia-related-tooltip='Compartir por correo'><span class='avia_hidden_link_text'>Compartir por correo<\/span><\/a><\/li><\/ul><\/div><\/div>\n<div  style='height:50px' class='hr hr-invisible   avia-builder-el-8  el_after_av_social_share  el_before_av_comments_list '><span class='hr-inner ' ><span class='hr-inner-style'><\/span><\/span><\/div>\n<div  class='av-buildercomment  av-blog-meta-html-info-disabled av-blog-meta-tag-disabled  '><\/div>\n","protected":false},"excerpt":{"rendered":"","protected":false},"author":1,"featured_media":40371,"comment_status":"open","ping_status":"open","sticky":false,"template":"","format":"standard","meta":{"footnotes":""},"categories":[49],"tags":[],"class_list":["post-40370","post","type-post","status-publish","format-standard","has-post-thumbnail","hentry","category-educacion"],"jetpack_featured_media_url":"https:\/\/radiorevelacionfm.cl\/wp-content\/uploads\/2024\/03\/0_edited-copia-1-1_optimized.jpg","_links":{"self":[{"href":"https:\/\/radiorevelacionfm.cl\/index.php?rest_route=\/wp\/v2\/posts\/40370","targetHints":{"allow":["GET"]}}],"collection":[{"href":"https:\/\/radiorevelacionfm.cl\/index.php?rest_route=\/wp\/v2\/posts"}],"about":[{"href":"https:\/\/radiorevelacionfm.cl\/index.php?rest_route=\/wp\/v2\/types\/post"}],"author":[{"embeddable":true,"href":"https:\/\/radiorevelacionfm.cl\/index.php?rest_route=\/wp\/v2\/users\/1"}],"replies":[{"embeddable":true,"href":"https:\/\/radiorevelacionfm.cl\/index.php?rest_route=%2Fwp%2Fv2%2Fcomments&post=40370"}],"version-history":[{"count":1,"href":"https:\/\/radiorevelacionfm.cl\/index.php?rest_route=\/wp\/v2\/posts\/40370\/revisions"}],"predecessor-version":[{"id":40372,"href":"https:\/\/radiorevelacionfm.cl\/index.php?rest_route=\/wp\/v2\/posts\/40370\/revisions\/40372"}],"wp:featuredmedia":[{"embeddable":true,"href":"https:\/\/radiorevelacionfm.cl\/index.php?rest_route=\/wp\/v2\/media\/40371"}],"wp:attachment":[{"href":"https:\/\/radiorevelacionfm.cl\/index.php?rest_route=%2Fwp%2Fv2%2Fmedia&parent=40370"}],"wp:term":[{"taxonomy":"category","embeddable":true,"href":"https:\/\/radiorevelacionfm.cl\/index.php?rest_route=%2Fwp%2Fv2%2Fcategories&post=40370"},{"taxonomy":"post_tag","embeddable":true,"href":"https:\/\/radiorevelacionfm.cl\/index.php?rest_route=%2Fwp%2Fv2%2Ftags&post=40370"}],"curies":[{"name":"wp","href":"https:\/\/api.w.org\/{rel}","templated":true}]}}