{"id":40367,"date":"2024-03-16T12:16:43","date_gmt":"2024-03-16T15:16:43","guid":{"rendered":"https:\/\/radiorevelacionfm.cl\/?p=40367"},"modified":"2024-03-16T12:16:43","modified_gmt":"2024-03-16T15:16:43","slug":"con-una-positiva-evaluacion-finalizo-la-primera-reunion-de-subcomision-de-seguridad-del-censo-2024","status":"publish","type":"post","link":"https:\/\/radiorevelacionfm.cl\/?p=40367","title":{"rendered":"Con una positiva evaluaci\u00f3n finaliz\u00f3 la primera reuni\u00f3n de subcomisi\u00f3n de seguridad del Censo 2024"},"content":{"rendered":"<div class=\"flex_column av_one_full  flex_column_div av-zero-column-padding first  avia-builder-el-0  el_before_av_one_full  avia-builder-el-first  \" style='border-radius:0px; '><div  class='avia-image-container  av-styling-    avia-builder-el-1  avia-builder-el-no-sibling  avia-align-center '  itemprop=\"image\" itemscope=\"itemscope\" itemtype=\"https:\/\/schema.org\/ImageObject\"  ><div class='avia-image-container-inner'><div class='avia-image-overlay-wrap'><img decoding=\"async\" class='wp-image-40368 avia-img-lazy-loading-not-40368 avia_image' src=\"https:\/\/radiorevelacionfm.cl\/wp-content\/uploads\/2024\/03\/img_9858-1_optimized-1.jpeg\" alt='' title='img_9858-(1)_optimized (1)' height=\"600\" width=\"800\"  itemprop=\"thumbnailUrl\" srcset=\"https:\/\/radiorevelacionfm.cl\/wp-content\/uploads\/2024\/03\/img_9858-1_optimized-1.jpeg 800w, https:\/\/radiorevelacionfm.cl\/wp-content\/uploads\/2024\/03\/img_9858-1_optimized-1-300x225.jpeg 300w, https:\/\/radiorevelacionfm.cl\/wp-content\/uploads\/2024\/03\/img_9858-1_optimized-1-768x576.jpeg 768w, https:\/\/radiorevelacionfm.cl\/wp-content\/uploads\/2024\/03\/img_9858-1_optimized-1-705x529.jpeg 705w, https:\/\/radiorevelacionfm.cl\/wp-content\/uploads\/2024\/03\/img_9858-1_optimized-1-450x338.jpeg 450w, https:\/\/radiorevelacionfm.cl\/wp-content\/uploads\/2024\/03\/img_9858-1_optimized-1-600x450.jpeg 600w\" sizes=\"(max-width: 800px) 100vw, 800px\" \/><\/div><\/div><\/div><\/div><div class=\"flex_column av_one_full  flex_column_div av-zero-column-padding first  avia-builder-el-2  el_after_av_one_full  el_before_av_one_full  column-top-margin\" style='border-radius:0px; '><section class=\"av_textblock_section \"  itemscope=\"itemscope\" itemtype=\"https:\/\/schema.org\/BlogPosting\" itemprop=\"blogPost\" ><div class='avia_textblock  '   itemprop=\"text\" ><p style=\"text-align: center;\"><span style=\"font-size: 18pt;\"><b>Con una positiva evaluaci\u00f3n finaliz\u00f3 la primera reuni\u00f3n de subcomisi\u00f3n de seguridad del Censo 2024<\/b>\u00a0<\/span><\/p>\n<div id=\"gtx-trans\" style=\"position: absolute; left: -50px; top: 4.31534px;\">\n<div class=\"gtx-trans-icon\"><\/div>\n<\/div>\n<\/div><\/section><\/div><div class=\"flex_column av_one_full  flex_column_div av-zero-column-padding first  avia-builder-el-4  el_after_av_one_full  el_before_av_hr  column-top-margin\" style='border-radius:0px; '><section class=\"av_textblock_section \"  itemscope=\"itemscope\" itemtype=\"https:\/\/schema.org\/BlogPosting\" itemprop=\"blogPost\" ><div class='avia_textblock  '   itemprop=\"text\" ><p style=\"text-align: justify;\">El delegado presidencial regional Rodrigo Araya convoc\u00f3 a la primera reuni\u00f3n del subcomit\u00e9 de seguridad del Censo 2024, con el objetivo de fortalecer la confianza y seguridad p\u00fablica en torno al desarrollo de esta tarea de Estado.<\/p>\n<p style=\"text-align: justify;\">Con ese fin se reunieron representantes de las instituciones p\u00fablicas vinculadas a la prevenci\u00f3n del delito y el despliegue territorial de las personas y recursos del actual censo de poblaci\u00f3n y vivienda, como el Instituto Nacional de Estad\u00edsticas (INE), el Servicio Nacional de Prevenci\u00f3n y Respuesta Ante Desastres (SENAPRED), Seremi de Gobierno, PDI, Armada, Carabineros, Ej\u00e9rcito y Coordinaci\u00f3n Regional de Seguridad P\u00fablica.<\/p>\n<p style=\"text-align: justify;\">Durante el encuentro se revis\u00f3 el desarrollo de las tareas de traslado de materiales, seguridad en bodegas regionales, patrullajes en sectores de despliegue y seguridad locales censales.<\/p>\n<p style=\"text-align: justify;\">Al final de la reuni\u00f3n el delegado presidencial realiz\u00f3 una positiva evaluaci\u00f3n de las condiciones de seguridad en que est\u00e1 avanzando el trabajo de los encuestadores en terreno, as\u00ed como de la recepci\u00f3n de la comunidad ante este proceso. \u201cPor lo tanto hacemos un llamado a que abran la puerta al censo, reciban a los censistas, son 50 preguntas, no es algo dif\u00edcil, es algo muy f\u00e1cil de contestar. Si va a haber personas en horario laboral, preoc\u00fapense de tener el nombre completo, fecha y lugar de nacimiento y con esa informaci\u00f3n pueden completar todo lo que se les va a preguntar\u201d, coment\u00f3 el representante de gobierno.<\/p>\n<p style=\"text-align: justify;\">Asimismo, el director regional del INE, Danilo Pavez, afirm\u00f3 que los encuestadores se encuentran cumpliendo su labor en las 10 comunas de la regi\u00f3n, tarea que no se ha detenido a pesar de las condiciones clim\u00e1ticas. \u201cA pesar del clima vamos a seguir estando en las localidades. Son 84 d\u00edas que vamos a estar desplegados en distintas partes del territorio.<\/p>\n<p style=\"text-align: justify;\">Hacemos un llamado a responder estas cincuenta preguntas con toda confianza, porque est\u00e1n protegidas bajo el secreto estad\u00edstico, por lo tanto no se comparte con ning\u00fan organismo, ni p\u00fablico ni privado, as\u00ed que si\u00e9ntase con la tranquilidad y confianza de que estos datos solamente van a contribuir al desarrollo del pa\u00eds\u201d, mencion\u00f3 el director regional.<\/p>\n<p style=\"text-align: justify;\">En el territorio de Ays\u00e9n, 194 son las y los censistas que se encuentran recorriendo las zonas urbanas y rurales, en un proceso que tomar\u00e1 tres meses. Entre las medidas de seguridad que se han tomado para este Censo de Poblaci\u00f3n y Vivienda 2024, est\u00e1 en primer lugar la indumentaria, que consiste en una chaquetilla de color azul oscuro para los encuestadores y celeste para los coordinadores, en ambos casos con los respectivos logos impresos del Censo y del INE.<\/p>\n<p style=\"text-align: justify;\">Adicionalmente, cada una de estas personas debe mantener visible una credencial con c\u00f3digo QR y su c\u00e9dula de identidad al reverso.<\/p>\n<p style=\"text-align: justify;\">Otra medida de seguridad para quienes reciban al personal encuestador, es recordar que no se les pedir\u00e1 el rut y que los censistas tampoco pedir\u00e1n ingresar a su domicilio.<\/p>\n<p style=\"text-align: justify;\">Por otra parte, cualquier consulta puede ser canalizada al Fono Censo 1525, o a trav\u00e9s de las redes sociales, ya que se dispone de la cuenta Instagram @censo2024 y la cuenta de Facebook Censo 2024.<\/p>\n<p style=\"text-align: justify;\">Por \u00faltimo, quienes deseen conocer d\u00f3nde se est\u00e1 aplicando el censo en su localidad, puede hacerlo ingresando a\u00a0<a href=\"https:\/\/dondeestaelcenso.ine.gob.cl\/\">https:\/\/dondeestaelcenso.ine.gob.cl\/<\/a><\/p>\n<\/div><\/section><\/div><div  style='height:50px' class='hr hr-invisible   avia-builder-el-6  el_after_av_one_full  el_before_av_social_share '><span class='hr-inner ' ><span class='hr-inner-style'><\/span><\/span><\/div><\/p>\n<div  class='av-social-sharing-box  avia-builder-el-7  el_after_av_hr  el_before_av_hr  '><div class='av-share-box'><h5 class='av-share-link-description av-no-toc '>Compartir esta noticia<\/h5><ul class='av-share-box-list noLightbox'><li class='av-share-link av-social-link-facebook' ><a target=\"_blank\" aria-label=\"Compartir en Facebook\" href='https:\/\/www.facebook.com\/sharer.php?u=https:\/\/radiorevelacionfm.cl\/?p=40367&#038;t=Con%20una%20positiva%20evaluaci%C3%B3n%20finaliz%C3%B3%20la%20primera%20reuni%C3%B3n%20de%20subcomisi%C3%B3n%20de%20seguridad%20del%20Censo%202024' aria-hidden='false' data-av_icon='\ue8f3' data-av_iconfont='entypo-fontello' title='' data-avia-related-tooltip='Compartir en Facebook' rel=\"noopener\"><span class='avia_hidden_link_text'>Compartir en Facebook<\/span><\/a><\/li><li class='av-share-link av-social-link-twitter' ><a target=\"_blank\" aria-label=\"Compartir en Twitter\" href='https:\/\/twitter.com\/share?text=Con%20una%20positiva%20evaluaci%C3%B3n%20finaliz%C3%B3%20la%20primera%20reuni%C3%B3n%20de%20subcomisi%C3%B3n%20de%20seguridad%20del%20Censo%202024&#038;url=https:\/\/radiorevelacionfm.cl\/?p=40367' aria-hidden='false' data-av_icon='\ue8f1' data-av_iconfont='entypo-fontello' title='' data-avia-related-tooltip='Compartir en Twitter' rel=\"noopener\"><span class='avia_hidden_link_text'>Compartir en Twitter<\/span><\/a><\/li><li class='av-share-link av-social-link-whatsapp' ><a target=\"_blank\" aria-label=\"Compartir en Whatsapp\" href='https:\/\/api.whatsapp.com\/send?text=https:\/\/radiorevelacionfm.cl\/?p=40367' aria-hidden='false' data-av_icon='\uf232' data-av_iconfont='entypo-fontello' title='' data-avia-related-tooltip='Compartir en Whatsapp' rel=\"noopener\"><span class='avia_hidden_link_text'>Compartir en Whatsapp<\/span><\/a><\/li><li class='av-share-link av-social-link-linkedin' ><a target=\"_blank\" aria-label=\"Compartir en LinkedIn\" href='https:\/\/linkedin.com\/shareArticle?mini=true&#038;title=Con%20una%20positiva%20evaluaci%C3%B3n%20finaliz%C3%B3%20la%20primera%20reuni%C3%B3n%20de%20subcomisi%C3%B3n%20de%20seguridad%20del%20Censo%202024&#038;url=https:\/\/radiorevelacionfm.cl\/?p=40367' aria-hidden='false' data-av_icon='\ue8fc' data-av_iconfont='entypo-fontello' title='' data-avia-related-tooltip='Compartir en LinkedIn' rel=\"noopener\"><span class='avia_hidden_link_text'>Compartir en LinkedIn<\/span><\/a><\/li><li class='av-share-link av-social-link-mail' ><a  aria-label=\"Compartir por correo\" href='mailto:?subject=Con%20una%20positiva%20evaluaci%C3%B3n%20finaliz%C3%B3%20la%20primera%20reuni%C3%B3n%20de%20subcomisi%C3%B3n%20de%20seguridad%20del%20Censo%202024&#038;body=https:\/\/radiorevelacionfm.cl\/?p=40367' aria-hidden='false' data-av_icon='\ue805' data-av_iconfont='entypo-fontello' title='' data-avia-related-tooltip='Compartir por correo'><span class='avia_hidden_link_text'>Compartir por correo<\/span><\/a><\/li><\/ul><\/div><\/div>\n<div  style='height:50px' class='hr hr-invisible   avia-builder-el-8  el_after_av_social_share  el_before_av_comments_list '><span class='hr-inner ' ><span class='hr-inner-style'><\/span><\/span><\/div>\n<div  class='av-buildercomment  av-blog-meta-html-info-disabled av-blog-meta-tag-disabled  '><\/div>\n","protected":false},"excerpt":{"rendered":"","protected":false},"author":1,"featured_media":40368,"comment_status":"open","ping_status":"open","sticky":false,"template":"","format":"standard","meta":{"footnotes":""},"categories":[38],"tags":[],"class_list":["post-40367","post","type-post","status-publish","format-standard","has-post-thumbnail","hentry","category-regional"],"jetpack_featured_media_url":"https:\/\/radiorevelacionfm.cl\/wp-content\/uploads\/2024\/03\/img_9858-1_optimized-1.jpeg","_links":{"self":[{"href":"https:\/\/radiorevelacionfm.cl\/index.php?rest_route=\/wp\/v2\/posts\/40367","targetHints":{"allow":["GET"]}}],"collection":[{"href":"https:\/\/radiorevelacionfm.cl\/index.php?rest_route=\/wp\/v2\/posts"}],"about":[{"href":"https:\/\/radiorevelacionfm.cl\/index.php?rest_route=\/wp\/v2\/types\/post"}],"author":[{"embeddable":true,"href":"https:\/\/radiorevelacionfm.cl\/index.php?rest_route=\/wp\/v2\/users\/1"}],"replies":[{"embeddable":true,"href":"https:\/\/radiorevelacionfm.cl\/index.php?rest_route=%2Fwp%2Fv2%2Fcomments&post=40367"}],"version-history":[{"count":1,"href":"https:\/\/radiorevelacionfm.cl\/index.php?rest_route=\/wp\/v2\/posts\/40367\/revisions"}],"predecessor-version":[{"id":40369,"href":"https:\/\/radiorevelacionfm.cl\/index.php?rest_route=\/wp\/v2\/posts\/40367\/revisions\/40369"}],"wp:featuredmedia":[{"embeddable":true,"href":"https:\/\/radiorevelacionfm.cl\/index.php?rest_route=\/wp\/v2\/media\/40368"}],"wp:attachment":[{"href":"https:\/\/radiorevelacionfm.cl\/index.php?rest_route=%2Fwp%2Fv2%2Fmedia&parent=40367"}],"wp:term":[{"taxonomy":"category","embeddable":true,"href":"https:\/\/radiorevelacionfm.cl\/index.php?rest_route=%2Fwp%2Fv2%2Fcategories&post=40367"},{"taxonomy":"post_tag","embeddable":true,"href":"https:\/\/radiorevelacionfm.cl\/index.php?rest_route=%2Fwp%2Fv2%2Ftags&post=40367"}],"curies":[{"name":"wp","href":"https:\/\/api.w.org\/{rel}","templated":true}]}}