{"id":4036,"date":"2021-05-12T10:33:09","date_gmt":"2021-05-12T13:33:09","guid":{"rendered":"https:\/\/radiorevelacionfm.cl\/?p=4036"},"modified":"2021-05-12T11:00:23","modified_gmt":"2021-05-12T14:00:23","slug":"municipalidad-realizo-plaza-de-microchipeo-para-mascotas-en-chile-chico","status":"publish","type":"post","link":"https:\/\/radiorevelacionfm.cl\/?p=4036","title":{"rendered":"Realizan plaza de microchipeo para mascotas en Chile Chico"},"content":{"rendered":"<div class=\"flex_column av_one_full  flex_column_div av-zero-column-padding first  avia-builder-el-0  el_before_av_one_full  avia-builder-el-first  \" style='border-radius:0px; '><div  class='avia-image-container  av-styling-    avia-builder-el-1  avia-builder-el-no-sibling  avia-align-center '  itemprop=\"image\" itemscope=\"itemscope\" itemtype=\"https:\/\/schema.org\/ImageObject\"  ><div class='avia-image-container-inner'><div class='avia-image-overlay-wrap'><img decoding=\"async\" class='wp-image-0 avia-img-lazy-loading-not-0 avia_image' src=\"https:\/\/radiorevelacionfm.cl\/wp-content\/uploads\/2021\/05\/microchipeo-chch-1_optimized.jpeg\" alt='' title=''   itemprop=\"thumbnailUrl\"  \/><\/div><\/div><\/div><\/div>\n<div class=\"flex_column av_one_full  flex_column_div av-zero-column-padding first  avia-builder-el-2  el_after_av_one_full  el_before_av_one_full  column-top-margin\" style='border-radius:0px; '><section class=\"av_textblock_section \"  itemscope=\"itemscope\" itemtype=\"https:\/\/schema.org\/BlogPosting\" itemprop=\"blogPost\" ><div class='avia_textblock  '   itemprop=\"text\" ><p style=\"text-align: center;\"><strong><span style=\"font-size: 18pt;\">Realizan plaza de microchipeo para mascotas en Chile Chico <\/span><\/strong><\/p>\n<div id=\"gtx-trans\" style=\"position: absolute; left: -50px; top: 4.31534px;\">\n<div class=\"gtx-trans-icon\"><\/div>\n<\/div>\n<\/div><\/section><\/div><div class=\"flex_column av_one_full  flex_column_div av-zero-column-padding first  avia-builder-el-4  el_after_av_one_full  el_before_av_hr  column-top-margin\" style='border-radius:0px; '><section class=\"av_textblock_section \"  itemscope=\"itemscope\" itemtype=\"https:\/\/schema.org\/BlogPosting\" itemprop=\"blogPost\" ><div class='avia_textblock  '   itemprop=\"text\" ><p style=\"text-align: justify;\">En el terminal de buses de la \u201cciudad del sol\u201d la oficina de medio ambiente y tenencia responsable de mascotas, a cargo de Patricia Salgado, realiz\u00f3 una nueva plaza de microchipeo para perros y gatos. Adem\u00e1s, con el apoyo de una profesional veterinaria, se resolvieron todas las dudas de los due\u00f1os de caninos y felinos.<\/p>\n<p style=\"text-align: justify;\">Positivo fue el balance que hizo de esta jornada, Patricia Salgado.<\/p>\n<p style=\"text-align: justify;\">\u201cEstuvimos ejecutando una nueva plaza de implantaci\u00f3n de microchip gratuita para felinos y caninos. Muy contentos, contarles que lleg\u00f3 un n\u00famero importante de mascotas, se acercaron vecinos a realizar consultas referentes al registro nacional de mascotas. As\u00ed es que, bastante satisfechos con la plaza, lleg\u00f3 bastante gente, agradecer a nuestros vecinos que participaron, que llevaron sus mascotas y que estuvieron interesados en saber los pasos a seguir en cuanto al registro nacional, nuestra veterinaria estuvo informando acerca del calendario de vacunaci\u00f3n y respondiendo consultas varias\u201d.<\/p>\n<p style=\"text-align: justify;\">Patricia Salgado junto con poner en valor la importancia que ha dado la actual gesti\u00f3n municipal del Alcalde Ricardo Ibarra, en la tenencia responsable de mascotas y en el apoyo a la comunidad con plazas de microchipeo y jornadas de esterilizaci\u00f3n. Tambi\u00e9n inform\u00f3 que pronto se vienen otras instancias en torno al cuidado animal. \u201cDurante el mes de junio vamos a estar realizando diversidad de plazas en cuanto a entregar de antiparasitarios y plazas de microchipeo. As\u00ed es que, invitar a la comunidad a estar atentos a nuestros calendarios y a que participen, porque la tenencia responsable de mascotas es tarea de todos\u201d.<\/p>\n<p style=\"text-align: justify;\">Adem\u00e1s, la encargada de medio ambiente y tenencia responsable de mascotas en la Municipalidad de Chile Chico, Patricia Salgado, coment\u00f3 que como oficina est\u00e1n permanentemente trabajando la labor educativa, mediante capsulas radiales, en la interacci\u00f3n con estudiantes y la comunidad.<\/p>\n<\/div><\/section><\/div><\/p>\n<div  style='height:50px' class='hr hr-invisible   avia-builder-el-6  el_after_av_one_full  el_before_av_social_share '><span class='hr-inner ' ><span class='hr-inner-style'><\/span><\/span><\/div>\n<div  class='av-social-sharing-box  avia-builder-el-7  el_after_av_hr  el_before_av_hr  '><div class='av-share-box'><h5 class='av-share-link-description av-no-toc '>Compartir esta noticia<\/h5><ul class='av-share-box-list noLightbox'><li class='av-share-link av-social-link-facebook' ><a target=\"_blank\" aria-label=\"Compartir en Facebook\" href='https:\/\/www.facebook.com\/sharer.php?u=https:\/\/radiorevelacionfm.cl\/?p=4036&#038;t=Realizan%20plaza%20de%20microchipeo%20para%20mascotas%20en%20Chile%20Chico' aria-hidden='false' data-av_icon='\ue8f3' data-av_iconfont='entypo-fontello' title='' data-avia-related-tooltip='Compartir en Facebook' rel=\"noopener\"><span class='avia_hidden_link_text'>Compartir en Facebook<\/span><\/a><\/li><li class='av-share-link av-social-link-twitter' ><a target=\"_blank\" aria-label=\"Compartir en Twitter\" href='https:\/\/twitter.com\/share?text=Realizan%20plaza%20de%20microchipeo%20para%20mascotas%20en%20Chile%20Chico&#038;url=https:\/\/radiorevelacionfm.cl\/?p=4036' aria-hidden='false' data-av_icon='\ue8f1' data-av_iconfont='entypo-fontello' title='' data-avia-related-tooltip='Compartir en Twitter' rel=\"noopener\"><span class='avia_hidden_link_text'>Compartir en Twitter<\/span><\/a><\/li><li class='av-share-link av-social-link-whatsapp' ><a target=\"_blank\" aria-label=\"Compartir en Whatsapp\" href='https:\/\/api.whatsapp.com\/send?text=https:\/\/radiorevelacionfm.cl\/?p=4036' aria-hidden='false' data-av_icon='\uf232' data-av_iconfont='entypo-fontello' title='' data-avia-related-tooltip='Compartir en Whatsapp' rel=\"noopener\"><span class='avia_hidden_link_text'>Compartir en Whatsapp<\/span><\/a><\/li><li class='av-share-link av-social-link-linkedin' ><a target=\"_blank\" aria-label=\"Compartir en LinkedIn\" href='https:\/\/linkedin.com\/shareArticle?mini=true&#038;title=Realizan%20plaza%20de%20microchipeo%20para%20mascotas%20en%20Chile%20Chico&#038;url=https:\/\/radiorevelacionfm.cl\/?p=4036' aria-hidden='false' data-av_icon='\ue8fc' data-av_iconfont='entypo-fontello' title='' data-avia-related-tooltip='Compartir en LinkedIn' rel=\"noopener\"><span class='avia_hidden_link_text'>Compartir en LinkedIn<\/span><\/a><\/li><li class='av-share-link av-social-link-mail' ><a  aria-label=\"Compartir por correo\" href='mailto:?subject=Realizan%20plaza%20de%20microchipeo%20para%20mascotas%20en%20Chile%20Chico&#038;body=https:\/\/radiorevelacionfm.cl\/?p=4036' aria-hidden='false' data-av_icon='\ue805' data-av_iconfont='entypo-fontello' title='' data-avia-related-tooltip='Compartir por correo'><span class='avia_hidden_link_text'>Compartir por correo<\/span><\/a><\/li><\/ul><\/div><\/div>\n<div  style='height:50px' class='hr hr-invisible   avia-builder-el-8  el_after_av_social_share  el_before_av_comments_list '><span class='hr-inner ' ><span class='hr-inner-style'><\/span><\/span><\/div>\n<div  class='av-buildercomment  av-blog-meta-html-info-disabled av-blog-meta-tag-disabled  '><\/div>\n","protected":false},"excerpt":{"rendered":"","protected":false},"author":1,"featured_media":0,"comment_status":"open","ping_status":"open","sticky":false,"template":"","format":"standard","meta":{"footnotes":""},"categories":[38],"tags":[],"class_list":["post-4036","post","type-post","status-publish","format-standard","hentry","category-regional"],"jetpack_featured_media_url":"","_links":{"self":[{"href":"https:\/\/radiorevelacionfm.cl\/index.php?rest_route=\/wp\/v2\/posts\/4036","targetHints":{"allow":["GET"]}}],"collection":[{"href":"https:\/\/radiorevelacionfm.cl\/index.php?rest_route=\/wp\/v2\/posts"}],"about":[{"href":"https:\/\/radiorevelacionfm.cl\/index.php?rest_route=\/wp\/v2\/types\/post"}],"author":[{"embeddable":true,"href":"https:\/\/radiorevelacionfm.cl\/index.php?rest_route=\/wp\/v2\/users\/1"}],"replies":[{"embeddable":true,"href":"https:\/\/radiorevelacionfm.cl\/index.php?rest_route=%2Fwp%2Fv2%2Fcomments&post=4036"}],"version-history":[{"count":3,"href":"https:\/\/radiorevelacionfm.cl\/index.php?rest_route=\/wp\/v2\/posts\/4036\/revisions"}],"predecessor-version":[{"id":4053,"href":"https:\/\/radiorevelacionfm.cl\/index.php?rest_route=\/wp\/v2\/posts\/4036\/revisions\/4053"}],"wp:attachment":[{"href":"https:\/\/radiorevelacionfm.cl\/index.php?rest_route=%2Fwp%2Fv2%2Fmedia&parent=4036"}],"wp:term":[{"taxonomy":"category","embeddable":true,"href":"https:\/\/radiorevelacionfm.cl\/index.php?rest_route=%2Fwp%2Fv2%2Fcategories&post=4036"},{"taxonomy":"post_tag","embeddable":true,"href":"https:\/\/radiorevelacionfm.cl\/index.php?rest_route=%2Fwp%2Fv2%2Ftags&post=4036"}],"curies":[{"name":"wp","href":"https:\/\/api.w.org\/{rel}","templated":true}]}}