{"id":40357,"date":"2024-03-14T12:42:19","date_gmt":"2024-03-14T15:42:19","guid":{"rendered":"https:\/\/radiorevelacionfm.cl\/?p=40357"},"modified":"2024-03-14T12:42:37","modified_gmt":"2024-03-14T15:42:37","slug":"senadora-ordenes-pide-se-le-informe-que-medidas-se-estan-tomando-para-que-el-hospital-de-puerto-aysen-cuente-con-un-scanner","status":"publish","type":"post","link":"https:\/\/radiorevelacionfm.cl\/?p=40357","title":{"rendered":"Senadora \u00d3rdenes pide se le informe qu\u00e9 medidas se est\u00e1n tomando para que el Hospital de Puerto Ays\u00e9n cuente con un scanner"},"content":{"rendered":"<div class=\"flex_column av_one_full  flex_column_div av-zero-column-padding first  avia-builder-el-0  el_before_av_one_full  avia-builder-el-first  \" style='border-radius:0px; '><div  class='avia-image-container  av-styling-    avia-builder-el-1  avia-builder-el-no-sibling  avia-align-center '  itemprop=\"image\" itemscope=\"itemscope\" itemtype=\"https:\/\/schema.org\/ImageObject\"  ><div class='avia-image-container-inner'><div class='avia-image-overlay-wrap'><img decoding=\"async\" class='wp-image-35437 avia-img-lazy-loading-not-35437 avia_image' src=\"https:\/\/radiorevelacionfm.cl\/wp-content\/uploads\/2023\/09\/FOTO-4-3-1-1-Senadora.jpeg\" alt='' title='FOTO #4 (3) (1) (1) Senadora' height=\"600\" width=\"901\"  itemprop=\"thumbnailUrl\" srcset=\"https:\/\/radiorevelacionfm.cl\/wp-content\/uploads\/2023\/09\/FOTO-4-3-1-1-Senadora.jpeg 901w, https:\/\/radiorevelacionfm.cl\/wp-content\/uploads\/2023\/09\/FOTO-4-3-1-1-Senadora-300x200.jpeg 300w, https:\/\/radiorevelacionfm.cl\/wp-content\/uploads\/2023\/09\/FOTO-4-3-1-1-Senadora-768x511.jpeg 768w, https:\/\/radiorevelacionfm.cl\/wp-content\/uploads\/2023\/09\/FOTO-4-3-1-1-Senadora-705x469.jpeg 705w, https:\/\/radiorevelacionfm.cl\/wp-content\/uploads\/2023\/09\/FOTO-4-3-1-1-Senadora-450x300.jpeg 450w, https:\/\/radiorevelacionfm.cl\/wp-content\/uploads\/2023\/09\/FOTO-4-3-1-1-Senadora-600x400.jpeg 600w\" sizes=\"(max-width: 901px) 100vw, 901px\" \/><\/div><\/div><\/div><\/div><div class=\"flex_column av_one_full  flex_column_div av-zero-column-padding first  avia-builder-el-2  el_after_av_one_full  el_before_av_one_full  column-top-margin\" style='border-radius:0px; '><section class=\"av_textblock_section \"  itemscope=\"itemscope\" itemtype=\"https:\/\/schema.org\/BlogPosting\" itemprop=\"blogPost\" ><div class='avia_textblock  '   itemprop=\"text\" ><p style=\"text-align: center;\"><span style=\"font-size: 18pt;\"><strong>Senadora \u00d3rdenes pide se le informe qu\u00e9 medidas se est\u00e1n tomando para que el Hospital de Puerto Ays\u00e9n cuente con un scanner<\/strong><\/span><\/p>\n<div id=\"gtx-trans\" style=\"position: absolute; left: -50px; top: 4.31534px;\">\n<div class=\"gtx-trans-icon\"><\/div>\n<\/div>\n<\/div><\/section><\/div><div class=\"flex_column av_one_full  flex_column_div av-zero-column-padding first  avia-builder-el-4  el_after_av_one_full  el_before_av_hr  column-top-margin\" style='border-radius:0px; '><section class=\"av_textblock_section \"  itemscope=\"itemscope\" itemtype=\"https:\/\/schema.org\/BlogPosting\" itemprop=\"blogPost\" ><div class='avia_textblock  '   itemprop=\"text\" ><p style=\"text-align: justify;\">Durante las dos primeras semanas del periodo legislativo 2024, la senadora por la regi\u00f3n de Ays\u00e9n, Ximena \u00d3rdenes Neira, ha puesto las necesidades de la regi\u00f3n de Ays\u00e9n como prioridad en la Comisi\u00f3n de Salud del Senado, la cual seguir\u00e1 integrando durante este 2024.<\/p>\n<p style=\"text-align: justify;\">\u201cVengo en requerir a Usted, en su calidad de Ministra de Salud que, a fin que se me informe sobre las medidas que se est\u00e1n realizando para que el Hospital de Puerto Ays\u00e9n cuente en el menor plazo posible con un scanner\u201d, solicit\u00f3 a trav\u00e9s de un oficio al Ejecutivo, en vista de que el edificio a\u00fan no cuenta con un scanner, proyecto que se est\u00e1 trabajando desde 2019. Este dispositivo permitir\u00eda aumentar la capacidad de diagn\u00f3stico y garantizar la atenci\u00f3n continua y oportuna de los pacientes, adem\u00e1s de evitar traslados y retrasos en los diagn\u00f3sticos.<\/p>\n<p style=\"text-align: justify;\">\u201cA lo menos desde el 2019 que desde el sistema de salud regional se ha estado trabajando o instalando la idea de un anteproyecto para un scanner en el Hospital de Puerto Ays\u00e9n. Este dispositivo es importante y urgente su implementaci\u00f3n, por eso hemos oficiado desde la Comisi\u00f3n de Salud del Senado, para que se nos entregue la informaci\u00f3n respecto al cronograma de implementaci\u00f3n de este importante dispositivo\u201d.<\/p>\n<p style=\"text-align: justify;\">\u201cPermite aumentar la capacidad de diagn\u00f3sticos, otorga atenci\u00f3n oportuna y tambi\u00e9n evita traslados, que es un tema muy importante en la regi\u00f3n de Ays\u00e9n. Nosotros esperamos y hemos conversado con el Servicio de Salud Ays\u00e9n, que de manera conjunta y trabajando unidos por esta causa, podamos, en el corto plazo, contar con un scanner en el Hospital de Ays\u00e9n\u201d.<\/p>\n<p style=\"text-align: justify;\">Seg\u00fan se\u00f1al\u00f3 la parlamentaria en su requerimiento, contar con un scanner permitir\u00e1 al Hospital de Puerto Ays\u00e9n ampliar las prestaciones de salud, evitar los traslados fuera de la localidad, entregar de manera oportuna los diagn\u00f3sticos y que el Hospital pueda ampliar sus resoluciones de salud, en la detecciones de tumores, detecci\u00f3n de hemorragias, diagn\u00f3stico de patolog\u00edas, c\u00e1lculos renales, enfermedades inflamatorias -gu\u00eda para procedimientos para el tratamiento de c\u00e1ncer-, biopsias y radioterapias, entre otras prestaciones.<\/p>\n<\/div><\/section><\/div><div  style='height:50px' class='hr hr-invisible   avia-builder-el-6  el_after_av_one_full  el_before_av_social_share '><span class='hr-inner ' ><span class='hr-inner-style'><\/span><\/span><\/div><\/p>\n<div  class='av-social-sharing-box  avia-builder-el-7  el_after_av_hr  el_before_av_hr  '><div class='av-share-box'><h5 class='av-share-link-description av-no-toc '>Compartir esta noticia<\/h5><ul class='av-share-box-list noLightbox'><li class='av-share-link av-social-link-facebook' ><a target=\"_blank\" aria-label=\"Compartir en Facebook\" href='https:\/\/www.facebook.com\/sharer.php?u=https:\/\/radiorevelacionfm.cl\/?p=40357&#038;t=Senadora%20%C3%93rdenes%20pide%20se%20le%20informe%20qu%C3%A9%20medidas%20se%20est%C3%A1n%20tomando%20para%20que%20el%20Hospital%20de%20Puerto%20Ays%C3%A9n%20cuente%20con%20un%20scanner' aria-hidden='false' data-av_icon='\ue8f3' data-av_iconfont='entypo-fontello' title='' data-avia-related-tooltip='Compartir en Facebook' rel=\"noopener\"><span class='avia_hidden_link_text'>Compartir en Facebook<\/span><\/a><\/li><li class='av-share-link av-social-link-twitter' ><a target=\"_blank\" aria-label=\"Compartir en Twitter\" href='https:\/\/twitter.com\/share?text=Senadora%20%C3%93rdenes%20pide%20se%20le%20informe%20qu%C3%A9%20medidas%20se%20est%C3%A1n%20tomando%20para%20que%20el%20Hospital%20de%20Puerto%20Ays%C3%A9n%20cuente%20con%20un%20scanner&#038;url=https:\/\/radiorevelacionfm.cl\/?p=40357' aria-hidden='false' data-av_icon='\ue8f1' data-av_iconfont='entypo-fontello' title='' data-avia-related-tooltip='Compartir en Twitter' rel=\"noopener\"><span class='avia_hidden_link_text'>Compartir en Twitter<\/span><\/a><\/li><li class='av-share-link av-social-link-whatsapp' ><a target=\"_blank\" aria-label=\"Compartir en Whatsapp\" href='https:\/\/api.whatsapp.com\/send?text=https:\/\/radiorevelacionfm.cl\/?p=40357' aria-hidden='false' data-av_icon='\uf232' data-av_iconfont='entypo-fontello' title='' data-avia-related-tooltip='Compartir en Whatsapp' rel=\"noopener\"><span class='avia_hidden_link_text'>Compartir en Whatsapp<\/span><\/a><\/li><li class='av-share-link av-social-link-linkedin' ><a target=\"_blank\" aria-label=\"Compartir en LinkedIn\" href='https:\/\/linkedin.com\/shareArticle?mini=true&#038;title=Senadora%20%C3%93rdenes%20pide%20se%20le%20informe%20qu%C3%A9%20medidas%20se%20est%C3%A1n%20tomando%20para%20que%20el%20Hospital%20de%20Puerto%20Ays%C3%A9n%20cuente%20con%20un%20scanner&#038;url=https:\/\/radiorevelacionfm.cl\/?p=40357' aria-hidden='false' data-av_icon='\ue8fc' data-av_iconfont='entypo-fontello' title='' data-avia-related-tooltip='Compartir en LinkedIn' rel=\"noopener\"><span class='avia_hidden_link_text'>Compartir en LinkedIn<\/span><\/a><\/li><li class='av-share-link av-social-link-mail' ><a  aria-label=\"Compartir por correo\" href='mailto:?subject=Senadora%20%C3%93rdenes%20pide%20se%20le%20informe%20qu%C3%A9%20medidas%20se%20est%C3%A1n%20tomando%20para%20que%20el%20Hospital%20de%20Puerto%20Ays%C3%A9n%20cuente%20con%20un%20scanner&#038;body=https:\/\/radiorevelacionfm.cl\/?p=40357' aria-hidden='false' data-av_icon='\ue805' data-av_iconfont='entypo-fontello' title='' data-avia-related-tooltip='Compartir por correo'><span class='avia_hidden_link_text'>Compartir por correo<\/span><\/a><\/li><\/ul><\/div><\/div>\n<div  style='height:50px' class='hr hr-invisible   avia-builder-el-8  el_after_av_social_share  el_before_av_comments_list '><span class='hr-inner ' ><span class='hr-inner-style'><\/span><\/span><\/div>\n<div  class='av-buildercomment  av-blog-meta-html-info-disabled av-blog-meta-tag-disabled  '><\/div>\n","protected":false},"excerpt":{"rendered":"","protected":false},"author":1,"featured_media":35437,"comment_status":"open","ping_status":"open","sticky":false,"template":"","format":"standard","meta":{"footnotes":""},"categories":[35],"tags":[],"class_list":["post-40357","post","type-post","status-publish","format-standard","has-post-thumbnail","hentry","category-politica"],"jetpack_featured_media_url":"https:\/\/radiorevelacionfm.cl\/wp-content\/uploads\/2023\/09\/FOTO-4-3-1-1-Senadora.jpeg","_links":{"self":[{"href":"https:\/\/radiorevelacionfm.cl\/index.php?rest_route=\/wp\/v2\/posts\/40357","targetHints":{"allow":["GET"]}}],"collection":[{"href":"https:\/\/radiorevelacionfm.cl\/index.php?rest_route=\/wp\/v2\/posts"}],"about":[{"href":"https:\/\/radiorevelacionfm.cl\/index.php?rest_route=\/wp\/v2\/types\/post"}],"author":[{"embeddable":true,"href":"https:\/\/radiorevelacionfm.cl\/index.php?rest_route=\/wp\/v2\/users\/1"}],"replies":[{"embeddable":true,"href":"https:\/\/radiorevelacionfm.cl\/index.php?rest_route=%2Fwp%2Fv2%2Fcomments&post=40357"}],"version-history":[{"count":1,"href":"https:\/\/radiorevelacionfm.cl\/index.php?rest_route=\/wp\/v2\/posts\/40357\/revisions"}],"predecessor-version":[{"id":40358,"href":"https:\/\/radiorevelacionfm.cl\/index.php?rest_route=\/wp\/v2\/posts\/40357\/revisions\/40358"}],"wp:featuredmedia":[{"embeddable":true,"href":"https:\/\/radiorevelacionfm.cl\/index.php?rest_route=\/wp\/v2\/media\/35437"}],"wp:attachment":[{"href":"https:\/\/radiorevelacionfm.cl\/index.php?rest_route=%2Fwp%2Fv2%2Fmedia&parent=40357"}],"wp:term":[{"taxonomy":"category","embeddable":true,"href":"https:\/\/radiorevelacionfm.cl\/index.php?rest_route=%2Fwp%2Fv2%2Fcategories&post=40357"},{"taxonomy":"post_tag","embeddable":true,"href":"https:\/\/radiorevelacionfm.cl\/index.php?rest_route=%2Fwp%2Fv2%2Ftags&post=40357"}],"curies":[{"name":"wp","href":"https:\/\/api.w.org\/{rel}","templated":true}]}}