{"id":40354,"date":"2024-03-14T10:19:33","date_gmt":"2024-03-14T13:19:33","guid":{"rendered":"https:\/\/radiorevelacionfm.cl\/?p=40354"},"modified":"2024-03-14T10:19:33","modified_gmt":"2024-03-14T13:19:33","slug":"agrupacion-cea-y-diputado-calisto-piden-psiquiatra-en-puerto-aysen-para-atencion-de-ninos-en-condicion-del-espectro-autista","status":"publish","type":"post","link":"https:\/\/radiorevelacionfm.cl\/?p=40354","title":{"rendered":"Agrupaci\u00f3n CEA y diputado Calisto piden psiquiatra en Puerto Ays\u00e9n para atenci\u00f3n de ni\u00f1os en condici\u00f3n del espectro autista"},"content":{"rendered":"<div class=\"flex_column av_one_full  flex_column_div av-zero-column-padding first  avia-builder-el-0  el_before_av_one_full  avia-builder-el-first  \" style='border-radius:0px; '><div  class='avia-image-container  av-styling-    avia-builder-el-1  avia-builder-el-no-sibling  avia-align-center '  itemprop=\"image\" itemscope=\"itemscope\" itemtype=\"https:\/\/schema.org\/ImageObject\"  ><div class='avia-image-container-inner'><div class='avia-image-overlay-wrap'><img decoding=\"async\" class='wp-image-40355 avia-img-lazy-loading-not-40355 avia_image' src=\"https:\/\/radiorevelacionfm.cl\/wp-content\/uploads\/2024\/03\/FOTO-CEA-1.jpeg\" alt='' title='FOTO CEA (1)' height=\"605\" width=\"979\"  itemprop=\"thumbnailUrl\" srcset=\"https:\/\/radiorevelacionfm.cl\/wp-content\/uploads\/2024\/03\/FOTO-CEA-1.jpeg 979w, https:\/\/radiorevelacionfm.cl\/wp-content\/uploads\/2024\/03\/FOTO-CEA-1-300x185.jpeg 300w, https:\/\/radiorevelacionfm.cl\/wp-content\/uploads\/2024\/03\/FOTO-CEA-1-768x475.jpeg 768w, https:\/\/radiorevelacionfm.cl\/wp-content\/uploads\/2024\/03\/FOTO-CEA-1-705x436.jpeg 705w, https:\/\/radiorevelacionfm.cl\/wp-content\/uploads\/2024\/03\/FOTO-CEA-1-450x278.jpeg 450w, https:\/\/radiorevelacionfm.cl\/wp-content\/uploads\/2024\/03\/FOTO-CEA-1-600x371.jpeg 600w\" sizes=\"(max-width: 979px) 100vw, 979px\" \/><\/div><\/div><\/div><\/div><div class=\"flex_column av_one_full  flex_column_div av-zero-column-padding first  avia-builder-el-2  el_after_av_one_full  el_before_av_one_full  column-top-margin\" style='border-radius:0px; '><section class=\"av_textblock_section \"  itemscope=\"itemscope\" itemtype=\"https:\/\/schema.org\/BlogPosting\" itemprop=\"blogPost\" ><div class='avia_textblock  '   itemprop=\"text\" ><p style=\"text-align: center;\"><span style=\"font-size: 18pt;\"><b>Agrupaci\u00f3n CEA y diputado Calisto piden psiquiatra en Puerto Ays\u00e9n para atenci\u00f3n de ni\u00f1os en condici\u00f3n del espectro autista<\/b><\/span><\/p>\n<div id=\"gtx-trans\" style=\"position: absolute; left: -50px; top: 4.31534px;\">\n<div class=\"gtx-trans-icon\"><\/div>\n<\/div>\n<\/div><\/section><\/div><div class=\"flex_column av_one_full  flex_column_div av-zero-column-padding first  avia-builder-el-4  el_after_av_one_full  el_before_av_hr  column-top-margin\" style='border-radius:0px; '><section class=\"av_textblock_section \"  itemscope=\"itemscope\" itemtype=\"https:\/\/schema.org\/BlogPosting\" itemprop=\"blogPost\" ><div class='avia_textblock  '   itemprop=\"text\" ><p style=\"font-weight: 400; text-align: justify;\">El diputado Miguel \u00c1ngel Calisto se reuni\u00f3 con dirigentes de la Agrupaci\u00f3n CEA de Puerto Ays\u00e9n, quienes le manifestaron su preocupaci\u00f3n por la falta de un psiquiatra que pueda atender a los ni\u00f1os y j\u00f3venes en condici\u00f3n del espectro autista de esa ciudad y a pacientes con problemas de salud mental en general.<\/p>\n<p style=\"font-weight: 400; text-align: justify;\">Seg\u00fan el diputado Calisto, \u201cestamos con la agrupaci\u00f3n CEA de Puerto Ays\u00e9n, que aborda la situaci\u00f3n de ni\u00f1os con Espectro Autista, quienes han levantado la voz con mucha fuerza por una negligencia que se est\u00e1 provocando en la comuna. Ac\u00e1 tenemos cerca de 500 personas, entre ni\u00f1os, adolescentes y adultos, que tienen autismo.\u00a0 Actualmente, ellos est\u00e1n sin medicaci\u00f3n, porque no hay atenci\u00f3n psiqui\u00e1trica en el hospital ni en el policl\u00ednico\u201d.<\/p>\n<p style=\"font-weight: 400; text-align: justify;\">\u201cEsto deja en una situaci\u00f3n muy compleja, sobre todo a los ni\u00f1os. No es posible la vulneraci\u00f3n de derechos que est\u00e1n teniendo nuestros ni\u00f1os al no tener sus medicamentos, en estos momentos el Servicio de Salud no les est\u00e1 garantizando un psiquiatra. En estos momentos hay un profesional que trabaja de forma privada en Puerto Ays\u00e9n\u201d, indic\u00f3.<\/p>\n<p style=\"font-weight: 400; text-align: justify;\">El diputado Calisto logr\u00f3 reunirse con la Ministra de Salud en el Congreso, instancia en que le plante\u00f3 esta problem\u00e1tica. La titular de la cartera se comprometi\u00f3 a concretar una reuni\u00f3n donde participen dirigentes de la agrupaci\u00f3n CEA y familiares de los ni\u00f1os con trastorno autista.<\/p>\n<p style=\"font-weight: 400; text-align: justify;\">\u201cEsperamos reunirnos junto a las dirigentes con la Ministra de Salud y tener una soluci\u00f3n pronta a esta problem\u00e1tica. Esto genera un problema para toda la familia del paciente con espectro autista. Es fundamental que se dejen de vulnerar los derechos de los ni\u00f1os y de todas las personas que tienen esta condici\u00f3n\u201d, indic\u00f3.<\/p>\n<p style=\"font-weight: 400; text-align: justify;\">Por su parte, Andrea Paillacar, dirigente de la agrupaci\u00f3n CEA Ays\u00e9n, \u201cagradecemos al diputado pro escucharnos. Nosotros hemos tocado puertas en todos lados y el nos est\u00e1 ayudando. No podemos dejar que la autoridad de gobierno nos pase a llevar y vulnere los derechos de nuestros hijos. Tenemos ni\u00f1os con autismo sin medicaci\u00f3n, sin recetas. \u00bfQui\u00e9n se hace responsable de esto?\u201d.<\/p>\n<p style=\"font-weight: 400; text-align: justify;\">Finalmente, la dirigente se\u00f1al\u00f3 que \u201ctenemos un director de Salud que nos est\u00e1 dando solamente calmantes. Tenemos una plana directiva que se burla pr\u00e1cticamente de nuestra problem\u00e1tica. Hoy no nos vamos a quedar callados y vamos a patalear por los derechos de la salud de nuestros hijos, que se garantizan en la ley de autismo\u201d.<\/p>\n<\/div><\/section><\/div><div  style='height:50px' class='hr hr-invisible   avia-builder-el-6  el_after_av_one_full  el_before_av_social_share '><span class='hr-inner ' ><span class='hr-inner-style'><\/span><\/span><\/div><\/p>\n<div  class='av-social-sharing-box  avia-builder-el-7  el_after_av_hr  el_before_av_hr  '><div class='av-share-box'><h5 class='av-share-link-description av-no-toc '>Compartir esta noticia<\/h5><ul class='av-share-box-list noLightbox'><li class='av-share-link av-social-link-facebook' ><a target=\"_blank\" aria-label=\"Compartir en Facebook\" href='https:\/\/www.facebook.com\/sharer.php?u=https:\/\/radiorevelacionfm.cl\/?p=40354&#038;t=Agrupaci%C3%B3n%20CEA%20y%20diputado%20Calisto%20piden%20psiquiatra%20en%20Puerto%20Ays%C3%A9n%20para%20atenci%C3%B3n%20de%20ni%C3%B1os%20en%20condici%C3%B3n%20del%20espectro%20autista' aria-hidden='false' data-av_icon='\ue8f3' data-av_iconfont='entypo-fontello' title='' data-avia-related-tooltip='Compartir en Facebook' rel=\"noopener\"><span class='avia_hidden_link_text'>Compartir en Facebook<\/span><\/a><\/li><li class='av-share-link av-social-link-twitter' ><a target=\"_blank\" aria-label=\"Compartir en Twitter\" href='https:\/\/twitter.com\/share?text=Agrupaci%C3%B3n%20CEA%20y%20diputado%20Calisto%20piden%20psiquiatra%20en%20Puerto%20Ays%C3%A9n%20para%20atenci%C3%B3n%20de%20ni%C3%B1os%20en%20condici%C3%B3n%20del%20espectro%20autista&#038;url=https:\/\/radiorevelacionfm.cl\/?p=40354' aria-hidden='false' data-av_icon='\ue8f1' data-av_iconfont='entypo-fontello' title='' data-avia-related-tooltip='Compartir en Twitter' rel=\"noopener\"><span class='avia_hidden_link_text'>Compartir en Twitter<\/span><\/a><\/li><li class='av-share-link av-social-link-whatsapp' ><a target=\"_blank\" aria-label=\"Compartir en Whatsapp\" href='https:\/\/api.whatsapp.com\/send?text=https:\/\/radiorevelacionfm.cl\/?p=40354' aria-hidden='false' data-av_icon='\uf232' data-av_iconfont='entypo-fontello' title='' data-avia-related-tooltip='Compartir en Whatsapp' rel=\"noopener\"><span class='avia_hidden_link_text'>Compartir en Whatsapp<\/span><\/a><\/li><li class='av-share-link av-social-link-linkedin' ><a target=\"_blank\" aria-label=\"Compartir en LinkedIn\" href='https:\/\/linkedin.com\/shareArticle?mini=true&#038;title=Agrupaci%C3%B3n%20CEA%20y%20diputado%20Calisto%20piden%20psiquiatra%20en%20Puerto%20Ays%C3%A9n%20para%20atenci%C3%B3n%20de%20ni%C3%B1os%20en%20condici%C3%B3n%20del%20espectro%20autista&#038;url=https:\/\/radiorevelacionfm.cl\/?p=40354' aria-hidden='false' data-av_icon='\ue8fc' data-av_iconfont='entypo-fontello' title='' data-avia-related-tooltip='Compartir en LinkedIn' rel=\"noopener\"><span class='avia_hidden_link_text'>Compartir en LinkedIn<\/span><\/a><\/li><li class='av-share-link av-social-link-mail' ><a  aria-label=\"Compartir por correo\" href='mailto:?subject=Agrupaci%C3%B3n%20CEA%20y%20diputado%20Calisto%20piden%20psiquiatra%20en%20Puerto%20Ays%C3%A9n%20para%20atenci%C3%B3n%20de%20ni%C3%B1os%20en%20condici%C3%B3n%20del%20espectro%20autista&#038;body=https:\/\/radiorevelacionfm.cl\/?p=40354' aria-hidden='false' data-av_icon='\ue805' data-av_iconfont='entypo-fontello' title='' data-avia-related-tooltip='Compartir por correo'><span class='avia_hidden_link_text'>Compartir por correo<\/span><\/a><\/li><\/ul><\/div><\/div>\n<div  style='height:50px' class='hr hr-invisible   avia-builder-el-8  el_after_av_social_share  el_before_av_comments_list '><span class='hr-inner ' ><span class='hr-inner-style'><\/span><\/span><\/div>\n<div  class='av-buildercomment  av-blog-meta-html-info-disabled av-blog-meta-tag-disabled  '><\/div>\n","protected":false},"excerpt":{"rendered":"","protected":false},"author":1,"featured_media":40355,"comment_status":"open","ping_status":"open","sticky":false,"template":"","format":"standard","meta":{"footnotes":""},"categories":[38],"tags":[],"class_list":["post-40354","post","type-post","status-publish","format-standard","has-post-thumbnail","hentry","category-regional"],"jetpack_featured_media_url":"https:\/\/radiorevelacionfm.cl\/wp-content\/uploads\/2024\/03\/FOTO-CEA-1.jpeg","_links":{"self":[{"href":"https:\/\/radiorevelacionfm.cl\/index.php?rest_route=\/wp\/v2\/posts\/40354","targetHints":{"allow":["GET"]}}],"collection":[{"href":"https:\/\/radiorevelacionfm.cl\/index.php?rest_route=\/wp\/v2\/posts"}],"about":[{"href":"https:\/\/radiorevelacionfm.cl\/index.php?rest_route=\/wp\/v2\/types\/post"}],"author":[{"embeddable":true,"href":"https:\/\/radiorevelacionfm.cl\/index.php?rest_route=\/wp\/v2\/users\/1"}],"replies":[{"embeddable":true,"href":"https:\/\/radiorevelacionfm.cl\/index.php?rest_route=%2Fwp%2Fv2%2Fcomments&post=40354"}],"version-history":[{"count":1,"href":"https:\/\/radiorevelacionfm.cl\/index.php?rest_route=\/wp\/v2\/posts\/40354\/revisions"}],"predecessor-version":[{"id":40356,"href":"https:\/\/radiorevelacionfm.cl\/index.php?rest_route=\/wp\/v2\/posts\/40354\/revisions\/40356"}],"wp:featuredmedia":[{"embeddable":true,"href":"https:\/\/radiorevelacionfm.cl\/index.php?rest_route=\/wp\/v2\/media\/40355"}],"wp:attachment":[{"href":"https:\/\/radiorevelacionfm.cl\/index.php?rest_route=%2Fwp%2Fv2%2Fmedia&parent=40354"}],"wp:term":[{"taxonomy":"category","embeddable":true,"href":"https:\/\/radiorevelacionfm.cl\/index.php?rest_route=%2Fwp%2Fv2%2Fcategories&post=40354"},{"taxonomy":"post_tag","embeddable":true,"href":"https:\/\/radiorevelacionfm.cl\/index.php?rest_route=%2Fwp%2Fv2%2Ftags&post=40354"}],"curies":[{"name":"wp","href":"https:\/\/api.w.org\/{rel}","templated":true}]}}