{"id":40351,"date":"2024-03-14T09:21:47","date_gmt":"2024-03-14T12:21:47","guid":{"rendered":"https:\/\/radiorevelacionfm.cl\/?p=40351"},"modified":"2024-03-14T17:31:12","modified_gmt":"2024-03-14T20:31:12","slug":"obras-publicas-invita-a-taller-nacional-online-para-modernizar-su-politica-de-sostenibilidad","status":"publish","type":"post","link":"https:\/\/radiorevelacionfm.cl\/?p=40351","title":{"rendered":"Obras P\u00fablicas invita a taller nacional online para modernizar su pol\u00edtica de sostenibilidad"},"content":{"rendered":"<div class=\"flex_column av_one_full  flex_column_div av-zero-column-padding first  avia-builder-el-0  el_before_av_one_full  avia-builder-el-first  \" style='border-radius:0px; '><div  class='avia-image-container  av-styling-    avia-builder-el-1  avia-builder-el-no-sibling  avia-align-center '  itemprop=\"image\" itemscope=\"itemscope\" itemtype=\"https:\/\/schema.org\/ImageObject\"  ><div class='avia-image-container-inner'><div class='avia-image-overlay-wrap'><img decoding=\"async\" class='wp-image-40352 avia-img-lazy-loading-not-40352 avia_image' src=\"https:\/\/radiorevelacionfm.cl\/wp-content\/uploads\/2024\/03\/talleres-regionales-politica-sustentabilidad-1-1.jpg\" alt='' title='talleres-regionales-politica-sustentabilidad (1) (1)' height=\"600\" width=\"1067\"  itemprop=\"thumbnailUrl\" srcset=\"https:\/\/radiorevelacionfm.cl\/wp-content\/uploads\/2024\/03\/talleres-regionales-politica-sustentabilidad-1-1.jpg 1067w, https:\/\/radiorevelacionfm.cl\/wp-content\/uploads\/2024\/03\/talleres-regionales-politica-sustentabilidad-1-1-300x169.jpg 300w, https:\/\/radiorevelacionfm.cl\/wp-content\/uploads\/2024\/03\/talleres-regionales-politica-sustentabilidad-1-1-1030x579.jpg 1030w, https:\/\/radiorevelacionfm.cl\/wp-content\/uploads\/2024\/03\/talleres-regionales-politica-sustentabilidad-1-1-768x432.jpg 768w, https:\/\/radiorevelacionfm.cl\/wp-content\/uploads\/2024\/03\/talleres-regionales-politica-sustentabilidad-1-1-705x396.jpg 705w, https:\/\/radiorevelacionfm.cl\/wp-content\/uploads\/2024\/03\/talleres-regionales-politica-sustentabilidad-1-1-450x253.jpg 450w, https:\/\/radiorevelacionfm.cl\/wp-content\/uploads\/2024\/03\/talleres-regionales-politica-sustentabilidad-1-1-600x337.jpg 600w\" sizes=\"(max-width: 1067px) 100vw, 1067px\" \/><\/div><\/div><\/div><\/div><div class=\"flex_column av_one_full  flex_column_div av-zero-column-padding first  avia-builder-el-2  el_after_av_one_full  el_before_av_one_full  column-top-margin\" style='border-radius:0px; '><section class=\"av_textblock_section \"  itemscope=\"itemscope\" itemtype=\"https:\/\/schema.org\/BlogPosting\" itemprop=\"blogPost\" ><div class='avia_textblock  '   itemprop=\"text\" ><p style=\"text-align: center;\"><strong><span style=\"font-size: 18pt;\">Obras P\u00fablicas invita a taller nacional online para modernizar su pol\u00edtica de sostenibilidad<\/span><\/strong><\/p>\n<div id=\"gtx-trans\" style=\"position: absolute; left: -50px; top: 4.31534px;\">\n<div class=\"gtx-trans-icon\"><\/div>\n<\/div>\n<\/div><\/section><\/div><div class=\"flex_column av_one_full  flex_column_div av-zero-column-padding first  avia-builder-el-4  el_after_av_one_full  el_before_av_hr  column-top-margin\" style='border-radius:0px; '><section class=\"av_textblock_section \"  itemscope=\"itemscope\" itemtype=\"https:\/\/schema.org\/BlogPosting\" itemprop=\"blogPost\" ><div class='avia_textblock  '   itemprop=\"text\" ><p style=\"text-align: justify;\">El Secretario Regional Ministerial de Obras P\u00fablicas, Patricio Sanhueza Ulloa, inform\u00f3 que con el fin de dise\u00f1ar y construir obras m\u00e1s resilientes ante fen\u00f3menos clim\u00e1ticos extremos, y con menor impacto social y medioambiental, el Ministerio de Obras P\u00fablicas (MOP) est\u00e1 actualizando su Pol\u00edtica de Sostenibilidad, proceso cuyo ciclo de talleres regionales culmina el jueves 14 de marzo, con una jornada participativa en l\u00ednea y de alcance nacional, de 10:00 a 12:00 horas.<\/p>\n<p style=\"text-align: justify;\">La modernizaci\u00f3n de la pol\u00edtica vigente de sostenibilidad del MOP, que data de 2016, y \u201cbusca desde recoger nuevos criterios de sustentabilidad e incorporar indicadores para su medici\u00f3n y seguimiento, hasta integrar la experiencia y las distintas realidades del mundo de la construcci\u00f3n, la academia, las organizaciones no gubernamentales y el sector p\u00fablico\u201d, indic\u00f3 Patricio Sanhueza.<\/p>\n<p style=\"text-align: justify;\">Luego de realizar talleres presenciales en las regiones, el MOP cerrar\u00e1 esta etapa del desarrollo de su nueva Pol\u00edtica de Sostenibilidad con un taller abierto de dos horas, a trav\u00e9s de la plataforma Zoom, el 14 de marzo.<\/p>\n<p style=\"text-align: justify;\">Con este espacio virtual, se busca ampliar la oportunidad de colaboraci\u00f3n a aquellas instituciones y personas que, por diversas razones, no pudieron asistir a las instancias presenciales.<\/p>\n<p style=\"text-align: justify;\">Quienes quieran sumarse a este evento, que ofrece 100 cupos, deben inscribirse previamente en el sitio web:\u00a0<a href=\"http:\/\/bit.ly\/tallermop\">bit.ly\/tallermop<\/a>.<\/p>\n<p style=\"text-align: justify;\">Con todo, el MOP proyecta contar con una propuesta de nueva Pol\u00edtica de Sostenibilidad durante el tercer trimestre del a\u00f1o 2024.<\/p>\n<\/div><\/section><\/div><div  style='height:50px' class='hr hr-invisible   avia-builder-el-6  el_after_av_one_full  el_before_av_social_share '><span class='hr-inner ' ><span class='hr-inner-style'><\/span><\/span><\/div><\/p>\n<div  class='av-social-sharing-box  avia-builder-el-7  el_after_av_hr  el_before_av_hr  '><div class='av-share-box'><h5 class='av-share-link-description av-no-toc '>Compartir esta noticia<\/h5><ul class='av-share-box-list noLightbox'><li class='av-share-link av-social-link-facebook' ><a target=\"_blank\" aria-label=\"Compartir en Facebook\" href='https:\/\/www.facebook.com\/sharer.php?u=https:\/\/radiorevelacionfm.cl\/?p=40351&#038;t=Obras%20P%C3%BAblicas%20invita%20a%20taller%20nacional%20online%20para%20modernizar%20su%20pol%C3%ADtica%20de%20sostenibilidad' aria-hidden='false' data-av_icon='\ue8f3' data-av_iconfont='entypo-fontello' title='' data-avia-related-tooltip='Compartir en Facebook' rel=\"noopener\"><span class='avia_hidden_link_text'>Compartir en Facebook<\/span><\/a><\/li><li class='av-share-link av-social-link-twitter' ><a target=\"_blank\" aria-label=\"Compartir en Twitter\" href='https:\/\/twitter.com\/share?text=Obras%20P%C3%BAblicas%20invita%20a%20taller%20nacional%20online%20para%20modernizar%20su%20pol%C3%ADtica%20de%20sostenibilidad&#038;url=https:\/\/radiorevelacionfm.cl\/?p=40351' aria-hidden='false' data-av_icon='\ue8f1' data-av_iconfont='entypo-fontello' title='' data-avia-related-tooltip='Compartir en Twitter' rel=\"noopener\"><span class='avia_hidden_link_text'>Compartir en Twitter<\/span><\/a><\/li><li class='av-share-link av-social-link-whatsapp' ><a target=\"_blank\" aria-label=\"Compartir en Whatsapp\" href='https:\/\/api.whatsapp.com\/send?text=https:\/\/radiorevelacionfm.cl\/?p=40351' aria-hidden='false' data-av_icon='\uf232' data-av_iconfont='entypo-fontello' title='' data-avia-related-tooltip='Compartir en Whatsapp' rel=\"noopener\"><span class='avia_hidden_link_text'>Compartir en Whatsapp<\/span><\/a><\/li><li class='av-share-link av-social-link-linkedin' ><a target=\"_blank\" aria-label=\"Compartir en LinkedIn\" href='https:\/\/linkedin.com\/shareArticle?mini=true&#038;title=Obras%20P%C3%BAblicas%20invita%20a%20taller%20nacional%20online%20para%20modernizar%20su%20pol%C3%ADtica%20de%20sostenibilidad&#038;url=https:\/\/radiorevelacionfm.cl\/?p=40351' aria-hidden='false' data-av_icon='\ue8fc' data-av_iconfont='entypo-fontello' title='' data-avia-related-tooltip='Compartir en LinkedIn' rel=\"noopener\"><span class='avia_hidden_link_text'>Compartir en LinkedIn<\/span><\/a><\/li><li class='av-share-link av-social-link-mail' ><a  aria-label=\"Compartir por correo\" href='mailto:?subject=Obras%20P%C3%BAblicas%20invita%20a%20taller%20nacional%20online%20para%20modernizar%20su%20pol%C3%ADtica%20de%20sostenibilidad&#038;body=https:\/\/radiorevelacionfm.cl\/?p=40351' aria-hidden='false' data-av_icon='\ue805' data-av_iconfont='entypo-fontello' title='' data-avia-related-tooltip='Compartir por correo'><span class='avia_hidden_link_text'>Compartir por correo<\/span><\/a><\/li><\/ul><\/div><\/div>\n<div  style='height:50px' class='hr hr-invisible   avia-builder-el-8  el_after_av_social_share  el_before_av_comments_list '><span class='hr-inner ' ><span class='hr-inner-style'><\/span><\/span><\/div>\n<div  class='av-buildercomment  av-blog-meta-html-info-disabled av-blog-meta-tag-disabled  '><\/div>\n","protected":false},"excerpt":{"rendered":"","protected":false},"author":1,"featured_media":40352,"comment_status":"open","ping_status":"open","sticky":false,"template":"","format":"standard","meta":{"footnotes":""},"categories":[38],"tags":[],"class_list":["post-40351","post","type-post","status-publish","format-standard","has-post-thumbnail","hentry","category-regional"],"jetpack_featured_media_url":"https:\/\/radiorevelacionfm.cl\/wp-content\/uploads\/2024\/03\/talleres-regionales-politica-sustentabilidad-1-1.jpg","_links":{"self":[{"href":"https:\/\/radiorevelacionfm.cl\/index.php?rest_route=\/wp\/v2\/posts\/40351","targetHints":{"allow":["GET"]}}],"collection":[{"href":"https:\/\/radiorevelacionfm.cl\/index.php?rest_route=\/wp\/v2\/posts"}],"about":[{"href":"https:\/\/radiorevelacionfm.cl\/index.php?rest_route=\/wp\/v2\/types\/post"}],"author":[{"embeddable":true,"href":"https:\/\/radiorevelacionfm.cl\/index.php?rest_route=\/wp\/v2\/users\/1"}],"replies":[{"embeddable":true,"href":"https:\/\/radiorevelacionfm.cl\/index.php?rest_route=%2Fwp%2Fv2%2Fcomments&post=40351"}],"version-history":[{"count":1,"href":"https:\/\/radiorevelacionfm.cl\/index.php?rest_route=\/wp\/v2\/posts\/40351\/revisions"}],"predecessor-version":[{"id":40353,"href":"https:\/\/radiorevelacionfm.cl\/index.php?rest_route=\/wp\/v2\/posts\/40351\/revisions\/40353"}],"wp:featuredmedia":[{"embeddable":true,"href":"https:\/\/radiorevelacionfm.cl\/index.php?rest_route=\/wp\/v2\/media\/40352"}],"wp:attachment":[{"href":"https:\/\/radiorevelacionfm.cl\/index.php?rest_route=%2Fwp%2Fv2%2Fmedia&parent=40351"}],"wp:term":[{"taxonomy":"category","embeddable":true,"href":"https:\/\/radiorevelacionfm.cl\/index.php?rest_route=%2Fwp%2Fv2%2Fcategories&post=40351"},{"taxonomy":"post_tag","embeddable":true,"href":"https:\/\/radiorevelacionfm.cl\/index.php?rest_route=%2Fwp%2Fv2%2Ftags&post=40351"}],"curies":[{"name":"wp","href":"https:\/\/api.w.org\/{rel}","templated":true}]}}