{"id":40345,"date":"2024-03-14T11:54:47","date_gmt":"2024-03-14T14:54:47","guid":{"rendered":"https:\/\/radiorevelacionfm.cl\/?p=40345"},"modified":"2024-03-14T11:54:47","modified_gmt":"2024-03-14T14:54:47","slug":"television-100-digital-comienza-el-cese-de-las-transmisiones-analogicas-de-tv-en-aysen","status":"publish","type":"post","link":"https:\/\/radiorevelacionfm.cl\/?p=40345","title":{"rendered":"Televisi\u00f3n 100% digital: comienza el cese de las transmisiones anal\u00f3gicas de TV en Ays\u00e9n"},"content":{"rendered":"<div class=\"flex_column av_one_full  flex_column_div av-zero-column-padding first  avia-builder-el-0  el_before_av_one_full  avia-builder-el-first  \" style='border-radius:0px; '><div  class='avia-image-container  av-styling-    avia-builder-el-1  avia-builder-el-no-sibling  avia-align-center '  itemprop=\"image\" itemscope=\"itemscope\" itemtype=\"https:\/\/schema.org\/ImageObject\"  ><div class='avia-image-container-inner'><div class='avia-image-overlay-wrap'><img decoding=\"async\" class='wp-image-40346 avia-img-lazy-loading-not-40346 avia_image' src=\"https:\/\/radiorevelacionfm.cl\/wp-content\/uploads\/2024\/03\/DSC_0152-1.jpg\" alt='' title='DSC_0152 (1)' height=\"600\" width=\"902\"  itemprop=\"thumbnailUrl\" srcset=\"https:\/\/radiorevelacionfm.cl\/wp-content\/uploads\/2024\/03\/DSC_0152-1.jpg 902w, https:\/\/radiorevelacionfm.cl\/wp-content\/uploads\/2024\/03\/DSC_0152-1-300x200.jpg 300w, https:\/\/radiorevelacionfm.cl\/wp-content\/uploads\/2024\/03\/DSC_0152-1-768x511.jpg 768w, https:\/\/radiorevelacionfm.cl\/wp-content\/uploads\/2024\/03\/DSC_0152-1-705x469.jpg 705w, https:\/\/radiorevelacionfm.cl\/wp-content\/uploads\/2024\/03\/DSC_0152-1-450x299.jpg 450w, https:\/\/radiorevelacionfm.cl\/wp-content\/uploads\/2024\/03\/DSC_0152-1-600x399.jpg 600w\" sizes=\"(max-width: 902px) 100vw, 902px\" \/><\/div><\/div><\/div><\/div><div class=\"flex_column av_one_full  flex_column_div av-zero-column-padding first  avia-builder-el-2  el_after_av_one_full  el_before_av_one_full  column-top-margin\" style='border-radius:0px; '><section class=\"av_textblock_section \"  itemscope=\"itemscope\" itemtype=\"https:\/\/schema.org\/BlogPosting\" itemprop=\"blogPost\" ><div class='avia_textblock  '   itemprop=\"text\" ><p style=\"text-align: center;\"><span style=\"font-size: 18pt;\"><b>Televisi\u00f3n 100% digital: comienza el cese de las transmisiones anal\u00f3gicas de TV en Ays\u00e9n<\/b><\/span><\/p>\n<div id=\"gtx-trans\" style=\"position: absolute; left: -50px; top: 4.31534px;\">\n<div class=\"gtx-trans-icon\"><\/div>\n<\/div>\n<\/div><\/section><\/div><div class=\"flex_column av_one_full  flex_column_div av-zero-column-padding first  avia-builder-el-4  el_after_av_one_full  el_before_av_hr  column-top-margin\" style='border-radius:0px; '><section class=\"av_textblock_section \"  itemscope=\"itemscope\" itemtype=\"https:\/\/schema.org\/BlogPosting\" itemprop=\"blogPost\" ><div class='avia_textblock  '   itemprop=\"text\" ><p style=\"font-weight: 400; text-align: justify;\"><em>Este proceso se enmarca en el contexto del proceso de digitalizaci\u00f3n de la televisi\u00f3n, que tiene como fecha l\u00edmite para concretarse el 15 de abril del presente a\u00f1o.<\/em><\/p>\n<p style=\"font-weight: 400; text-align: justify;\">Hace casi 10 a\u00f1os se promulg\u00f3 la Ley de Televisi\u00f3n Digital, que ten\u00eda como objetivo principal transformar la forma en que se ve la televisi\u00f3n en Chile. Esto es, mayor calidad de im\u00e1genes y sonido, pero sobre todo, mayor cantidad de canales disponibles, de manera abierta y gratuita.<\/p>\n<p style=\"font-weight: 400; text-align: justify;\">En este contexto, la Subsecretar\u00eda de Telecomunicaciones, tom\u00f3 la decisi\u00f3n de autorizar a los canales que tienen completamente implementada su red de televisi\u00f3n digital a que adelanten de manera\u00a0 paulatina el cese de las transmisiones anal\u00f3gicas, para dar paso a una transmisi\u00f3n 100% digital. De esta manera, cuatro regiones del pa\u00eds comenzar\u00e1n hoy, 13 de marzo, a concretar el proceso de digitalizaci\u00f3n de la televisi\u00f3n: Ays\u00e9n, Magallanes, Arica y Parinacota y Tarapac\u00e1.<\/p>\n<p style=\"font-weight: 400; text-align: justify;\">\u201cA partir de octubre pasado algunos canales regionales que prestan servicio en zonas rurales dejaron de transmitir la se\u00f1al an\u00e1loga, quedando 100% digitales. Nuestro monitoreo de este primer apagado arroja un balance positivo respecto de esta medida. En base a esto, hemos autorizado a los canales con cobertura nacional, que empiecen un proceso de apagado gradual, partiendo desde las regiones extremas y siempre monitoreando el resultado de eso. Una vez completado este proceso, habremos consolidado la digitalizaci\u00f3n de nuestra televisi\u00f3n\u201d, se\u00f1al\u00f3 el subsecretario de Telecomunicaciones, Claudio Araya.<\/p>\n<p style=\"font-weight: 400; text-align: justify;\">La autoridad regional en la materia, seremiTT Hans Zimmermann, agreg\u00f3 que para facilitar la migraci\u00f3n hacia la TV digital en zonas rurales y extremas, se canaliz\u00f3 a trav\u00e9s de Subtel y Anatel la entrega de kits que permitan la recepci\u00f3n de los canales de televisi\u00f3n de libre recepci\u00f3n en se\u00f1al digital. \u201cEn Ays\u00e9n se entregaron alrededor de 2400 kits en localidades como La Junta, Puyuhuapi, Ra\u00fal Mar\u00edn Balmaceda, Puerto Aguirre, Villa Ma\u00f1ihuales, Villa O\u00b4Higgins, Puerto Bertrand, Balmaceda y \u00d1irehuao. De esta forma estamos creando igualdad de oportunidades al momento de facilitar el acceso a la televisi\u00f3n abierta digital a estos usuarios, que justamente carecen de mayores opciones por baja o nula cobertura. Esto tambi\u00e9n se relaciona con lograr una Brecha Digital Cero en nuestro territorio, para que todos y todas puedan disfrutar de las ventajas que entregan las nuevas tecnolog\u00edas\u201d, indic\u00f3.<\/p>\n<p style=\"font-weight: 400; text-align: justify;\">Beneficios de la televisi\u00f3n digital:<\/p>\n<p style=\"font-weight: 400; text-align: justify;\">&#8211;\u00a0\u00a0\u00a0\u00a0\u00a0\u00a0\u00a0\u00a0\u00a0\u00a0La televisi\u00f3n digital es abierta y gratuita.<\/p>\n<p style=\"font-weight: 400; text-align: justify;\">&#8211;\u00a0\u00a0\u00a0\u00a0\u00a0\u00a0\u00a0\u00a0\u00a0\u00a0Mejora significativa en la calidad de im\u00e1genes y sonido bajo est\u00e1ndar de Alta Definici\u00f3n (HD).<\/p>\n<p style=\"font-weight: 400; text-align: justify;\">&#8211;\u00a0\u00a0\u00a0\u00a0\u00a0\u00a0\u00a0\u00a0\u00a0\u00a0La migraci\u00f3n hacia la Televisi\u00f3n Digital posibilita la implementaci\u00f3n de nuevas tecnolog\u00edas, como la Televisi\u00f3n Satelital Abierta, disponible en todo el territorio nacional.<\/p>\n<\/div><\/section><\/div><div  style='height:50px' class='hr hr-invisible   avia-builder-el-6  el_after_av_one_full  el_before_av_social_share '><span class='hr-inner ' ><span class='hr-inner-style'><\/span><\/span><\/div><\/p>\n<div  class='av-social-sharing-box  avia-builder-el-7  el_after_av_hr  el_before_av_hr  '><div class='av-share-box'><h5 class='av-share-link-description av-no-toc '>Compartir esta noticia<\/h5><ul class='av-share-box-list noLightbox'><li class='av-share-link av-social-link-facebook' ><a target=\"_blank\" aria-label=\"Compartir en Facebook\" href='https:\/\/www.facebook.com\/sharer.php?u=https:\/\/radiorevelacionfm.cl\/?p=40345&#038;t=Televisi%C3%B3n%20100%25%20digital%3A%20comienza%20el%20cese%20de%20las%20transmisiones%20anal%C3%B3gicas%20de%20TV%20en%20Ays%C3%A9n' aria-hidden='false' data-av_icon='\ue8f3' data-av_iconfont='entypo-fontello' title='' data-avia-related-tooltip='Compartir en Facebook' rel=\"noopener\"><span class='avia_hidden_link_text'>Compartir en Facebook<\/span><\/a><\/li><li class='av-share-link av-social-link-twitter' ><a target=\"_blank\" aria-label=\"Compartir en Twitter\" href='https:\/\/twitter.com\/share?text=Televisi%C3%B3n%20100%25%20digital%3A%20comienza%20el%20cese%20de%20las%20transmisiones%20anal%C3%B3gicas%20de%20TV%20en%20Ays%C3%A9n&#038;url=https:\/\/radiorevelacionfm.cl\/?p=40345' aria-hidden='false' data-av_icon='\ue8f1' data-av_iconfont='entypo-fontello' title='' data-avia-related-tooltip='Compartir en Twitter' rel=\"noopener\"><span class='avia_hidden_link_text'>Compartir en Twitter<\/span><\/a><\/li><li class='av-share-link av-social-link-whatsapp' ><a target=\"_blank\" aria-label=\"Compartir en Whatsapp\" href='https:\/\/api.whatsapp.com\/send?text=https:\/\/radiorevelacionfm.cl\/?p=40345' aria-hidden='false' data-av_icon='\uf232' data-av_iconfont='entypo-fontello' title='' data-avia-related-tooltip='Compartir en Whatsapp' rel=\"noopener\"><span class='avia_hidden_link_text'>Compartir en Whatsapp<\/span><\/a><\/li><li class='av-share-link av-social-link-linkedin' ><a target=\"_blank\" aria-label=\"Compartir en LinkedIn\" href='https:\/\/linkedin.com\/shareArticle?mini=true&#038;title=Televisi%C3%B3n%20100%25%20digital%3A%20comienza%20el%20cese%20de%20las%20transmisiones%20anal%C3%B3gicas%20de%20TV%20en%20Ays%C3%A9n&#038;url=https:\/\/radiorevelacionfm.cl\/?p=40345' aria-hidden='false' data-av_icon='\ue8fc' data-av_iconfont='entypo-fontello' title='' data-avia-related-tooltip='Compartir en LinkedIn' rel=\"noopener\"><span class='avia_hidden_link_text'>Compartir en LinkedIn<\/span><\/a><\/li><li class='av-share-link av-social-link-mail' ><a  aria-label=\"Compartir por correo\" href='mailto:?subject=Televisi%C3%B3n%20100%25%20digital%3A%20comienza%20el%20cese%20de%20las%20transmisiones%20anal%C3%B3gicas%20de%20TV%20en%20Ays%C3%A9n&#038;body=https:\/\/radiorevelacionfm.cl\/?p=40345' aria-hidden='false' data-av_icon='\ue805' data-av_iconfont='entypo-fontello' title='' data-avia-related-tooltip='Compartir por correo'><span class='avia_hidden_link_text'>Compartir por correo<\/span><\/a><\/li><\/ul><\/div><\/div>\n<div  style='height:50px' class='hr hr-invisible   avia-builder-el-8  el_after_av_social_share  el_before_av_comments_list '><span class='hr-inner ' ><span class='hr-inner-style'><\/span><\/span><\/div>\n<div  class='av-buildercomment  av-blog-meta-html-info-disabled av-blog-meta-tag-disabled  '><\/div>\n","protected":false},"excerpt":{"rendered":"","protected":false},"author":1,"featured_media":40346,"comment_status":"open","ping_status":"open","sticky":false,"template":"","format":"standard","meta":{"footnotes":""},"categories":[41],"tags":[],"class_list":["post-40345","post","type-post","status-publish","format-standard","has-post-thumbnail","hentry","category-tecnologia"],"jetpack_featured_media_url":"https:\/\/radiorevelacionfm.cl\/wp-content\/uploads\/2024\/03\/DSC_0152-1.jpg","_links":{"self":[{"href":"https:\/\/radiorevelacionfm.cl\/index.php?rest_route=\/wp\/v2\/posts\/40345","targetHints":{"allow":["GET"]}}],"collection":[{"href":"https:\/\/radiorevelacionfm.cl\/index.php?rest_route=\/wp\/v2\/posts"}],"about":[{"href":"https:\/\/radiorevelacionfm.cl\/index.php?rest_route=\/wp\/v2\/types\/post"}],"author":[{"embeddable":true,"href":"https:\/\/radiorevelacionfm.cl\/index.php?rest_route=\/wp\/v2\/users\/1"}],"replies":[{"embeddable":true,"href":"https:\/\/radiorevelacionfm.cl\/index.php?rest_route=%2Fwp%2Fv2%2Fcomments&post=40345"}],"version-history":[{"count":1,"href":"https:\/\/radiorevelacionfm.cl\/index.php?rest_route=\/wp\/v2\/posts\/40345\/revisions"}],"predecessor-version":[{"id":40347,"href":"https:\/\/radiorevelacionfm.cl\/index.php?rest_route=\/wp\/v2\/posts\/40345\/revisions\/40347"}],"wp:featuredmedia":[{"embeddable":true,"href":"https:\/\/radiorevelacionfm.cl\/index.php?rest_route=\/wp\/v2\/media\/40346"}],"wp:attachment":[{"href":"https:\/\/radiorevelacionfm.cl\/index.php?rest_route=%2Fwp%2Fv2%2Fmedia&parent=40345"}],"wp:term":[{"taxonomy":"category","embeddable":true,"href":"https:\/\/radiorevelacionfm.cl\/index.php?rest_route=%2Fwp%2Fv2%2Fcategories&post=40345"},{"taxonomy":"post_tag","embeddable":true,"href":"https:\/\/radiorevelacionfm.cl\/index.php?rest_route=%2Fwp%2Fv2%2Ftags&post=40345"}],"curies":[{"name":"wp","href":"https:\/\/api.w.org\/{rel}","templated":true}]}}