{"id":40342,"date":"2024-03-13T20:59:01","date_gmt":"2024-03-13T23:59:01","guid":{"rendered":"https:\/\/radiorevelacionfm.cl\/?p=40342"},"modified":"2024-03-13T20:59:01","modified_gmt":"2024-03-13T23:59:01","slug":"deportivo-condell-adquiere-nueva-implementacion-para-ninos-y-ninas-del-club-gracias-a-subvencion-municipal","status":"publish","type":"post","link":"https:\/\/radiorevelacionfm.cl\/?p=40342","title":{"rendered":"Deportivo Condell adquiere nueva implementaci\u00f3n para ni\u00f1os y ni\u00f1as del club gracias a subvenci\u00f3n municipal"},"content":{"rendered":"<div class=\"flex_column av_one_full  flex_column_div av-zero-column-padding first  avia-builder-el-0  el_before_av_one_full  avia-builder-el-first  \" style='border-radius:0px; '><div  class='avia-image-container  av-styling-    avia-builder-el-1  avia-builder-el-no-sibling  avia-align-center '  itemprop=\"image\" itemscope=\"itemscope\" itemtype=\"https:\/\/schema.org\/ImageObject\"  ><div class='avia-image-container-inner'><div class='avia-image-overlay-wrap'><img decoding=\"async\" class='wp-image-40343 avia-img-lazy-loading-not-40343 avia_image' src=\"https:\/\/radiorevelacionfm.cl\/wp-content\/uploads\/2024\/03\/condell-1-marzo-2024-1_optimized-1.jpg\" alt='' title='condell-1-marzo-2024-(1)_optimized (1)' height=\"600\" width=\"1066\"  itemprop=\"thumbnailUrl\" srcset=\"https:\/\/radiorevelacionfm.cl\/wp-content\/uploads\/2024\/03\/condell-1-marzo-2024-1_optimized-1.jpg 1066w, https:\/\/radiorevelacionfm.cl\/wp-content\/uploads\/2024\/03\/condell-1-marzo-2024-1_optimized-1-300x169.jpg 300w, https:\/\/radiorevelacionfm.cl\/wp-content\/uploads\/2024\/03\/condell-1-marzo-2024-1_optimized-1-1030x580.jpg 1030w, https:\/\/radiorevelacionfm.cl\/wp-content\/uploads\/2024\/03\/condell-1-marzo-2024-1_optimized-1-768x432.jpg 768w, https:\/\/radiorevelacionfm.cl\/wp-content\/uploads\/2024\/03\/condell-1-marzo-2024-1_optimized-1-705x397.jpg 705w, https:\/\/radiorevelacionfm.cl\/wp-content\/uploads\/2024\/03\/condell-1-marzo-2024-1_optimized-1-450x253.jpg 450w, https:\/\/radiorevelacionfm.cl\/wp-content\/uploads\/2024\/03\/condell-1-marzo-2024-1_optimized-1-600x338.jpg 600w\" sizes=\"(max-width: 1066px) 100vw, 1066px\" \/><\/div><\/div><\/div><\/div><div class=\"flex_column av_one_full  flex_column_div av-zero-column-padding first  avia-builder-el-2  el_after_av_one_full  el_before_av_one_full  column-top-margin\" style='border-radius:0px; '><section class=\"av_textblock_section \"  itemscope=\"itemscope\" itemtype=\"https:\/\/schema.org\/BlogPosting\" itemprop=\"blogPost\" ><div class='avia_textblock  '   itemprop=\"text\" ><p style=\"text-align: center;\"><strong><span style=\"font-size: 18pt;\">Deportivo Condell adquiere nueva implementaci\u00f3n para ni\u00f1os y ni\u00f1as del club gracias a subvenci\u00f3n municipal<\/span><\/strong><\/p>\n<div id=\"gtx-trans\" style=\"position: absolute; left: -50px; top: 4.31534px;\">\n<div class=\"gtx-trans-icon\"><\/div>\n<\/div>\n<\/div><\/section><\/div><div class=\"flex_column av_one_full  flex_column_div av-zero-column-padding first  avia-builder-el-4  el_after_av_one_full  el_before_av_hr  column-top-margin\" style='border-radius:0px; '><section class=\"av_textblock_section \"  itemscope=\"itemscope\" itemtype=\"https:\/\/schema.org\/BlogPosting\" itemprop=\"blogPost\" ><div class='avia_textblock  '   itemprop=\"text\" ><p style=\"text-align: justify;\">La directiva del Deportivo Condell de Puerto Ays\u00e9n, acompa\u00f1ada de los ni\u00f1os y ni\u00f1as de sus categor\u00edas inferiores junto a sus padres, recibieron por parte del Alcalde de la comuna de Ays\u00e9n y presidente del Honorable Concejo Municipal, el cheque con un monto que bordea el mill\u00f3n quinientos mil pesos.<\/p>\n<p style=\"text-align: justify;\">Estos recursos fueron postulados a la subvenci\u00f3n municipal, beneficio que obtienen diversas organizaciones de la comuna.<\/p>\n<p style=\"text-align: justify;\">\u201cEstamos muy contentos, hoy entregando una nueva subvenci\u00f3n, lo que es aprobado por el Concejo Municipal y en esta oportunidad al Club Deportivo Condell, una organizaci\u00f3n hist\u00f3rica de Ays\u00e9n y que est\u00e1 formando ni\u00f1os. Por lo tanto, nosotros tenemos el deber de apoyarlo y seguir potenciado las actividades deportivas, sobre todo, pensando en nuestros j\u00f3venes, en las herramientas que entrega el deporte a nuestra juventud. Por lo tanto, una vez m\u00e1s nuestro Concejo Municipal a trav\u00e9s de la aprobaci\u00f3n de la subvenci\u00f3n, se le ha entregado este aporte al Club Condell, lo que ser\u00e1 ocupado para comprar indumentaria para los ni\u00f1os\u201d, se\u00f1al\u00f3 el Alcalde, Julio Uribe.<\/p>\n<p style=\"text-align: justify;\">En tanto, el presidente del Club Deportivo Condell de Puerto Ays\u00e9n, H\u00e9ctor Aguilera, manifest\u00f3 su agradecimiento al Municipio, a la autoridad comunal, por respaldar de manera concreta a esta organizaci\u00f3n. \u201cNuestra instituci\u00f3n ha sido beneficiada con una subvenci\u00f3n especial, para poder dotar a nuestros peque\u00f1os que son bastantes, con alg\u00fan tipo de parka para protegerlos de las inclemencias del tiempo durante la \u00e9poca de invierno. Este aporte se agradece, nosotros como instituci\u00f3n somos muy agradecidos de las cosas que se les entregan a los ni\u00f1os, as\u00ed es que, felices con las gestiones realizadas por parte de nuestro directorio m\u00e1s la voluntad del se\u00f1or Alcalde\u201d.<\/p>\n<p style=\"text-align: justify;\">El dirigente deportivo tambi\u00e9n quiso agradecer la voluntad expresada por el Alcalde, Julio Uribe, con el fin de realizar las gestiones pertinentes que permitan retomar las obras de construcci\u00f3n de una cancha, en el mismo terreno donde se emplaza su sede social.<\/p>\n<\/div><\/section><\/div><div  style='height:50px' class='hr hr-invisible   avia-builder-el-6  el_after_av_one_full  el_before_av_social_share '><span class='hr-inner ' ><span class='hr-inner-style'><\/span><\/span><\/div><\/p>\n<div  class='av-social-sharing-box  avia-builder-el-7  el_after_av_hr  el_before_av_hr  '><div class='av-share-box'><h5 class='av-share-link-description av-no-toc '>Compartir esta noticia<\/h5><ul class='av-share-box-list noLightbox'><li class='av-share-link av-social-link-facebook' ><a target=\"_blank\" aria-label=\"Compartir en Facebook\" href='https:\/\/www.facebook.com\/sharer.php?u=https:\/\/radiorevelacionfm.cl\/?p=40342&#038;t=Deportivo%20Condell%20adquiere%20nueva%20implementaci%C3%B3n%20para%20ni%C3%B1os%20y%20ni%C3%B1as%20del%20club%20gracias%20a%20subvenci%C3%B3n%20municipal' aria-hidden='false' data-av_icon='\ue8f3' data-av_iconfont='entypo-fontello' title='' data-avia-related-tooltip='Compartir en Facebook' rel=\"noopener\"><span class='avia_hidden_link_text'>Compartir en Facebook<\/span><\/a><\/li><li class='av-share-link av-social-link-twitter' ><a target=\"_blank\" aria-label=\"Compartir en Twitter\" href='https:\/\/twitter.com\/share?text=Deportivo%20Condell%20adquiere%20nueva%20implementaci%C3%B3n%20para%20ni%C3%B1os%20y%20ni%C3%B1as%20del%20club%20gracias%20a%20subvenci%C3%B3n%20municipal&#038;url=https:\/\/radiorevelacionfm.cl\/?p=40342' aria-hidden='false' data-av_icon='\ue8f1' data-av_iconfont='entypo-fontello' title='' data-avia-related-tooltip='Compartir en Twitter' rel=\"noopener\"><span class='avia_hidden_link_text'>Compartir en Twitter<\/span><\/a><\/li><li class='av-share-link av-social-link-whatsapp' ><a target=\"_blank\" aria-label=\"Compartir en Whatsapp\" href='https:\/\/api.whatsapp.com\/send?text=https:\/\/radiorevelacionfm.cl\/?p=40342' aria-hidden='false' data-av_icon='\uf232' data-av_iconfont='entypo-fontello' title='' data-avia-related-tooltip='Compartir en Whatsapp' rel=\"noopener\"><span class='avia_hidden_link_text'>Compartir en Whatsapp<\/span><\/a><\/li><li class='av-share-link av-social-link-linkedin' ><a target=\"_blank\" aria-label=\"Compartir en LinkedIn\" href='https:\/\/linkedin.com\/shareArticle?mini=true&#038;title=Deportivo%20Condell%20adquiere%20nueva%20implementaci%C3%B3n%20para%20ni%C3%B1os%20y%20ni%C3%B1as%20del%20club%20gracias%20a%20subvenci%C3%B3n%20municipal&#038;url=https:\/\/radiorevelacionfm.cl\/?p=40342' aria-hidden='false' data-av_icon='\ue8fc' data-av_iconfont='entypo-fontello' title='' data-avia-related-tooltip='Compartir en LinkedIn' rel=\"noopener\"><span class='avia_hidden_link_text'>Compartir en LinkedIn<\/span><\/a><\/li><li class='av-share-link av-social-link-mail' ><a  aria-label=\"Compartir por correo\" href='mailto:?subject=Deportivo%20Condell%20adquiere%20nueva%20implementaci%C3%B3n%20para%20ni%C3%B1os%20y%20ni%C3%B1as%20del%20club%20gracias%20a%20subvenci%C3%B3n%20municipal&#038;body=https:\/\/radiorevelacionfm.cl\/?p=40342' aria-hidden='false' data-av_icon='\ue805' data-av_iconfont='entypo-fontello' title='' data-avia-related-tooltip='Compartir por correo'><span class='avia_hidden_link_text'>Compartir por correo<\/span><\/a><\/li><\/ul><\/div><\/div>\n<div  style='height:50px' class='hr hr-invisible   avia-builder-el-8  el_after_av_social_share  el_before_av_comments_list '><span class='hr-inner ' ><span class='hr-inner-style'><\/span><\/span><\/div>\n<div  class='av-buildercomment  av-blog-meta-html-info-disabled av-blog-meta-tag-disabled  '><\/div>\n","protected":false},"excerpt":{"rendered":"","protected":false},"author":1,"featured_media":40343,"comment_status":"open","ping_status":"open","sticky":false,"template":"","format":"standard","meta":{"footnotes":""},"categories":[38],"tags":[],"class_list":["post-40342","post","type-post","status-publish","format-standard","has-post-thumbnail","hentry","category-regional"],"jetpack_featured_media_url":"https:\/\/radiorevelacionfm.cl\/wp-content\/uploads\/2024\/03\/condell-1-marzo-2024-1_optimized-1.jpg","_links":{"self":[{"href":"https:\/\/radiorevelacionfm.cl\/index.php?rest_route=\/wp\/v2\/posts\/40342","targetHints":{"allow":["GET"]}}],"collection":[{"href":"https:\/\/radiorevelacionfm.cl\/index.php?rest_route=\/wp\/v2\/posts"}],"about":[{"href":"https:\/\/radiorevelacionfm.cl\/index.php?rest_route=\/wp\/v2\/types\/post"}],"author":[{"embeddable":true,"href":"https:\/\/radiorevelacionfm.cl\/index.php?rest_route=\/wp\/v2\/users\/1"}],"replies":[{"embeddable":true,"href":"https:\/\/radiorevelacionfm.cl\/index.php?rest_route=%2Fwp%2Fv2%2Fcomments&post=40342"}],"version-history":[{"count":1,"href":"https:\/\/radiorevelacionfm.cl\/index.php?rest_route=\/wp\/v2\/posts\/40342\/revisions"}],"predecessor-version":[{"id":40344,"href":"https:\/\/radiorevelacionfm.cl\/index.php?rest_route=\/wp\/v2\/posts\/40342\/revisions\/40344"}],"wp:featuredmedia":[{"embeddable":true,"href":"https:\/\/radiorevelacionfm.cl\/index.php?rest_route=\/wp\/v2\/media\/40343"}],"wp:attachment":[{"href":"https:\/\/radiorevelacionfm.cl\/index.php?rest_route=%2Fwp%2Fv2%2Fmedia&parent=40342"}],"wp:term":[{"taxonomy":"category","embeddable":true,"href":"https:\/\/radiorevelacionfm.cl\/index.php?rest_route=%2Fwp%2Fv2%2Fcategories&post=40342"},{"taxonomy":"post_tag","embeddable":true,"href":"https:\/\/radiorevelacionfm.cl\/index.php?rest_route=%2Fwp%2Fv2%2Ftags&post=40342"}],"curies":[{"name":"wp","href":"https:\/\/api.w.org\/{rel}","templated":true}]}}