{"id":40339,"date":"2024-03-14T15:14:08","date_gmt":"2024-03-14T18:14:08","guid":{"rendered":"https:\/\/radiorevelacionfm.cl\/?p=40339"},"modified":"2024-03-14T15:14:08","modified_gmt":"2024-03-14T18:14:08","slug":"nuevas-profesionales-se-suman-a-la-linea-de-defensa-especializada-la-ninez-y-la-adolescencia-se-defienden","status":"publish","type":"post","link":"https:\/\/radiorevelacionfm.cl\/?p=40339","title":{"rendered":"Nuevas profesionales se suman a la l\u00ednea de Defensa Especializada \u201cLa Ni\u00f1ez y la Adolescencia se Defienden\u201d"},"content":{"rendered":"<div class=\"flex_column av_one_full  flex_column_div av-zero-column-padding first  avia-builder-el-0  el_before_av_one_full  avia-builder-el-first  \" style='border-radius:0px; '><div  class='avia-image-container  av-styling-    avia-builder-el-1  avia-builder-el-no-sibling  avia-align-center '  itemprop=\"image\" itemscope=\"itemscope\" itemtype=\"https:\/\/schema.org\/ImageObject\"  ><div class='avia-image-container-inner'><div class='avia-image-overlay-wrap'><img decoding=\"async\" class='wp-image-40340 avia-img-lazy-loading-not-40340 avia_image' src=\"https:\/\/radiorevelacionfm.cl\/wp-content\/uploads\/2024\/03\/profesionales-1_optimized.jpg\" alt='' title='profesionales-(1)_optimized' height=\"600\" width=\"800\"  itemprop=\"thumbnailUrl\" srcset=\"https:\/\/radiorevelacionfm.cl\/wp-content\/uploads\/2024\/03\/profesionales-1_optimized.jpg 800w, https:\/\/radiorevelacionfm.cl\/wp-content\/uploads\/2024\/03\/profesionales-1_optimized-300x225.jpg 300w, https:\/\/radiorevelacionfm.cl\/wp-content\/uploads\/2024\/03\/profesionales-1_optimized-768x576.jpg 768w, https:\/\/radiorevelacionfm.cl\/wp-content\/uploads\/2024\/03\/profesionales-1_optimized-705x529.jpg 705w, https:\/\/radiorevelacionfm.cl\/wp-content\/uploads\/2024\/03\/profesionales-1_optimized-450x338.jpg 450w, https:\/\/radiorevelacionfm.cl\/wp-content\/uploads\/2024\/03\/profesionales-1_optimized-600x450.jpg 600w\" sizes=\"(max-width: 800px) 100vw, 800px\" \/><\/div><\/div><\/div><\/div><div class=\"flex_column av_one_full  flex_column_div av-zero-column-padding first  avia-builder-el-2  el_after_av_one_full  el_before_av_one_full  column-top-margin\" style='border-radius:0px; '><section class=\"av_textblock_section \"  itemscope=\"itemscope\" itemtype=\"https:\/\/schema.org\/BlogPosting\" itemprop=\"blogPost\" ><div class='avia_textblock  '   itemprop=\"text\" ><p style=\"text-align: center;\"><span style=\"font-size: 18pt;\"><strong>Nuevas profesionales se suman a la l\u00ednea de Defensa Especializada \u201cLa Ni\u00f1ez y la Adolescencia se Defienden\u201d<\/strong><\/span><\/p>\n<div id=\"gtx-trans\" style=\"position: absolute; left: -50px; top: 4.31534px;\">\n<div class=\"gtx-trans-icon\"><\/div>\n<\/div>\n<\/div><\/section><\/div><div class=\"flex_column av_one_full  flex_column_div av-zero-column-padding first  avia-builder-el-4  el_after_av_one_full  el_before_av_hr  column-top-margin\" style='border-radius:0px; '><section class=\"av_textblock_section \"  itemscope=\"itemscope\" itemtype=\"https:\/\/schema.org\/BlogPosting\" itemprop=\"blogPost\" ><div class='avia_textblock  '   itemprop=\"text\" ><p style=\"text-align: justify;\">Con el objetivo de reforzar el trabajo que viene desarrollando la l\u00ednea de Defensa Especializada \u201cLa Ni\u00f1ez y la Adolescencia se Defienden\u201d a nivel regional, recientemente se incorporaron 3 nuevas profesionales a este programa dependiente de la Corporaci\u00f3n de Asistencia Judicial, y que tiene como objetivo procurar la defensa jur\u00eddica especializada de los ni\u00f1os, ni\u00f1as y adolescentes para garantizar su efectivo acceso a la justicia y el debido proceso de las causas judiciales en que se busca proteger sus derechos.<\/p>\n<p style=\"text-align: justify;\">Se trata de las abogadas Mar\u00eda Jos\u00e9 Frick y M\u00f3nica Maturana y la trabajadora social Paola Ojeda, quienes fueron recibidas por el seremi de Justicia y Derechos Humanos Samuel Navarro Castro y la directora regional (s) de la Corporaci\u00f3n de Asistencia Judicial del B\u00edo B\u00edo Mar\u00eda Francisca Vilches.<\/p>\n<p style=\"text-align: justify;\">Respecto a la incorporaci\u00f3n de estas nuevas profesionales, el seremi de Justicia y Derechos Humanos Samuel Navarro Castro indic\u00f3 que \u201cefectivamente con el preciso objeto de cumplir con un eje importante de nuestro programa de gobierno y de las orientaciones del Ministerio de Justicia y Derechos Humanos, se ha reforzado la l\u00ednea de la ni\u00f1ez y la adolescencia se defienden, programa que comenzara su aplicaci\u00f3n en la Corporaci\u00f3n de Asistencia Judicial y en todo el pa\u00eds a contar de septiembre del a\u00f1o 2022, para el Gobierno del Presidente Boric es un aspecto trascendental el que se avance en la protecci\u00f3n de los derechos y la representaci\u00f3n jur\u00eddica de los ni\u00f1os, ni\u00f1as y adolescentes, en ese sentido se ha reforzado esa l\u00ednea completando un mayor cantidad de profesionales que puedan prestar estos servicios para dar una mejor cobertura y acceso a la justicia en toda la regi\u00f3n de Ays\u00e9n\u201d.<\/p>\n<p style=\"text-align: justify;\">En tanto, la directora regional (s) de la Corporaci\u00f3n de Asistencia Judicial del B\u00edo B\u00edo Mar\u00eda Francisca Vilches explic\u00f3 que \u201cesta semana se incorporaron a la l\u00ednea La ni\u00f1ez y la Adolescencia se Defienden dos nuevas abogadas curadoras ad litem y una trabajadora social, de esta forma el equipo conformado por esta l\u00ednea pasa a ser el m\u00e1s grande que tenemos como Corporaci\u00f3n de Asistencia Judicial, y va a permitir poder llegar a todos los ni\u00f1os y ni\u00f1as de la regi\u00f3n, lo que implica garantizarles a todos ellos el acceso a la justicia\u201d.<\/p>\n<p style=\"text-align: justify;\">Finalmente, cabe mencionar que la L\u00ednea \u201cLa Ni\u00f1ez y Adolescencia Se Defienden\u201d, se implement\u00f3 en septiembre del a\u00f1o 2022, y re\u00fane a abogados\/as y trabajadores\/as sociales; quienes son los encargados de otorgar una defensa jur\u00eddica, especializada, letrada y aut\u00f3noma a los ni\u00f1os, ni\u00f1as y adolescentes ante los tribunales de justicia cuando han sido vulnerados sus derechos, y posee cobertura de atenci\u00f3n para todas las comunas de la regi\u00f3n de Ays\u00e9n.<\/p>\n<\/div><\/section><\/div><div  style='height:50px' class='hr hr-invisible   avia-builder-el-6  el_after_av_one_full  el_before_av_social_share '><span class='hr-inner ' ><span class='hr-inner-style'><\/span><\/span><\/div><\/p>\n<div  class='av-social-sharing-box  avia-builder-el-7  el_after_av_hr  el_before_av_hr  '><div class='av-share-box'><h5 class='av-share-link-description av-no-toc '>Compartir esta noticia<\/h5><ul class='av-share-box-list noLightbox'><li class='av-share-link av-social-link-facebook' ><a target=\"_blank\" aria-label=\"Compartir en Facebook\" href='https:\/\/www.facebook.com\/sharer.php?u=https:\/\/radiorevelacionfm.cl\/?p=40339&#038;t=Nuevas%20profesionales%20se%20suman%20a%20la%20l%C3%ADnea%20de%20Defensa%20Especializada%20%E2%80%9CLa%20Ni%C3%B1ez%20y%20la%20Adolescencia%20se%20Defienden%E2%80%9D' aria-hidden='false' data-av_icon='\ue8f3' data-av_iconfont='entypo-fontello' title='' data-avia-related-tooltip='Compartir en Facebook' rel=\"noopener\"><span class='avia_hidden_link_text'>Compartir en Facebook<\/span><\/a><\/li><li class='av-share-link av-social-link-twitter' ><a target=\"_blank\" aria-label=\"Compartir en Twitter\" href='https:\/\/twitter.com\/share?text=Nuevas%20profesionales%20se%20suman%20a%20la%20l%C3%ADnea%20de%20Defensa%20Especializada%20%E2%80%9CLa%20Ni%C3%B1ez%20y%20la%20Adolescencia%20se%20Defienden%E2%80%9D&#038;url=https:\/\/radiorevelacionfm.cl\/?p=40339' aria-hidden='false' data-av_icon='\ue8f1' data-av_iconfont='entypo-fontello' title='' data-avia-related-tooltip='Compartir en Twitter' rel=\"noopener\"><span class='avia_hidden_link_text'>Compartir en Twitter<\/span><\/a><\/li><li class='av-share-link av-social-link-whatsapp' ><a target=\"_blank\" aria-label=\"Compartir en Whatsapp\" href='https:\/\/api.whatsapp.com\/send?text=https:\/\/radiorevelacionfm.cl\/?p=40339' aria-hidden='false' data-av_icon='\uf232' data-av_iconfont='entypo-fontello' title='' data-avia-related-tooltip='Compartir en Whatsapp' rel=\"noopener\"><span class='avia_hidden_link_text'>Compartir en Whatsapp<\/span><\/a><\/li><li class='av-share-link av-social-link-linkedin' ><a target=\"_blank\" aria-label=\"Compartir en LinkedIn\" href='https:\/\/linkedin.com\/shareArticle?mini=true&#038;title=Nuevas%20profesionales%20se%20suman%20a%20la%20l%C3%ADnea%20de%20Defensa%20Especializada%20%E2%80%9CLa%20Ni%C3%B1ez%20y%20la%20Adolescencia%20se%20Defienden%E2%80%9D&#038;url=https:\/\/radiorevelacionfm.cl\/?p=40339' aria-hidden='false' data-av_icon='\ue8fc' data-av_iconfont='entypo-fontello' title='' data-avia-related-tooltip='Compartir en LinkedIn' rel=\"noopener\"><span class='avia_hidden_link_text'>Compartir en LinkedIn<\/span><\/a><\/li><li class='av-share-link av-social-link-mail' ><a  aria-label=\"Compartir por correo\" href='mailto:?subject=Nuevas%20profesionales%20se%20suman%20a%20la%20l%C3%ADnea%20de%20Defensa%20Especializada%20%E2%80%9CLa%20Ni%C3%B1ez%20y%20la%20Adolescencia%20se%20Defienden%E2%80%9D&#038;body=https:\/\/radiorevelacionfm.cl\/?p=40339' aria-hidden='false' data-av_icon='\ue805' data-av_iconfont='entypo-fontello' title='' data-avia-related-tooltip='Compartir por correo'><span class='avia_hidden_link_text'>Compartir por correo<\/span><\/a><\/li><\/ul><\/div><\/div>\n<div  style='height:50px' class='hr hr-invisible   avia-builder-el-8  el_after_av_social_share  el_before_av_comments_list '><span class='hr-inner ' ><span class='hr-inner-style'><\/span><\/span><\/div>\n<div  class='av-buildercomment  av-blog-meta-html-info-disabled av-blog-meta-tag-disabled  '><\/div>\n","protected":false},"excerpt":{"rendered":"","protected":false},"author":1,"featured_media":40340,"comment_status":"open","ping_status":"open","sticky":false,"template":"","format":"standard","meta":{"footnotes":""},"categories":[55],"tags":[],"class_list":["post-40339","post","type-post","status-publish","format-standard","has-post-thumbnail","hentry","category-justicia"],"jetpack_featured_media_url":"https:\/\/radiorevelacionfm.cl\/wp-content\/uploads\/2024\/03\/profesionales-1_optimized.jpg","_links":{"self":[{"href":"https:\/\/radiorevelacionfm.cl\/index.php?rest_route=\/wp\/v2\/posts\/40339","targetHints":{"allow":["GET"]}}],"collection":[{"href":"https:\/\/radiorevelacionfm.cl\/index.php?rest_route=\/wp\/v2\/posts"}],"about":[{"href":"https:\/\/radiorevelacionfm.cl\/index.php?rest_route=\/wp\/v2\/types\/post"}],"author":[{"embeddable":true,"href":"https:\/\/radiorevelacionfm.cl\/index.php?rest_route=\/wp\/v2\/users\/1"}],"replies":[{"embeddable":true,"href":"https:\/\/radiorevelacionfm.cl\/index.php?rest_route=%2Fwp%2Fv2%2Fcomments&post=40339"}],"version-history":[{"count":1,"href":"https:\/\/radiorevelacionfm.cl\/index.php?rest_route=\/wp\/v2\/posts\/40339\/revisions"}],"predecessor-version":[{"id":40341,"href":"https:\/\/radiorevelacionfm.cl\/index.php?rest_route=\/wp\/v2\/posts\/40339\/revisions\/40341"}],"wp:featuredmedia":[{"embeddable":true,"href":"https:\/\/radiorevelacionfm.cl\/index.php?rest_route=\/wp\/v2\/media\/40340"}],"wp:attachment":[{"href":"https:\/\/radiorevelacionfm.cl\/index.php?rest_route=%2Fwp%2Fv2%2Fmedia&parent=40339"}],"wp:term":[{"taxonomy":"category","embeddable":true,"href":"https:\/\/radiorevelacionfm.cl\/index.php?rest_route=%2Fwp%2Fv2%2Fcategories&post=40339"},{"taxonomy":"post_tag","embeddable":true,"href":"https:\/\/radiorevelacionfm.cl\/index.php?rest_route=%2Fwp%2Fv2%2Ftags&post=40339"}],"curies":[{"name":"wp","href":"https:\/\/api.w.org\/{rel}","templated":true}]}}