{"id":40337,"date":"2024-03-19T12:11:44","date_gmt":"2024-03-19T15:11:44","guid":{"rendered":"https:\/\/radiorevelacionfm.cl\/?p=40337"},"modified":"2024-03-19T12:11:44","modified_gmt":"2024-03-19T15:11:44","slug":"sandoval-pide-celeridad-al-gobierno-para-presentar-proyecto-que-regula-parcelaciones-rurales","status":"publish","type":"post","link":"https:\/\/radiorevelacionfm.cl\/?p=40337","title":{"rendered":"Sandoval pide celeridad al Gobierno para presentar proyecto que regula parcelaciones rurales"},"content":{"rendered":"<div class=\"flex_column av_one_full  flex_column_div av-zero-column-padding first  avia-builder-el-0  el_before_av_one_full  avia-builder-el-first  \" style='border-radius:0px; '><div  class='avia-image-container  av-styling-    avia-builder-el-1  avia-builder-el-no-sibling  avia-align-center '  itemprop=\"image\" itemscope=\"itemscope\" itemtype=\"https:\/\/schema.org\/ImageObject\"  ><div class='avia-image-container-inner'><div class='avia-image-overlay-wrap'><img decoding=\"async\" class='wp-image-4855 avia-img-lazy-loading-not-4855 avia_image' src=\"https:\/\/radiorevelacionfm.cl\/wp-content\/uploads\/2021\/06\/SENADOR-SANDOVAL-3-1-1.jpg\" alt='' title='SENADOR SANDOVAL (3) (1) (1)' height=\"475\" width=\"900\"  itemprop=\"thumbnailUrl\" srcset=\"https:\/\/radiorevelacionfm.cl\/wp-content\/uploads\/2021\/06\/SENADOR-SANDOVAL-3-1-1.jpg 900w, https:\/\/radiorevelacionfm.cl\/wp-content\/uploads\/2021\/06\/SENADOR-SANDOVAL-3-1-1-300x158.jpg 300w, https:\/\/radiorevelacionfm.cl\/wp-content\/uploads\/2021\/06\/SENADOR-SANDOVAL-3-1-1-768x405.jpg 768w, https:\/\/radiorevelacionfm.cl\/wp-content\/uploads\/2021\/06\/SENADOR-SANDOVAL-3-1-1-710x375.jpg 710w, https:\/\/radiorevelacionfm.cl\/wp-content\/uploads\/2021\/06\/SENADOR-SANDOVAL-3-1-1-705x372.jpg 705w, https:\/\/radiorevelacionfm.cl\/wp-content\/uploads\/2021\/06\/SENADOR-SANDOVAL-3-1-1-600x317.jpg 600w\" sizes=\"(max-width: 900px) 100vw, 900px\" \/><\/div><\/div><\/div><\/div><div class=\"flex_column av_one_full  flex_column_div av-zero-column-padding first  avia-builder-el-2  el_after_av_one_full  el_before_av_one_full  column-top-margin\" style='border-radius:0px; '><section class=\"av_textblock_section \"  itemscope=\"itemscope\" itemtype=\"https:\/\/schema.org\/BlogPosting\" itemprop=\"blogPost\" ><div class='avia_textblock  '   itemprop=\"text\" ><p style=\"text-align: center;\"><span style=\"font-size: 18pt;\"><strong>Sandoval pide celeridad al Gobierno para presentar proyecto que regula parcelaciones rurales<\/strong><\/span><\/p>\n<div id=\"gtx-trans\" style=\"position: absolute; left: -50px; top: 4.31534px;\">\n<div class=\"gtx-trans-icon\"><\/div>\n<\/div>\n<\/div><\/section><\/div><div class=\"flex_column av_one_full  flex_column_div av-zero-column-padding first  avia-builder-el-4  el_after_av_one_full  el_before_av_hr  column-top-margin\" style='border-radius:0px; '><section class=\"av_textblock_section \"  itemscope=\"itemscope\" itemtype=\"https:\/\/schema.org\/BlogPosting\" itemprop=\"blogPost\" ><div class='avia_textblock  '   itemprop=\"text\" ><p style=\"text-align: justify;\"><em>P<\/em><em>arlamentario plante\u00f3 el tema al ministro de Vivienda en comisi\u00f3n de la C\u00e1mara Alta, recordando que el Ejecutivo qued\u00f3 de presentar iniciativa en 2023.<\/em><\/p>\n<p style=\"text-align: justify;\">Su inquietud por la demora que ha tenido la presentaci\u00f3n, por parte del Gobierno, del proyecto de ley que se haga cargo del problema de las parcelaciones rurales, manifest\u00f3 el senador David Sandoval en la \u00faltima sesi\u00f3n de la comisi\u00f3n de Vivienda de la C\u00e1mara Alta.<\/p>\n<p style=\"text-align: justify;\">El parlamentario aprovech\u00f3 la presencia del Ministro Carlos Montes en la instancia, a quien plante\u00f3 la importancia de poder concretar este tema, considerando que el Ejecutivo se hab\u00eda comprometido a presentar la iniciativa durante el a\u00f1o 2023. \u201cEn un minuto dado se gener\u00f3 un enorme debate, se realizaron acciones respecto de la regularizaci\u00f3n y el enfoque para enfrentar los loteos rurales. El ministerio de Agricultura abri\u00f3 una l\u00ednea de consulta a nivel nacional, donde no supimos los resultados. Pero creemos que es un tema donde deber\u00edamos buscar una salida definitiva\u201d, se\u00f1al\u00f3.<\/p>\n<p style=\"text-align: justify;\">Sandoval agreg\u00f3 que el tema preocupa pues \u201cse sigue loteando la periferia de la ciudad, de sectores rurales\u201d, agregando que \u201cuno ve sendas publicaciones de loteos en la zona de la Patagonia, en el marco de planes de manejo, de la ley del derecho real de conservaci\u00f3n, haciendo una serie de justificaciones jur\u00eddicas, para realizar loteos que en muchas partes es una complejidad\u201d.<\/p>\n<p style=\"text-align: justify;\">Con todo, el legislador record\u00f3 que la propia comisi\u00f3n de Vivienda, en su minuto, plante\u00f3 la urgencia de abordar este problema y regular esta situaci\u00f3n, por lo cual inst\u00f3 el Ejecutivo a avanzar en la materia. \u201cPor eso, es interesante saber cu\u00e1les son los avances, lo que inquieta a todos los municipios, a los loteadores, a quienes hacen las cosas como corresponde\u201d, indic\u00f3.<\/p>\n<p style=\"text-align: justify;\">En ese contexto, el senador Sandoval puntualiz\u00f3 que con esto tambi\u00e9n se busca frenar aquellas situaciones irregulares \u201cque escapan a todas las normas y que son un dolor de cabeza para todos\u201d.<\/p>\n<p style=\"text-align: justify;\">Finalmente, enfatiz\u00f3 que esto es algo en lo que se tiene que avanzar, m\u00e1s cuando el nuevo proyecto de ley \u201csupuestamente deber\u00eda haber estado presentado en septiembre del a\u00f1o pasado\u201d.<\/p>\n<\/div><\/section><\/div><div  style='height:50px' class='hr hr-invisible   avia-builder-el-6  el_after_av_one_full  el_before_av_social_share '><span class='hr-inner ' ><span class='hr-inner-style'><\/span><\/span><\/div><\/p>\n<div  class='av-social-sharing-box  avia-builder-el-7  el_after_av_hr  el_before_av_hr  '><div class='av-share-box'><h5 class='av-share-link-description av-no-toc '>Compartir esta noticia<\/h5><ul class='av-share-box-list noLightbox'><li class='av-share-link av-social-link-facebook' ><a target=\"_blank\" aria-label=\"Compartir en Facebook\" href='https:\/\/www.facebook.com\/sharer.php?u=https:\/\/radiorevelacionfm.cl\/?p=40337&#038;t=Sandoval%20pide%20celeridad%20al%20Gobierno%20para%20presentar%20proyecto%20que%20regula%20parcelaciones%20rurales' aria-hidden='false' data-av_icon='\ue8f3' data-av_iconfont='entypo-fontello' title='' data-avia-related-tooltip='Compartir en Facebook' rel=\"noopener\"><span class='avia_hidden_link_text'>Compartir en Facebook<\/span><\/a><\/li><li class='av-share-link av-social-link-twitter' ><a target=\"_blank\" aria-label=\"Compartir en Twitter\" href='https:\/\/twitter.com\/share?text=Sandoval%20pide%20celeridad%20al%20Gobierno%20para%20presentar%20proyecto%20que%20regula%20parcelaciones%20rurales&#038;url=https:\/\/radiorevelacionfm.cl\/?p=40337' aria-hidden='false' data-av_icon='\ue8f1' data-av_iconfont='entypo-fontello' title='' data-avia-related-tooltip='Compartir en Twitter' rel=\"noopener\"><span class='avia_hidden_link_text'>Compartir en Twitter<\/span><\/a><\/li><li class='av-share-link av-social-link-whatsapp' ><a target=\"_blank\" aria-label=\"Compartir en Whatsapp\" href='https:\/\/api.whatsapp.com\/send?text=https:\/\/radiorevelacionfm.cl\/?p=40337' aria-hidden='false' data-av_icon='\uf232' data-av_iconfont='entypo-fontello' title='' data-avia-related-tooltip='Compartir en Whatsapp' rel=\"noopener\"><span class='avia_hidden_link_text'>Compartir en Whatsapp<\/span><\/a><\/li><li class='av-share-link av-social-link-linkedin' ><a target=\"_blank\" aria-label=\"Compartir en LinkedIn\" href='https:\/\/linkedin.com\/shareArticle?mini=true&#038;title=Sandoval%20pide%20celeridad%20al%20Gobierno%20para%20presentar%20proyecto%20que%20regula%20parcelaciones%20rurales&#038;url=https:\/\/radiorevelacionfm.cl\/?p=40337' aria-hidden='false' data-av_icon='\ue8fc' data-av_iconfont='entypo-fontello' title='' data-avia-related-tooltip='Compartir en LinkedIn' rel=\"noopener\"><span class='avia_hidden_link_text'>Compartir en LinkedIn<\/span><\/a><\/li><li class='av-share-link av-social-link-mail' ><a  aria-label=\"Compartir por correo\" href='mailto:?subject=Sandoval%20pide%20celeridad%20al%20Gobierno%20para%20presentar%20proyecto%20que%20regula%20parcelaciones%20rurales&#038;body=https:\/\/radiorevelacionfm.cl\/?p=40337' aria-hidden='false' data-av_icon='\ue805' data-av_iconfont='entypo-fontello' title='' data-avia-related-tooltip='Compartir por correo'><span class='avia_hidden_link_text'>Compartir por correo<\/span><\/a><\/li><\/ul><\/div><\/div>\n<div  style='height:50px' class='hr hr-invisible   avia-builder-el-8  el_after_av_social_share  el_before_av_comments_list '><span class='hr-inner ' ><span class='hr-inner-style'><\/span><\/span><\/div>\n<div  class='av-buildercomment  av-blog-meta-html-info-disabled av-blog-meta-tag-disabled  '><\/div>\n","protected":false},"excerpt":{"rendered":"","protected":false},"author":1,"featured_media":4855,"comment_status":"open","ping_status":"open","sticky":false,"template":"","format":"standard","meta":{"footnotes":""},"categories":[35],"tags":[],"class_list":["post-40337","post","type-post","status-publish","format-standard","has-post-thumbnail","hentry","category-politica"],"jetpack_featured_media_url":"https:\/\/radiorevelacionfm.cl\/wp-content\/uploads\/2021\/06\/SENADOR-SANDOVAL-3-1-1.jpg","_links":{"self":[{"href":"https:\/\/radiorevelacionfm.cl\/index.php?rest_route=\/wp\/v2\/posts\/40337","targetHints":{"allow":["GET"]}}],"collection":[{"href":"https:\/\/radiorevelacionfm.cl\/index.php?rest_route=\/wp\/v2\/posts"}],"about":[{"href":"https:\/\/radiorevelacionfm.cl\/index.php?rest_route=\/wp\/v2\/types\/post"}],"author":[{"embeddable":true,"href":"https:\/\/radiorevelacionfm.cl\/index.php?rest_route=\/wp\/v2\/users\/1"}],"replies":[{"embeddable":true,"href":"https:\/\/radiorevelacionfm.cl\/index.php?rest_route=%2Fwp%2Fv2%2Fcomments&post=40337"}],"version-history":[{"count":1,"href":"https:\/\/radiorevelacionfm.cl\/index.php?rest_route=\/wp\/v2\/posts\/40337\/revisions"}],"predecessor-version":[{"id":40338,"href":"https:\/\/radiorevelacionfm.cl\/index.php?rest_route=\/wp\/v2\/posts\/40337\/revisions\/40338"}],"wp:featuredmedia":[{"embeddable":true,"href":"https:\/\/radiorevelacionfm.cl\/index.php?rest_route=\/wp\/v2\/media\/4855"}],"wp:attachment":[{"href":"https:\/\/radiorevelacionfm.cl\/index.php?rest_route=%2Fwp%2Fv2%2Fmedia&parent=40337"}],"wp:term":[{"taxonomy":"category","embeddable":true,"href":"https:\/\/radiorevelacionfm.cl\/index.php?rest_route=%2Fwp%2Fv2%2Fcategories&post=40337"},{"taxonomy":"post_tag","embeddable":true,"href":"https:\/\/radiorevelacionfm.cl\/index.php?rest_route=%2Fwp%2Fv2%2Ftags&post=40337"}],"curies":[{"name":"wp","href":"https:\/\/api.w.org\/{rel}","templated":true}]}}