{"id":40334,"date":"2024-03-13T18:44:01","date_gmt":"2024-03-13T21:44:01","guid":{"rendered":"https:\/\/radiorevelacionfm.cl\/?p=40334"},"modified":"2024-03-13T18:44:01","modified_gmt":"2024-03-13T21:44:01","slug":"realizaran-conservacion-y-mejoramiento-de-terminales-portuarios-en-puerto-ibanez-y-en-chile-chico","status":"publish","type":"post","link":"https:\/\/radiorevelacionfm.cl\/?p=40334","title":{"rendered":"Realizar\u00e1n conservaci\u00f3n y mejoramiento de terminales portuarios en Puerto Ib\u00e1\u00f1ez y en Chile Chico"},"content":{"rendered":"<div class=\"flex_column av_one_full  flex_column_div av-zero-column-padding first  avia-builder-el-0  el_before_av_one_full  avia-builder-el-first  \" style='border-radius:0px; '><div  class='avia-image-container  av-styling-    avia-builder-el-1  avia-builder-el-no-sibling  avia-align-center '  itemprop=\"image\" itemscope=\"itemscope\" itemtype=\"https:\/\/schema.org\/ImageObject\"  ><div class='avia-image-container-inner'><div class='avia-image-overlay-wrap'><img decoding=\"async\" class='wp-image-40335 avia-img-lazy-loading-not-40335 avia_image' src=\"https:\/\/radiorevelacionfm.cl\/wp-content\/uploads\/2024\/03\/img-20240312-wa0026-1_optimized.jpg\" alt='' title='img-20240312-wa0026-(1)_optimized' height=\"600\" width=\"798\"  itemprop=\"thumbnailUrl\" srcset=\"https:\/\/radiorevelacionfm.cl\/wp-content\/uploads\/2024\/03\/img-20240312-wa0026-1_optimized.jpg 798w, https:\/\/radiorevelacionfm.cl\/wp-content\/uploads\/2024\/03\/img-20240312-wa0026-1_optimized-300x226.jpg 300w, https:\/\/radiorevelacionfm.cl\/wp-content\/uploads\/2024\/03\/img-20240312-wa0026-1_optimized-768x577.jpg 768w, https:\/\/radiorevelacionfm.cl\/wp-content\/uploads\/2024\/03\/img-20240312-wa0026-1_optimized-705x530.jpg 705w, https:\/\/radiorevelacionfm.cl\/wp-content\/uploads\/2024\/03\/img-20240312-wa0026-1_optimized-450x338.jpg 450w, https:\/\/radiorevelacionfm.cl\/wp-content\/uploads\/2024\/03\/img-20240312-wa0026-1_optimized-600x451.jpg 600w\" sizes=\"(max-width: 798px) 100vw, 798px\" \/><\/div><\/div><\/div><\/div><div class=\"flex_column av_one_full  flex_column_div av-zero-column-padding first  avia-builder-el-2  el_after_av_one_full  el_before_av_one_full  column-top-margin\" style='border-radius:0px; '><section class=\"av_textblock_section \"  itemscope=\"itemscope\" itemtype=\"https:\/\/schema.org\/BlogPosting\" itemprop=\"blogPost\" ><div class='avia_textblock  '   itemprop=\"text\" ><p style=\"text-align: center;\"><strong><span style=\"font-size: 18pt;\">Realizar\u00e1n conservaci\u00f3n y mejoramiento de terminales portuarios en Puerto Ib\u00e1\u00f1ez y en Chile Chico<\/span><\/strong><\/p>\n<div id=\"gtx-trans\" style=\"position: absolute; left: -50px; top: 4.31534px;\">\n<div class=\"gtx-trans-icon\"><\/div>\n<\/div>\n<\/div><\/section><\/div><div class=\"flex_column av_one_full  flex_column_div av-zero-column-padding first  avia-builder-el-4  el_after_av_one_full  el_before_av_hr  column-top-margin\" style='border-radius:0px; '><section class=\"av_textblock_section \"  itemscope=\"itemscope\" itemtype=\"https:\/\/schema.org\/BlogPosting\" itemprop=\"blogPost\" ><div class='avia_textblock  '   itemprop=\"text\" ><p style=\"text-align: justify;\">La Direcci\u00f3n Regional de Obras Portuarias (DOP) del Ministerio de Obras P\u00fablicas (MOP) realizar\u00e1 una conservaci\u00f3n y mejoramiento de Los Terminales Portuarios de Conectividad en Puerto Ib\u00e1\u00f1ez y en Chile Chico. Las obras, que tienen un tiempo de ejecuci\u00f3n de 240 d\u00edas corridos, estar\u00e1n a cargo de la empresa Constructora Calafquen Spa, bajo la supervisi\u00f3n y fiscalizaci\u00f3n de la DOP-MOP y contar\u00e1 con una inversi\u00f3n de $984.359.000, anunci\u00f3 el Secretario Regional Ministerial de Obras P\u00fablicas, Patricio Sanhueza Ulloa.<\/p>\n<p style=\"text-align: justify;\">La autoridad regional de O.O.P.P. destac\u00f3 que estos trabajos tienen el sello del gobierno. \u201cCasi no hay semana que no estemos adjudicando dos o tres contratos, vamos a un ritmo bastante acelerado y esto forma parte de la agenda que impulsa nuestro presidente Gabriel Boric Font, en el a\u00f1o 2024 que es de reactivaci\u00f3n econ\u00f3mica\u00a0 y del proceso que lidera junto al gabinete pro crecimiento y empleo; es as\u00ed que llegamos a resolver la conservaci\u00f3n de la Infraestructura Portuaria tanto de Ib\u00e1\u00f1ez y como de Chile Chico. Ha sido un proceso dif\u00edcil, este es el tercer llamado a licitaci\u00f3n y hoy lo hemos adjudicado, as\u00ed que agradezco a todo el equipo de Obras Portuarias por la constancia y trabajo permanente para poder llegar con las soluciones, as\u00ed como tambi\u00e9n estamos respondiendo a las conservaciones peri\u00f3dicas y al di\u00e1logo que hemos tenido con las comunidades en el marco de la Mesa de Conectividad de la cuenca Lago General Carrera, con los Alcaldes y Concejales, generando con estas obras p\u00fablicas 25 empleos, pero adem\u00e1s vamos a mejorar las condiciones y experiencia de viaje para el turismo que claramente es la vocaci\u00f3n y tambi\u00e9n es el desarrollo que gran parte de la poblaci\u00f3n del lago ha elegido, as\u00ed que estamos felices, es una obra que va a partir en abril, se va a contratar a 25 personas por lo tanto son 25 familias a las que vamos a llevar sustento econ\u00f3mico y eso es lo que nos mueve\u201d.<\/p>\n<p style=\"text-align: justify;\">Los trabajos de conservaci\u00f3n del recinto portuario en Puerto Ib\u00e1\u00f1ez consideran los muros de hormig\u00f3n de la rampa, losetas y pintura. Tambi\u00e9n, restaurar barandas, los pavimentos vehiculares y peatonales, las luminarias, los basureros y los esca\u00f1os. Adem\u00e1s, en el terminal de pasajeros se construir\u00e1n obras de normalizaci\u00f3n para la accesibilidad universal, se\u00f1alizaci\u00f3n interior y reparaci\u00f3n del sistema de calefacci\u00f3n.<\/p>\n<p style=\"text-align: justify;\">En el recinto portuario de Chile Chico, por otro lado, se realizar\u00e1n obras de conservaci\u00f3n en el muelle flotante y se reparar\u00e1n los rodillos del puente basculante y el sistema de protecci\u00f3n anticorrosivo de la estructura. Tambi\u00e9n, se realizar\u00e1 un levantamiento de fondeos y se reubicar\u00e1 el pont\u00f3n, entre otros trabajos. Hoy la empresa Constructora Calafquen Spa \u00a0\u00a0se encuentra efectuando proceso de protocolizaci\u00f3n y entrega de boletas para iniciar las obras a partir del mes de abril 2024.<\/p>\n<p style=\"text-align: justify;\">El Director Regional de Obras Portuarias del MOP, \u00c1lvaro D\u00edaz Contreras, coment\u00f3: \u201cEsta conservaci\u00f3n beneficia la conectividad del Lago General Carrera. Con esto buscamos ofrecer una mejor infraestructura portuaria, mar\u00edtima y terrestre para toda la comunidad que hace uso de ella para transportarse por el lago. Adem\u00e1s, esta conservaci\u00f3n es relevante porque fue un compromiso regional anunciado por el presidente Gabriel Boric en enero del 2023, por lo que estamos dando cumplimiento a compromisos que asumimos con la comunidad\u201d.<\/p>\n<\/div><\/section><\/div><div  style='height:50px' class='hr hr-invisible   avia-builder-el-6  el_after_av_one_full  el_before_av_social_share '><span class='hr-inner ' ><span class='hr-inner-style'><\/span><\/span><\/div><\/p>\n<div  class='av-social-sharing-box  avia-builder-el-7  el_after_av_hr  el_before_av_hr  '><div class='av-share-box'><h5 class='av-share-link-description av-no-toc '>Compartir esta noticia<\/h5><ul class='av-share-box-list noLightbox'><li class='av-share-link av-social-link-facebook' ><a target=\"_blank\" aria-label=\"Compartir en Facebook\" href='https:\/\/www.facebook.com\/sharer.php?u=https:\/\/radiorevelacionfm.cl\/?p=40334&#038;t=Realizar%C3%A1n%20conservaci%C3%B3n%20y%20mejoramiento%20de%20terminales%20portuarios%20en%20Puerto%20Ib%C3%A1%C3%B1ez%20y%20en%20Chile%20Chico' aria-hidden='false' data-av_icon='\ue8f3' data-av_iconfont='entypo-fontello' title='' data-avia-related-tooltip='Compartir en Facebook' rel=\"noopener\"><span class='avia_hidden_link_text'>Compartir en Facebook<\/span><\/a><\/li><li class='av-share-link av-social-link-twitter' ><a target=\"_blank\" aria-label=\"Compartir en Twitter\" href='https:\/\/twitter.com\/share?text=Realizar%C3%A1n%20conservaci%C3%B3n%20y%20mejoramiento%20de%20terminales%20portuarios%20en%20Puerto%20Ib%C3%A1%C3%B1ez%20y%20en%20Chile%20Chico&#038;url=https:\/\/radiorevelacionfm.cl\/?p=40334' aria-hidden='false' data-av_icon='\ue8f1' data-av_iconfont='entypo-fontello' title='' data-avia-related-tooltip='Compartir en Twitter' rel=\"noopener\"><span class='avia_hidden_link_text'>Compartir en Twitter<\/span><\/a><\/li><li class='av-share-link av-social-link-whatsapp' ><a target=\"_blank\" aria-label=\"Compartir en Whatsapp\" href='https:\/\/api.whatsapp.com\/send?text=https:\/\/radiorevelacionfm.cl\/?p=40334' aria-hidden='false' data-av_icon='\uf232' data-av_iconfont='entypo-fontello' title='' data-avia-related-tooltip='Compartir en Whatsapp' rel=\"noopener\"><span class='avia_hidden_link_text'>Compartir en Whatsapp<\/span><\/a><\/li><li class='av-share-link av-social-link-linkedin' ><a target=\"_blank\" aria-label=\"Compartir en LinkedIn\" href='https:\/\/linkedin.com\/shareArticle?mini=true&#038;title=Realizar%C3%A1n%20conservaci%C3%B3n%20y%20mejoramiento%20de%20terminales%20portuarios%20en%20Puerto%20Ib%C3%A1%C3%B1ez%20y%20en%20Chile%20Chico&#038;url=https:\/\/radiorevelacionfm.cl\/?p=40334' aria-hidden='false' data-av_icon='\ue8fc' data-av_iconfont='entypo-fontello' title='' data-avia-related-tooltip='Compartir en LinkedIn' rel=\"noopener\"><span class='avia_hidden_link_text'>Compartir en LinkedIn<\/span><\/a><\/li><li class='av-share-link av-social-link-mail' ><a  aria-label=\"Compartir por correo\" href='mailto:?subject=Realizar%C3%A1n%20conservaci%C3%B3n%20y%20mejoramiento%20de%20terminales%20portuarios%20en%20Puerto%20Ib%C3%A1%C3%B1ez%20y%20en%20Chile%20Chico&#038;body=https:\/\/radiorevelacionfm.cl\/?p=40334' aria-hidden='false' data-av_icon='\ue805' data-av_iconfont='entypo-fontello' title='' data-avia-related-tooltip='Compartir por correo'><span class='avia_hidden_link_text'>Compartir por correo<\/span><\/a><\/li><\/ul><\/div><\/div>\n<div  style='height:50px' class='hr hr-invisible   avia-builder-el-8  el_after_av_social_share  el_before_av_comments_list '><span class='hr-inner ' ><span class='hr-inner-style'><\/span><\/span><\/div>\n<div  class='av-buildercomment  av-blog-meta-html-info-disabled av-blog-meta-tag-disabled  '><\/div>\n","protected":false},"excerpt":{"rendered":"","protected":false},"author":1,"featured_media":40335,"comment_status":"open","ping_status":"open","sticky":false,"template":"","format":"standard","meta":{"footnotes":""},"categories":[38],"tags":[],"class_list":["post-40334","post","type-post","status-publish","format-standard","has-post-thumbnail","hentry","category-regional"],"jetpack_featured_media_url":"https:\/\/radiorevelacionfm.cl\/wp-content\/uploads\/2024\/03\/img-20240312-wa0026-1_optimized.jpg","_links":{"self":[{"href":"https:\/\/radiorevelacionfm.cl\/index.php?rest_route=\/wp\/v2\/posts\/40334","targetHints":{"allow":["GET"]}}],"collection":[{"href":"https:\/\/radiorevelacionfm.cl\/index.php?rest_route=\/wp\/v2\/posts"}],"about":[{"href":"https:\/\/radiorevelacionfm.cl\/index.php?rest_route=\/wp\/v2\/types\/post"}],"author":[{"embeddable":true,"href":"https:\/\/radiorevelacionfm.cl\/index.php?rest_route=\/wp\/v2\/users\/1"}],"replies":[{"embeddable":true,"href":"https:\/\/radiorevelacionfm.cl\/index.php?rest_route=%2Fwp%2Fv2%2Fcomments&post=40334"}],"version-history":[{"count":1,"href":"https:\/\/radiorevelacionfm.cl\/index.php?rest_route=\/wp\/v2\/posts\/40334\/revisions"}],"predecessor-version":[{"id":40336,"href":"https:\/\/radiorevelacionfm.cl\/index.php?rest_route=\/wp\/v2\/posts\/40334\/revisions\/40336"}],"wp:featuredmedia":[{"embeddable":true,"href":"https:\/\/radiorevelacionfm.cl\/index.php?rest_route=\/wp\/v2\/media\/40335"}],"wp:attachment":[{"href":"https:\/\/radiorevelacionfm.cl\/index.php?rest_route=%2Fwp%2Fv2%2Fmedia&parent=40334"}],"wp:term":[{"taxonomy":"category","embeddable":true,"href":"https:\/\/radiorevelacionfm.cl\/index.php?rest_route=%2Fwp%2Fv2%2Fcategories&post=40334"},{"taxonomy":"post_tag","embeddable":true,"href":"https:\/\/radiorevelacionfm.cl\/index.php?rest_route=%2Fwp%2Fv2%2Ftags&post=40334"}],"curies":[{"name":"wp","href":"https:\/\/api.w.org\/{rel}","templated":true}]}}