{"id":4033,"date":"2021-05-11T18:19:31","date_gmt":"2021-05-11T21:19:31","guid":{"rendered":"https:\/\/radiorevelacionfm.cl\/?p=4033"},"modified":"2021-05-11T18:19:31","modified_gmt":"2021-05-11T21:19:31","slug":"miguel-angel-calisto-es-fundamental-contar-con-un-servicio-de-avion-ambulancia-con-base-permanente-en-aysen","status":"publish","type":"post","link":"https:\/\/radiorevelacionfm.cl\/?p=4033","title":{"rendered":"Miguel \u00c1ngel Calisto \u201cEs fundamental contar con un servicio de Avi\u00f3n ambulancia con base permanente en Ays\u00e9n\u201d"},"content":{"rendered":"<div class=\"flex_column av_one_full  flex_column_div av-zero-column-padding first  avia-builder-el-0  el_before_av_one_full  avia-builder-el-first  \" style='border-radius:0px; '><div  class='avia-image-container  av-styling-    avia-builder-el-1  avia-builder-el-no-sibling  avia-align-center '  itemprop=\"image\" itemscope=\"itemscope\" itemtype=\"https:\/\/schema.org\/ImageObject\"  ><div class='avia-image-container-inner'><div class='avia-image-overlay-wrap'><img decoding=\"async\" class='wp-image-4034 avia-img-lazy-loading-not-4034 avia_image' src=\"https:\/\/radiorevelacionfm.cl\/wp-content\/uploads\/2021\/05\/aerodromo-1_optimized.jpg\" alt='' title='aerodromo-1_optimized' height=\"880\" width=\"1024\"  itemprop=\"thumbnailUrl\" srcset=\"https:\/\/radiorevelacionfm.cl\/wp-content\/uploads\/2021\/05\/aerodromo-1_optimized.jpg 1024w, https:\/\/radiorevelacionfm.cl\/wp-content\/uploads\/2021\/05\/aerodromo-1_optimized-300x258.jpg 300w, https:\/\/radiorevelacionfm.cl\/wp-content\/uploads\/2021\/05\/aerodromo-1_optimized-768x660.jpg 768w, https:\/\/radiorevelacionfm.cl\/wp-content\/uploads\/2021\/05\/aerodromo-1_optimized-705x606.jpg 705w, https:\/\/radiorevelacionfm.cl\/wp-content\/uploads\/2021\/05\/aerodromo-1_optimized-600x516.jpg 600w\" sizes=\"(max-width: 1024px) 100vw, 1024px\" \/><\/div><\/div><\/div><\/div><div class=\"flex_column av_one_full  flex_column_div av-zero-column-padding first  avia-builder-el-2  el_after_av_one_full  el_before_av_one_full  column-top-margin\" style='border-radius:0px; '><section class=\"av_textblock_section \"  itemscope=\"itemscope\" itemtype=\"https:\/\/schema.org\/BlogPosting\" itemprop=\"blogPost\" ><div class='avia_textblock  '   itemprop=\"text\" ><p style=\"text-align: center;\"><strong><span style=\"font-size: 18pt;\">Miguel \u00c1ngel Calisto \u201cEs fundamental contar con un servicio de Avi\u00f3n ambulancia con base permanente en Ays\u00e9n\u201d<\/span><\/strong><\/p>\n<div id=\"gtx-trans\" style=\"position: absolute; left: -50px; top: 4.31534px;\">\n<div class=\"gtx-trans-icon\"><\/div>\n<\/div>\n<\/div><\/section><\/div><div class=\"flex_column av_one_full  flex_column_div av-zero-column-padding first  avia-builder-el-4  el_after_av_one_full  el_before_av_hr  column-top-margin\" style='border-radius:0px; '><section class=\"av_textblock_section \"  itemscope=\"itemscope\" itemtype=\"https:\/\/schema.org\/BlogPosting\" itemprop=\"blogPost\" ><div class='avia_textblock  '   itemprop=\"text\" ><p style=\"font-weight: 400; text-align: justify;\">En el marco de una visita que realiz\u00f3 al aer\u00f3dromo Teniente Vidal, con la intenci\u00f3n de fiscalizar el correcto funcionamiento del avi\u00f3n ambulancia, el diputado Miguel \u00c1ngel Calisto volvi\u00f3 a insistir en la necesidad de contar con \u00a0este servicio de forma permanente en la regi\u00f3n de Ays\u00e9n, lo que a juicio del parlamentario, \u201cpuede marcar la diferencia al momento de salvar una vida\u201d.<\/p>\n<p style=\"font-weight: 400; text-align: justify;\">Seg\u00fan el legislador, \u201ctenemos un servicio de rescate intrarregional, que lleve a pacientes desde localidades al Hospital Regional, y de rescate interregional, por si es necesario el traslado fuera de la regi\u00f3n a otros hospitales del pa\u00eds, el que es de muy buena calidad. Para que esto funcione, necesitamos que est\u00e9n las condiciones, por eso vinimos al aer\u00f3dromo Teniente Vidal\u201d.<\/p>\n<p style=\"font-weight: 400; text-align: justify;\">\u201cLe agradecemos al Ministerio de Obras P\u00fablicas por la remodelaci\u00f3n y las mejoras que se han realizado. Hemos solicitado a la Direcci\u00f3n de Aeron\u00e1utica Civil que se mejore la iluminaci\u00f3n del aer\u00f3dromo Teniente Vidal, como tambi\u00e9n de los otros aer\u00f3dromos de la regi\u00f3n, porque esta es una red que permite salvar vidas y con una mejor iluminaci\u00f3n las aeronaves podr\u00edan operar tambi\u00e9n en otros horarios\u201d, indic\u00f3.<\/p>\n<p style=\"font-weight: 400; text-align: justify;\">Calisto asegur\u00f3 que \u201cesperamos que el Servicio de Salud de certezas tambi\u00e9n a estos servicios de traslado de pacientes. Vamos a seguir defendiendo la importancia de tener aviones ambulancia permanente en la regi\u00f3n para poder sacar a nuestros enfermos y nuestra gente que est\u00e1 en situaciones de riesgo\u201d.<\/p>\n<p style=\"font-weight: 400; text-align: justify;\">\u201cHoy hemos visto avances importantes, pero esperamos que este servicio se mantenga de forma permanente y, sobretodo, que tengamos el servicio en la regi\u00f3n, porque no sacamos nada tener el servicio asegurado y vengan aviones de otras regiones de Chile, cuando muchas veces no van a poder ni aterrizar por las condiciones clim\u00e1ticas, lo que puede poner en riesgo las vidas de los pacientes\u201d, se\u00f1al\u00f3.<\/p>\n<p style=\"font-weight: 400; text-align: justify;\">Finalmente, el diputado Calisto se\u00f1al\u00f3 que \u201chemos sido testigos de la p\u00e9rdida de vidas humanas esperando en la pista por la llegada de aviones de otras regiones. Esto es fundamental, que tengan base en la regi\u00f3n. Esto se lo planteamos a las autoridades de salud y Obras P\u00fablicas\u201d.<\/p>\n<\/div><\/section><\/div><div  style='height:50px' class='hr hr-invisible   avia-builder-el-6  el_after_av_one_full  el_before_av_social_share '><span class='hr-inner ' ><span class='hr-inner-style'><\/span><\/span><\/div><\/p>\n<div  class='av-social-sharing-box  avia-builder-el-7  el_after_av_hr  el_before_av_hr  '><div class='av-share-box'><h5 class='av-share-link-description av-no-toc '>Compartir esta noticia<\/h5><ul class='av-share-box-list noLightbox'><li class='av-share-link av-social-link-facebook' ><a target=\"_blank\" aria-label=\"Compartir en Facebook\" href='https:\/\/www.facebook.com\/sharer.php?u=https:\/\/radiorevelacionfm.cl\/?p=4033&#038;t=Miguel%20%C3%81ngel%20Calisto%20%E2%80%9CEs%20fundamental%20contar%20con%20un%20servicio%20de%20Avi%C3%B3n%20ambulancia%20con%20base%20permanente%20en%20Ays%C3%A9n%E2%80%9D' aria-hidden='false' data-av_icon='\ue8f3' data-av_iconfont='entypo-fontello' title='' data-avia-related-tooltip='Compartir en Facebook' rel=\"noopener\"><span class='avia_hidden_link_text'>Compartir en Facebook<\/span><\/a><\/li><li class='av-share-link av-social-link-twitter' ><a target=\"_blank\" aria-label=\"Compartir en Twitter\" href='https:\/\/twitter.com\/share?text=Miguel%20%C3%81ngel%20Calisto%20%E2%80%9CEs%20fundamental%20contar%20con%20un%20servicio%20de%20Avi%C3%B3n%20ambulancia%20con%20base%20permanente%20en%20Ays%C3%A9n%E2%80%9D&#038;url=https:\/\/radiorevelacionfm.cl\/?p=4033' aria-hidden='false' data-av_icon='\ue8f1' data-av_iconfont='entypo-fontello' title='' data-avia-related-tooltip='Compartir en Twitter' rel=\"noopener\"><span class='avia_hidden_link_text'>Compartir en Twitter<\/span><\/a><\/li><li class='av-share-link av-social-link-whatsapp' ><a target=\"_blank\" aria-label=\"Compartir en Whatsapp\" href='https:\/\/api.whatsapp.com\/send?text=https:\/\/radiorevelacionfm.cl\/?p=4033' aria-hidden='false' data-av_icon='\uf232' data-av_iconfont='entypo-fontello' title='' data-avia-related-tooltip='Compartir en Whatsapp' rel=\"noopener\"><span class='avia_hidden_link_text'>Compartir en Whatsapp<\/span><\/a><\/li><li class='av-share-link av-social-link-linkedin' ><a target=\"_blank\" aria-label=\"Compartir en LinkedIn\" href='https:\/\/linkedin.com\/shareArticle?mini=true&#038;title=Miguel%20%C3%81ngel%20Calisto%20%E2%80%9CEs%20fundamental%20contar%20con%20un%20servicio%20de%20Avi%C3%B3n%20ambulancia%20con%20base%20permanente%20en%20Ays%C3%A9n%E2%80%9D&#038;url=https:\/\/radiorevelacionfm.cl\/?p=4033' aria-hidden='false' data-av_icon='\ue8fc' data-av_iconfont='entypo-fontello' title='' data-avia-related-tooltip='Compartir en LinkedIn' rel=\"noopener\"><span class='avia_hidden_link_text'>Compartir en LinkedIn<\/span><\/a><\/li><li class='av-share-link av-social-link-mail' ><a  aria-label=\"Compartir por correo\" href='mailto:?subject=Miguel%20%C3%81ngel%20Calisto%20%E2%80%9CEs%20fundamental%20contar%20con%20un%20servicio%20de%20Avi%C3%B3n%20ambulancia%20con%20base%20permanente%20en%20Ays%C3%A9n%E2%80%9D&#038;body=https:\/\/radiorevelacionfm.cl\/?p=4033' aria-hidden='false' data-av_icon='\ue805' data-av_iconfont='entypo-fontello' title='' data-avia-related-tooltip='Compartir por correo'><span class='avia_hidden_link_text'>Compartir por correo<\/span><\/a><\/li><\/ul><\/div><\/div>\n<div  style='height:50px' class='hr hr-invisible   avia-builder-el-8  el_after_av_social_share  el_before_av_comments_list '><span class='hr-inner ' ><span class='hr-inner-style'><\/span><\/span><\/div>\n<div  class='av-buildercomment  av-blog-meta-html-info-disabled av-blog-meta-tag-disabled  '><\/div>\n","protected":false},"excerpt":{"rendered":"","protected":false},"author":1,"featured_media":4034,"comment_status":"open","ping_status":"open","sticky":false,"template":"","format":"standard","meta":{"footnotes":""},"categories":[46],"tags":[],"class_list":["post-4033","post","type-post","status-publish","format-standard","has-post-thumbnail","hentry","category-salud"],"jetpack_featured_media_url":"https:\/\/radiorevelacionfm.cl\/wp-content\/uploads\/2021\/05\/aerodromo-1_optimized.jpg","_links":{"self":[{"href":"https:\/\/radiorevelacionfm.cl\/index.php?rest_route=\/wp\/v2\/posts\/4033","targetHints":{"allow":["GET"]}}],"collection":[{"href":"https:\/\/radiorevelacionfm.cl\/index.php?rest_route=\/wp\/v2\/posts"}],"about":[{"href":"https:\/\/radiorevelacionfm.cl\/index.php?rest_route=\/wp\/v2\/types\/post"}],"author":[{"embeddable":true,"href":"https:\/\/radiorevelacionfm.cl\/index.php?rest_route=\/wp\/v2\/users\/1"}],"replies":[{"embeddable":true,"href":"https:\/\/radiorevelacionfm.cl\/index.php?rest_route=%2Fwp%2Fv2%2Fcomments&post=4033"}],"version-history":[{"count":1,"href":"https:\/\/radiorevelacionfm.cl\/index.php?rest_route=\/wp\/v2\/posts\/4033\/revisions"}],"predecessor-version":[{"id":4035,"href":"https:\/\/radiorevelacionfm.cl\/index.php?rest_route=\/wp\/v2\/posts\/4033\/revisions\/4035"}],"wp:featuredmedia":[{"embeddable":true,"href":"https:\/\/radiorevelacionfm.cl\/index.php?rest_route=\/wp\/v2\/media\/4034"}],"wp:attachment":[{"href":"https:\/\/radiorevelacionfm.cl\/index.php?rest_route=%2Fwp%2Fv2%2Fmedia&parent=4033"}],"wp:term":[{"taxonomy":"category","embeddable":true,"href":"https:\/\/radiorevelacionfm.cl\/index.php?rest_route=%2Fwp%2Fv2%2Fcategories&post=4033"},{"taxonomy":"post_tag","embeddable":true,"href":"https:\/\/radiorevelacionfm.cl\/index.php?rest_route=%2Fwp%2Fv2%2Ftags&post=4033"}],"curies":[{"name":"wp","href":"https:\/\/api.w.org\/{rel}","templated":true}]}}