{"id":40328,"date":"2024-03-13T17:06:57","date_gmt":"2024-03-13T20:06:57","guid":{"rendered":"https:\/\/radiorevelacionfm.cl\/?p=40328"},"modified":"2024-03-13T17:06:57","modified_gmt":"2024-03-13T20:06:57","slug":"invitan-al-evento-de-clausura-del-plan-de-desarrollo-formativo-infantil-del-club-balonmano-koi-aike","status":"publish","type":"post","link":"https:\/\/radiorevelacionfm.cl\/?p=40328","title":{"rendered":"Invitan al evento de clausura del Plan de Desarrollo Formativo Infantil del Club Balonmano Koi Aike"},"content":{"rendered":"<div class=\"flex_column av_one_full  flex_column_div av-zero-column-padding first  avia-builder-el-0  el_before_av_one_full  avia-builder-el-first  \" style='border-radius:0px; '><div  class='avia-image-container  av-styling-    avia-builder-el-1  avia-builder-el-no-sibling  avia-align-center '  itemprop=\"image\" itemscope=\"itemscope\" itemtype=\"https:\/\/schema.org\/ImageObject\"  ><div class='avia-image-container-inner'><div class='avia-image-overlay-wrap'><img decoding=\"async\" class='wp-image-40329 avia-img-lazy-loading-not-40329 avia_image' src=\"https:\/\/radiorevelacionfm.cl\/wp-content\/uploads\/2024\/03\/foto-2-33-1_optimized-1.jpg\" alt='' title='foto-2-(33)-(1)_optimized (1)' height=\"710\" width=\"802\"  itemprop=\"thumbnailUrl\" srcset=\"https:\/\/radiorevelacionfm.cl\/wp-content\/uploads\/2024\/03\/foto-2-33-1_optimized-1.jpg 802w, https:\/\/radiorevelacionfm.cl\/wp-content\/uploads\/2024\/03\/foto-2-33-1_optimized-1-300x266.jpg 300w, https:\/\/radiorevelacionfm.cl\/wp-content\/uploads\/2024\/03\/foto-2-33-1_optimized-1-768x680.jpg 768w, https:\/\/radiorevelacionfm.cl\/wp-content\/uploads\/2024\/03\/foto-2-33-1_optimized-1-705x624.jpg 705w, https:\/\/radiorevelacionfm.cl\/wp-content\/uploads\/2024\/03\/foto-2-33-1_optimized-1-450x398.jpg 450w, https:\/\/radiorevelacionfm.cl\/wp-content\/uploads\/2024\/03\/foto-2-33-1_optimized-1-600x531.jpg 600w\" sizes=\"(max-width: 802px) 100vw, 802px\" \/><\/div><\/div><\/div><\/div><div class=\"flex_column av_one_full  flex_column_div av-zero-column-padding first  avia-builder-el-2  el_after_av_one_full  el_before_av_one_full  column-top-margin\" style='border-radius:0px; '><section class=\"av_textblock_section \"  itemscope=\"itemscope\" itemtype=\"https:\/\/schema.org\/BlogPosting\" itemprop=\"blogPost\" ><div class='avia_textblock  '   itemprop=\"text\" ><p style=\"text-align: center;\"><strong><span style=\"font-size: 18pt;\">Invitan al evento de clausura del Plan de Desarrollo Formativo Infantil del Club Balonmano Koi Aike<\/span><\/strong><\/p>\n<div id=\"gtx-trans\" style=\"position: absolute; left: -50px; top: 4.31534px;\">\n<div class=\"gtx-trans-icon\"><\/div>\n<\/div>\n<\/div><\/section><\/div><div class=\"flex_column av_one_full  flex_column_div av-zero-column-padding first  avia-builder-el-4  el_after_av_one_full  el_before_av_hr  column-top-margin\" style='border-radius:0px; '><section class=\"av_textblock_section \"  itemscope=\"itemscope\" itemtype=\"https:\/\/schema.org\/BlogPosting\" itemprop=\"blogPost\" ><div class='avia_textblock  '   itemprop=\"text\" ><p style=\"text-align: justify;\">El Club Balonmano Koi Aike se encuentra listo para el evento de clausura del Plan de Desarrollo Formativo Infantil 2024, dirigido a ni\u00f1os y ni\u00f1as de 4 a 13 a\u00f1os. Esta valiosa iniciativa, financiada por el Gobierno Regional de Ays\u00e9n y su consejo, con el 8% del Fondo Nacional de Desarrollo Regional (FDNR), ha fijado las fechas del 22 al 24 de marzo para su realizaci\u00f3n.<\/p>\n<p style=\"text-align: justify;\">El evento, organizado por el Club que cuenta con 13 a\u00f1os de historia en la regi\u00f3n, incluir\u00e1 charlas formativas dirigidas a ni\u00f1os y j\u00f3venes participantes, as\u00ed como sesiones de t\u00e9cnicas enfocadas en el entrenamiento de mini balonmano para los entrenadores, impartidas por destacados profesionales del deporte. Entre los invitados especiales se encuentra Hugo Valdebenito, reconocido profesor de educaci\u00f3n f\u00edsica y entrenador del colegio De Las Salles en Santiago, quien adem\u00e1s posee certificaci\u00f3n nacional como entrenador de balonmano. Valdebenito resalt\u00f3 la trascendencia y el valor de este pr\u00f3ximo evento, subrayando: \u00abEs muy importante ya que desarrollan capacidades y habilidades cognitivas, que no s\u00f3lo sirven para el balonmano, sino para toda la vida del ser humano. Tambi\u00e9n destacar la parte social para el diario vivir. En funci\u00f3n de esto, esta formaci\u00f3n de desarrollo infantil entrega herramientas que te dan felicidad y lo pasas bien sobre todos los ni\u00f1os. Es juego l\u00fadico y muy entretenido, al que invitamos a todos a participar en Coyhaique\u00bb.<\/p>\n<p style=\"text-align: justify;\">A su vez, Andr\u00e9s Levicoy Uribe, coordinador del proyecto y entrenador del club del equipo adulto varones, tambi\u00e9n agreg\u00f3 m\u00e1s detalles sobre el evento, destacando que se llevar\u00e1 a cabo la parte final de capacitaciones a profesores y monitores los d\u00edas 22 y 23, con tem\u00e1ticas de car\u00e1cter te\u00f3rico y pr\u00e1ctico, para finalizar el d\u00eda 24 de marzo con un festival de mini Balonmano, en donde esperan contar con la participaci\u00f3n de ni\u00f1os y ni\u00f1as de la ciudad de Coyhaique y de las distintas unidades educativas. Adem\u00e1s, Levicoy indica que el objetivo es masificar la disciplina a otras localidades como Puerto Ays\u00e9n, Chile Chico y Puerto R\u00edo Ib\u00e1\u00f1ez y la regi\u00f3n en general, con la idea de que se puedan realizar instancias de compartir de manera formativa y realizar encuentros entre colegios.<\/p>\n<\/div><\/section><\/div><div  style='height:50px' class='hr hr-invisible   avia-builder-el-6  el_after_av_one_full  el_before_av_social_share '><span class='hr-inner ' ><span class='hr-inner-style'><\/span><\/span><\/div><\/p>\n<div  class='av-social-sharing-box  avia-builder-el-7  el_after_av_hr  el_before_av_hr  '><div class='av-share-box'><h5 class='av-share-link-description av-no-toc '>Compartir esta noticia<\/h5><ul class='av-share-box-list noLightbox'><li class='av-share-link av-social-link-facebook' ><a target=\"_blank\" aria-label=\"Compartir en Facebook\" href='https:\/\/www.facebook.com\/sharer.php?u=https:\/\/radiorevelacionfm.cl\/?p=40328&#038;t=Invitan%20al%20evento%20de%20clausura%20del%20Plan%20de%20Desarrollo%20Formativo%20Infantil%20del%20Club%20Balonmano%20Koi%20Aike' aria-hidden='false' data-av_icon='\ue8f3' data-av_iconfont='entypo-fontello' title='' data-avia-related-tooltip='Compartir en Facebook' rel=\"noopener\"><span class='avia_hidden_link_text'>Compartir en Facebook<\/span><\/a><\/li><li class='av-share-link av-social-link-twitter' ><a target=\"_blank\" aria-label=\"Compartir en Twitter\" href='https:\/\/twitter.com\/share?text=Invitan%20al%20evento%20de%20clausura%20del%20Plan%20de%20Desarrollo%20Formativo%20Infantil%20del%20Club%20Balonmano%20Koi%20Aike&#038;url=https:\/\/radiorevelacionfm.cl\/?p=40328' aria-hidden='false' data-av_icon='\ue8f1' data-av_iconfont='entypo-fontello' title='' data-avia-related-tooltip='Compartir en Twitter' rel=\"noopener\"><span class='avia_hidden_link_text'>Compartir en Twitter<\/span><\/a><\/li><li class='av-share-link av-social-link-whatsapp' ><a target=\"_blank\" aria-label=\"Compartir en Whatsapp\" href='https:\/\/api.whatsapp.com\/send?text=https:\/\/radiorevelacionfm.cl\/?p=40328' aria-hidden='false' data-av_icon='\uf232' data-av_iconfont='entypo-fontello' title='' data-avia-related-tooltip='Compartir en Whatsapp' rel=\"noopener\"><span class='avia_hidden_link_text'>Compartir en Whatsapp<\/span><\/a><\/li><li class='av-share-link av-social-link-linkedin' ><a target=\"_blank\" aria-label=\"Compartir en LinkedIn\" href='https:\/\/linkedin.com\/shareArticle?mini=true&#038;title=Invitan%20al%20evento%20de%20clausura%20del%20Plan%20de%20Desarrollo%20Formativo%20Infantil%20del%20Club%20Balonmano%20Koi%20Aike&#038;url=https:\/\/radiorevelacionfm.cl\/?p=40328' aria-hidden='false' data-av_icon='\ue8fc' data-av_iconfont='entypo-fontello' title='' data-avia-related-tooltip='Compartir en LinkedIn' rel=\"noopener\"><span class='avia_hidden_link_text'>Compartir en LinkedIn<\/span><\/a><\/li><li class='av-share-link av-social-link-mail' ><a  aria-label=\"Compartir por correo\" href='mailto:?subject=Invitan%20al%20evento%20de%20clausura%20del%20Plan%20de%20Desarrollo%20Formativo%20Infantil%20del%20Club%20Balonmano%20Koi%20Aike&#038;body=https:\/\/radiorevelacionfm.cl\/?p=40328' aria-hidden='false' data-av_icon='\ue805' data-av_iconfont='entypo-fontello' title='' data-avia-related-tooltip='Compartir por correo'><span class='avia_hidden_link_text'>Compartir por correo<\/span><\/a><\/li><\/ul><\/div><\/div>\n<div  style='height:50px' class='hr hr-invisible   avia-builder-el-8  el_after_av_social_share  el_before_av_comments_list '><span class='hr-inner ' ><span class='hr-inner-style'><\/span><\/span><\/div>\n<div  class='av-buildercomment  av-blog-meta-html-info-disabled av-blog-meta-tag-disabled  '><\/div>\n","protected":false},"excerpt":{"rendered":"","protected":false},"author":1,"featured_media":40329,"comment_status":"open","ping_status":"open","sticky":false,"template":"","format":"standard","meta":{"footnotes":""},"categories":[40],"tags":[],"class_list":["post-40328","post","type-post","status-publish","format-standard","has-post-thumbnail","hentry","category-deportes"],"jetpack_featured_media_url":"https:\/\/radiorevelacionfm.cl\/wp-content\/uploads\/2024\/03\/foto-2-33-1_optimized-1.jpg","_links":{"self":[{"href":"https:\/\/radiorevelacionfm.cl\/index.php?rest_route=\/wp\/v2\/posts\/40328","targetHints":{"allow":["GET"]}}],"collection":[{"href":"https:\/\/radiorevelacionfm.cl\/index.php?rest_route=\/wp\/v2\/posts"}],"about":[{"href":"https:\/\/radiorevelacionfm.cl\/index.php?rest_route=\/wp\/v2\/types\/post"}],"author":[{"embeddable":true,"href":"https:\/\/radiorevelacionfm.cl\/index.php?rest_route=\/wp\/v2\/users\/1"}],"replies":[{"embeddable":true,"href":"https:\/\/radiorevelacionfm.cl\/index.php?rest_route=%2Fwp%2Fv2%2Fcomments&post=40328"}],"version-history":[{"count":1,"href":"https:\/\/radiorevelacionfm.cl\/index.php?rest_route=\/wp\/v2\/posts\/40328\/revisions"}],"predecessor-version":[{"id":40330,"href":"https:\/\/radiorevelacionfm.cl\/index.php?rest_route=\/wp\/v2\/posts\/40328\/revisions\/40330"}],"wp:featuredmedia":[{"embeddable":true,"href":"https:\/\/radiorevelacionfm.cl\/index.php?rest_route=\/wp\/v2\/media\/40329"}],"wp:attachment":[{"href":"https:\/\/radiorevelacionfm.cl\/index.php?rest_route=%2Fwp%2Fv2%2Fmedia&parent=40328"}],"wp:term":[{"taxonomy":"category","embeddable":true,"href":"https:\/\/radiorevelacionfm.cl\/index.php?rest_route=%2Fwp%2Fv2%2Fcategories&post=40328"},{"taxonomy":"post_tag","embeddable":true,"href":"https:\/\/radiorevelacionfm.cl\/index.php?rest_route=%2Fwp%2Fv2%2Ftags&post=40328"}],"curies":[{"name":"wp","href":"https:\/\/api.w.org\/{rel}","templated":true}]}}