{"id":40324,"date":"2024-03-14T10:29:57","date_gmt":"2024-03-14T13:29:57","guid":{"rendered":"https:\/\/radiorevelacionfm.cl\/?p=40324"},"modified":"2024-03-14T10:37:00","modified_gmt":"2024-03-14T13:37:00","slug":"en-visita-a-obra-de-nuevo-terminal-de-pasajeros-en-balmaceda-ministra-jeannette-jara-recalca-el-impulso-a-la-reactivacion-economica","status":"publish","type":"post","link":"https:\/\/radiorevelacionfm.cl\/?p=40324","title":{"rendered":"En visita a obra de nuevo terminal de pasajeros en Balmaceda Ministra Jeannette Jara recalca el impulso a la reactivaci\u00f3n econ\u00f3mica"},"content":{"rendered":"<div class=\"flex_column av_one_full  flex_column_div av-zero-column-padding first  avia-builder-el-0  el_before_av_one_full  avia-builder-el-first  \" style='border-radius:0px; '><div  class='avia-image-container  av-styling-    avia-builder-el-1  avia-builder-el-no-sibling  avia-align-center '  itemprop=\"image\" itemscope=\"itemscope\" itemtype=\"https:\/\/schema.org\/ImageObject\"  ><div class='avia-image-container-inner'><div class='avia-image-overlay-wrap'><img decoding=\"async\" class='wp-image-40362 avia-img-lazy-loading-not-40362 avia_image' src=\"https:\/\/radiorevelacionfm.cl\/wp-content\/uploads\/2024\/03\/obra-aeropuerto-balmaceda-2-1_optimized.jpg\" alt='' title='obra-aeropuerto-balmaceda-(2)-(1)_optimized' height=\"600\" width=\"900\"  itemprop=\"thumbnailUrl\" srcset=\"https:\/\/radiorevelacionfm.cl\/wp-content\/uploads\/2024\/03\/obra-aeropuerto-balmaceda-2-1_optimized.jpg 900w, https:\/\/radiorevelacionfm.cl\/wp-content\/uploads\/2024\/03\/obra-aeropuerto-balmaceda-2-1_optimized-300x200.jpg 300w, https:\/\/radiorevelacionfm.cl\/wp-content\/uploads\/2024\/03\/obra-aeropuerto-balmaceda-2-1_optimized-768x512.jpg 768w, https:\/\/radiorevelacionfm.cl\/wp-content\/uploads\/2024\/03\/obra-aeropuerto-balmaceda-2-1_optimized-705x470.jpg 705w, https:\/\/radiorevelacionfm.cl\/wp-content\/uploads\/2024\/03\/obra-aeropuerto-balmaceda-2-1_optimized-450x300.jpg 450w, https:\/\/radiorevelacionfm.cl\/wp-content\/uploads\/2024\/03\/obra-aeropuerto-balmaceda-2-1_optimized-600x400.jpg 600w\" sizes=\"(max-width: 900px) 100vw, 900px\" \/><\/div><\/div><\/div><\/div><div class=\"flex_column av_one_full  flex_column_div av-zero-column-padding first  avia-builder-el-2  el_after_av_one_full  el_before_av_one_full  column-top-margin\" style='border-radius:0px; '><section class=\"av_textblock_section \"  itemscope=\"itemscope\" itemtype=\"https:\/\/schema.org\/BlogPosting\" itemprop=\"blogPost\" ><div class='avia_textblock  '   itemprop=\"text\" ><p style=\"text-align: center;\"><span style=\"font-size: 18pt;\"><b>En visita a obra de nuevo terminal de pasajeros en Balmaceda Ministra Jeannette Jara recalca el impulso a la reactivaci\u00f3n econ\u00f3mica<\/b><\/span><\/p>\n<div id=\"gtx-trans\" style=\"position: absolute; left: -50px; top: 4.31534px;\">\n<div class=\"gtx-trans-icon\"><\/div>\n<\/div>\n<\/div><\/section><\/div><\/p>\n<div class=\"flex_column av_one_full  flex_column_div av-zero-column-padding first  avia-builder-el-4  el_after_av_one_full  el_before_av_hr  column-top-margin\" style='border-radius:0px; '><section class=\"av_textblock_section \"  itemscope=\"itemscope\" itemtype=\"https:\/\/schema.org\/BlogPosting\" itemprop=\"blogPost\" ><div class='avia_textblock  '   itemprop=\"text\" ><p class=\"v1MsoNormal\" style=\"text-align: justify;\">La Ministra del Trabajo y Previsi\u00f3n Social, Jeannette Jara, cerr\u00f3 este martes su visita a la Regi\u00f3n de Ays\u00e9n, que se dio en el marco de los dos primeros a\u00f1os de Gobierno del Presidente Gabriel Boric.<\/p>\n<p class=\"v1MsoNormal\" style=\"text-align: justify;\">Entre otras actividades, particip\u00f3 de un emotivo hito de conmemoraci\u00f3n del D\u00eda Internacional de la Mujer, desarrollado en el Auditorio del MOP, donde destac\u00f3 los avances del Gobierno en ese sentido, tal como las 40 Horas, \u00abHemos logrado avanzar en 40 horas, que es para hombres y para mujeres en el sector privado, y estamos trabajando en las 40 horas para el sector p\u00fablico, pero somos las mujeres las que tenemos una mayor carga y esa carga se tiene que distribuir de mejor forma. En tanto las 40 horas se reducen, busca que cause un impacto en nuestra calidad de vida que nos permita, entre otras cosas, tener un mayor y leg\u00edtimo derecho al descanso\u00bb, dijo la secretaria de Estado.<\/p>\n<p class=\"v1MsoNormal\" style=\"text-align: justify;\">En una concurrida actividad organizada por la Seremi de Mujer, el Servicio Nacional de la Mujer y la Equidad de G\u00e9nero, Sernameg, y Prodemu, donde tambi\u00e9n estuvieron presentes el delegado presidencial, Rodrigo Araya, y la gobernadora regional, Andrea Mac\u00edas, entre otras autoridades, ocho mujeres fueron reconocidas por la Municipalidad de Coyhaique, instituci\u00f3n ejecutora de parte de la oferta program\u00e1tica de Sernameg, por el destacado rol de dirigentas sociales que han desarrollado en la comuna y en distintos \u00e1mbitos.<\/p>\n<p class=\"v1MsoNormal\" style=\"text-align: justify;\">Posteriormente, en la tarde, la ministra Jara visit\u00f3 las obras de construcci\u00f3n del nuevo terminal de pasajeros del Aeropuerto Balmaceda: Red Aeroportuaria Austral Aer\u00f3dromo Balmaceda, que es la primera obra concesionada en la Regi\u00f3n de Ays\u00e9n y una de las m\u00e1s importantes que se encuentran actualmente en ejecuci\u00f3n, junto al Seremi de Trabajo y Previsi\u00f3n Social, Rodrigo D\u00edaz, directores regionales de la Direcci\u00f3n del Trabajo(s), Christian Aros y del Instituto de Seguridad Laboral, Claudia Vald\u00e9s.<\/p>\n<p class=\"v1MsoNormal\" style=\"text-align: justify;\">Tras el recorrido por la obra del aeropuerto, la ministra se\u00f1al\u00f3 que \u00abhoy d\u00eda, hemos podido estar junto a los trabajadores de esta obra tan importante para la conectividad de la regi\u00f3n, que espera dotar de una mayor capacidad para la llegada de aviones, para la llegada de visitas y, tambi\u00e9n, para fomentar el turismo, que es tan importante para una regi\u00f3n como la de Ays\u00e9n. Esperamos que los pr\u00f3ximos meses esta obra est\u00e9 lista y que pueda cumplirse este anhelo de la comunidad, de la regi\u00f3n, que es poder tener una mayor conectividad con las dem\u00e1s regiones del pa\u00eds\u00bb.<\/p>\n<p class=\"v1MsoNormal\" style=\"text-align: justify;\">Una de los trabajadoras que convers\u00f3 con la Ministra Jeannette Jara fue Paola Romero, quien es de Puyuhuapi, \u00abMe encuentro ac\u00e1 en la comuna de Coyhaique, en Balmaceda, varias horas fuera de mi casa, lejos pero contenta por el mejoramiento que se ha hecho y la fuente laboral que hay aqu\u00ed en la regi\u00f3n, Coyhaique, en Puyuhuapi tambi\u00e9n estamos con proyectos de viviendas y se ha visto durante este Gobierno que han salido recursos para avanzar, as\u00ed que estamos muy felices, sobre todo porque tenemos una fuente laboral\u00bb.<\/p>\n<p class=\"v1MsoNormal\" style=\"text-align: justify;\">Otro de los trabajadores, quien ha trabajado en diversas obras en distintas regiones y le cont\u00f3 a la Ministra Jara su opini\u00f3n de esta construcci\u00f3n, fue Manuel Santib\u00e1\u00f1ez \u00abPara m\u00ed es una gran experiencia como trabajador porque he trabajado a lo largo del pa\u00eds, pero encontrarme en una obra as\u00ed como \u00e9sta, para dar conectividad a la gente, al sector, es muy bueno, porque se nota que han pasado cosas y el Gobierno y los gobiernos anteriores se han dado cuenta que hay mucha aislamiento en cuanto a conectividad del pa\u00eds. Estos proyectos le hacen bien a todo el pa\u00eds, no solamente la regi\u00f3n, sino a la parte tur\u00edstica tambi\u00e9n, que es muy notoria ac\u00e1. Excelente lo que est\u00e1n haciendo\u00bb.<\/p>\n<p class=\"v1MsoNormal\" style=\"text-align: justify;\">El nuevo aeropuerto de Balmaceda tendr\u00e1 una superficie construida de 12.391 m2, lo que representa un 416% de incremento comparada con la actual edificaci\u00f3n, la que tiene 2.235 m2. La obra representa una inversi\u00f3n de 1.550.000 UF y emplea actualmente a 226 personas,\u00a0quienes son mayoritariamente de la regi\u00f3n.<\/p>\n<p class=\"v1MsoNormal\" style=\"text-align: justify;\"><b><u>Reactivaci\u00f3n econ\u00f3mica<\/u><\/b><\/p>\n<p class=\"v1MsoNormal\" style=\"text-align: justify;\">Cabe recordar que la visita a la regi\u00f3n de Ays\u00e9n por parte de la ministra Jeannette Jara inici\u00f3 el lunes, donde particip\u00f3 de la inauguraci\u00f3n de la \u00abPrimera Feria Laboral: impulsando la reactivaci\u00f3n econ\u00f3mica Chile Avanzando\u00bb organizada entre el ministerio de Obras P\u00fablicas, Seremi del Trabajo y Previsi\u00f3n Social, el Servicio de Capacitaci\u00f3n y Empleo, Sence y la Delegaci\u00f3n Presidencial Regional, donde se ofrecieron m\u00e1s de 150 cupos laborales por parte de empresas ligadas a la Construcci\u00f3n, quienes est\u00e1n ejecutando obras MOP, actividad que tuvo una gran concurrencia y positivas reacciones. En esta feria adem\u00e1s participaron instituciones que apoyaron a los asistentes en los tr\u00e1mites laborales, como las OMIL de Coyhaique y Puerto Ays\u00e9n, Servicio de Migraciones, Registro Civil y de Identificaci\u00f3n, ChileValora, Instituto de Seguridad Laboral, ISL y Administradora de Seguros de Cesant\u00eda, AFC.<\/p>\n<p class=\"v1gmail-Default\" style=\"text-align: justify;\">En la ocasi\u00f3n la Ministra Jara relev\u00f3 los avances legislativos que en estos dos a\u00f1os de administraci\u00f3n se han llevado adelante desde el Ministerio del Trabajo y Previsi\u00f3n Social, como, por ejemplo, la reducci\u00f3n de la jornada laboral de 45 a 40 horas por semana; el alza del salario m\u00ednimo, que alcanzar\u00e1 en julio los $500.000; la Ley Karin, que fortalece la legislaci\u00f3n en materia de prevenci\u00f3n, investigaci\u00f3n y sanci\u00f3n en contra del acoso laboral, sexual y violencia en el trabajo; y la Ley de Conciliaci\u00f3n de la vida personal, familiar y laboral.<\/p>\n<p class=\"v1gmail-Default\" style=\"text-align: justify;\">\u00abTenemos la convicci\u00f3n de que lo que hemos logrado avanzar va a mejorar la vida de las personas. Tenemos desaf\u00edos importantes todav\u00eda pendientes a los cuales el Presidente, con mucha claridad, nos ha llamado a trabajar para cumplirlos. M\u00e1s que hacer promesas, cumplir lo prometido\u00bb, sostuvo la secretaria de Estado.<\/p>\n<p class=\"v1MsoNormal\" style=\"text-align: justify;\">Agreg\u00f3 que \u00aba nosotros nos toc\u00f3 asumir el pa\u00eds hace dos a\u00f1os, con un indicador de inflaci\u00f3n muy alto y se hab\u00eda producido un proceso en el cual las personas estaban en una situaci\u00f3n muy compleja, porque con un salario m\u00ednimo de $350.000 y con el alza de los alimentos por motivo de la inflaci\u00f3n, se hac\u00eda muy dif\u00edcil poder llegar a fin de mes. Hemos ido avanzando, el control de la inflaci\u00f3n ha sido fundamental y el desaf\u00edo para este a\u00f1o es que ello se traduzca en que el crecimiento en nuestro pa\u00eds se asiente\u00bb, detall\u00f3 Jeannette Jara.<\/p>\n<p class=\"v1MsoNormal\" style=\"text-align: justify;\">En su visita adem\u00e1s, la Ministra Jara particip\u00f3, entre otras reuniones, de un saludo protocolar tanto al Delegado presidencial regional, Rodrigo Araya como a la Gobernadora Regional, Andrea Mac\u00edas, de un masivo \u00abEncuentro Ciudadano Mejores Pensiones para Chile\u00bb; se reuni\u00f3 con la CUT y ANEF, con los funcionarios\/as de la cartera de trabajo y previsi\u00f3n social, liderada por el Seremi Rodrigo D\u00edaz Cordaro, donde dio cuenta de los avances como Gobierno a dos a\u00f1os y tambi\u00e9n de los desaf\u00edos, como la necesidad de di\u00e1logo para avanzar en la Reforma Previsional.<\/p>\n<\/div><\/section><\/div>\n<div  style='height:50px' class='hr hr-invisible   avia-builder-el-6  el_after_av_one_full  el_before_av_social_share '><span class='hr-inner ' ><span class='hr-inner-style'><\/span><\/span><\/div>\n<div  class='av-social-sharing-box  avia-builder-el-7  el_after_av_hr  el_before_av_hr  '><div class='av-share-box'><h5 class='av-share-link-description av-no-toc '>Compartir esta noticia<\/h5><ul class='av-share-box-list noLightbox'><li class='av-share-link av-social-link-facebook' ><a target=\"_blank\" aria-label=\"Compartir en Facebook\" href='https:\/\/www.facebook.com\/sharer.php?u=https:\/\/radiorevelacionfm.cl\/?p=40324&#038;t=En%20visita%20a%20obra%20de%20nuevo%20terminal%20de%20pasajeros%20en%20Balmaceda%20Ministra%20Jeannette%20Jara%20recalca%20el%20impulso%20a%20la%20reactivaci%C3%B3n%20econ%C3%B3mica' aria-hidden='false' data-av_icon='\ue8f3' data-av_iconfont='entypo-fontello' title='' data-avia-related-tooltip='Compartir en Facebook' rel=\"noopener\"><span class='avia_hidden_link_text'>Compartir en Facebook<\/span><\/a><\/li><li class='av-share-link av-social-link-twitter' ><a target=\"_blank\" aria-label=\"Compartir en Twitter\" href='https:\/\/twitter.com\/share?text=En%20visita%20a%20obra%20de%20nuevo%20terminal%20de%20pasajeros%20en%20Balmaceda%20Ministra%20Jeannette%20Jara%20recalca%20el%20impulso%20a%20la%20reactivaci%C3%B3n%20econ%C3%B3mica&#038;url=https:\/\/radiorevelacionfm.cl\/?p=40324' aria-hidden='false' data-av_icon='\ue8f1' data-av_iconfont='entypo-fontello' title='' data-avia-related-tooltip='Compartir en Twitter' rel=\"noopener\"><span class='avia_hidden_link_text'>Compartir en Twitter<\/span><\/a><\/li><li class='av-share-link av-social-link-whatsapp' ><a target=\"_blank\" aria-label=\"Compartir en Whatsapp\" href='https:\/\/api.whatsapp.com\/send?text=https:\/\/radiorevelacionfm.cl\/?p=40324' aria-hidden='false' data-av_icon='\uf232' data-av_iconfont='entypo-fontello' title='' data-avia-related-tooltip='Compartir en Whatsapp' rel=\"noopener\"><span class='avia_hidden_link_text'>Compartir en Whatsapp<\/span><\/a><\/li><li class='av-share-link av-social-link-linkedin' ><a target=\"_blank\" aria-label=\"Compartir en LinkedIn\" href='https:\/\/linkedin.com\/shareArticle?mini=true&#038;title=En%20visita%20a%20obra%20de%20nuevo%20terminal%20de%20pasajeros%20en%20Balmaceda%20Ministra%20Jeannette%20Jara%20recalca%20el%20impulso%20a%20la%20reactivaci%C3%B3n%20econ%C3%B3mica&#038;url=https:\/\/radiorevelacionfm.cl\/?p=40324' aria-hidden='false' data-av_icon='\ue8fc' data-av_iconfont='entypo-fontello' title='' data-avia-related-tooltip='Compartir en LinkedIn' rel=\"noopener\"><span class='avia_hidden_link_text'>Compartir en LinkedIn<\/span><\/a><\/li><li class='av-share-link av-social-link-mail' ><a  aria-label=\"Compartir por correo\" href='mailto:?subject=En%20visita%20a%20obra%20de%20nuevo%20terminal%20de%20pasajeros%20en%20Balmaceda%20Ministra%20Jeannette%20Jara%20recalca%20el%20impulso%20a%20la%20reactivaci%C3%B3n%20econ%C3%B3mica&#038;body=https:\/\/radiorevelacionfm.cl\/?p=40324' aria-hidden='false' data-av_icon='\ue805' data-av_iconfont='entypo-fontello' title='' data-avia-related-tooltip='Compartir por correo'><span class='avia_hidden_link_text'>Compartir por correo<\/span><\/a><\/li><\/ul><\/div><\/div>\n<div  style='height:50px' class='hr hr-invisible   avia-builder-el-8  el_after_av_social_share  el_before_av_comments_list '><span class='hr-inner ' ><span class='hr-inner-style'><\/span><\/span><\/div>\n<div  class='av-buildercomment  av-blog-meta-html-info-disabled av-blog-meta-tag-disabled  '><\/div>\n","protected":false},"excerpt":{"rendered":"","protected":false},"author":1,"featured_media":40362,"comment_status":"open","ping_status":"open","sticky":false,"template":"","format":"standard","meta":{"footnotes":""},"categories":[56],"tags":[],"class_list":["post-40324","post","type-post","status-publish","format-standard","has-post-thumbnail","hentry","category-trabajo"],"jetpack_featured_media_url":"https:\/\/radiorevelacionfm.cl\/wp-content\/uploads\/2024\/03\/obra-aeropuerto-balmaceda-2-1_optimized.jpg","_links":{"self":[{"href":"https:\/\/radiorevelacionfm.cl\/index.php?rest_route=\/wp\/v2\/posts\/40324","targetHints":{"allow":["GET"]}}],"collection":[{"href":"https:\/\/radiorevelacionfm.cl\/index.php?rest_route=\/wp\/v2\/posts"}],"about":[{"href":"https:\/\/radiorevelacionfm.cl\/index.php?rest_route=\/wp\/v2\/types\/post"}],"author":[{"embeddable":true,"href":"https:\/\/radiorevelacionfm.cl\/index.php?rest_route=\/wp\/v2\/users\/1"}],"replies":[{"embeddable":true,"href":"https:\/\/radiorevelacionfm.cl\/index.php?rest_route=%2Fwp%2Fv2%2Fcomments&post=40324"}],"version-history":[{"count":2,"href":"https:\/\/radiorevelacionfm.cl\/index.php?rest_route=\/wp\/v2\/posts\/40324\/revisions"}],"predecessor-version":[{"id":40363,"href":"https:\/\/radiorevelacionfm.cl\/index.php?rest_route=\/wp\/v2\/posts\/40324\/revisions\/40363"}],"wp:featuredmedia":[{"embeddable":true,"href":"https:\/\/radiorevelacionfm.cl\/index.php?rest_route=\/wp\/v2\/media\/40362"}],"wp:attachment":[{"href":"https:\/\/radiorevelacionfm.cl\/index.php?rest_route=%2Fwp%2Fv2%2Fmedia&parent=40324"}],"wp:term":[{"taxonomy":"category","embeddable":true,"href":"https:\/\/radiorevelacionfm.cl\/index.php?rest_route=%2Fwp%2Fv2%2Fcategories&post=40324"},{"taxonomy":"post_tag","embeddable":true,"href":"https:\/\/radiorevelacionfm.cl\/index.php?rest_route=%2Fwp%2Fv2%2Ftags&post=40324"}],"curies":[{"name":"wp","href":"https:\/\/api.w.org\/{rel}","templated":true}]}}