{"id":40318,"date":"2024-03-13T16:13:16","date_gmt":"2024-03-13T19:13:16","guid":{"rendered":"https:\/\/radiorevelacionfm.cl\/?p=40318"},"modified":"2024-03-13T16:13:16","modified_gmt":"2024-03-13T19:13:16","slug":"en-el-marco-del-mes-de-la-mujer-homenajean-a-artista-textil-sandra-borquez","status":"publish","type":"post","link":"https:\/\/radiorevelacionfm.cl\/?p=40318","title":{"rendered":"En el marco del Mes de la Mujer homenajean a artista textil Sandra B\u00f3rquez"},"content":{"rendered":"<div class=\"flex_column av_one_full  flex_column_div av-zero-column-padding first  avia-builder-el-0  el_before_av_one_full  avia-builder-el-first  \" style='border-radius:0px; '><div  class='avia-image-container  av-styling-    avia-builder-el-1  avia-builder-el-no-sibling  avia-align-center '  itemprop=\"image\" itemscope=\"itemscope\" itemtype=\"https:\/\/schema.org\/ImageObject\"  ><div class='avia-image-container-inner'><div class='avia-image-overlay-wrap'><img decoding=\"async\" class='wp-image-40319 avia-img-lazy-loading-not-40319 avia_image' src=\"https:\/\/radiorevelacionfm.cl\/wp-content\/uploads\/2024\/03\/gore-809-sandra-borquez1-1-1.jpg\" alt='' title='gore 809 sandra borquez1 (1) (1)' height=\"600\" width=\"899\"  itemprop=\"thumbnailUrl\" srcset=\"https:\/\/radiorevelacionfm.cl\/wp-content\/uploads\/2024\/03\/gore-809-sandra-borquez1-1-1.jpg 899w, https:\/\/radiorevelacionfm.cl\/wp-content\/uploads\/2024\/03\/gore-809-sandra-borquez1-1-1-300x200.jpg 300w, https:\/\/radiorevelacionfm.cl\/wp-content\/uploads\/2024\/03\/gore-809-sandra-borquez1-1-1-768x513.jpg 768w, https:\/\/radiorevelacionfm.cl\/wp-content\/uploads\/2024\/03\/gore-809-sandra-borquez1-1-1-705x471.jpg 705w, https:\/\/radiorevelacionfm.cl\/wp-content\/uploads\/2024\/03\/gore-809-sandra-borquez1-1-1-450x300.jpg 450w, https:\/\/radiorevelacionfm.cl\/wp-content\/uploads\/2024\/03\/gore-809-sandra-borquez1-1-1-600x400.jpg 600w\" sizes=\"(max-width: 899px) 100vw, 899px\" \/><\/div><\/div><\/div><\/div><div class=\"flex_column av_one_full  flex_column_div av-zero-column-padding first  avia-builder-el-2  el_after_av_one_full  el_before_av_one_full  column-top-margin\" style='border-radius:0px; '><section class=\"av_textblock_section \"  itemscope=\"itemscope\" itemtype=\"https:\/\/schema.org\/BlogPosting\" itemprop=\"blogPost\" ><div class='avia_textblock  '   itemprop=\"text\" ><p style=\"text-align: center;\"><strong><span style=\"font-size: 18pt;\">En el marco del Mes de la Mujer homenajean a artista textil Sandra B\u00f3rquez <\/span><\/strong><\/p>\n<div id=\"gtx-trans\" style=\"position: absolute; left: -50px; top: 4.31534px;\">\n<div class=\"gtx-trans-icon\"><\/div>\n<\/div>\n<\/div><\/section><\/div><div class=\"flex_column av_one_full  flex_column_div av-zero-column-padding first  avia-builder-el-4  el_after_av_one_full  el_before_av_hr  column-top-margin\" style='border-radius:0px; '><section class=\"av_textblock_section \"  itemscope=\"itemscope\" itemtype=\"https:\/\/schema.org\/BlogPosting\" itemprop=\"blogPost\" ><div class='avia_textblock  '   itemprop=\"text\" ><p style=\"text-align: justify;\">En el marco del 8M y el Mes de la Mujer Trabajadora, la Secretar\u00eda Regional Ministerial de la Culturas, las Artes y el Patrimonio junto al Gobierno Regional de Ays\u00e9n prepararon una muestra con obras textiles de la artista regional Sandra B\u00f3rquez, fallecida en enero de 2022.<\/p>\n<p style=\"text-align: justify;\">La exposici\u00f3n releva los trabajos de quien obtuvo el Premio Regional de las Culturas 2021, gracias a su obra centrada en el rol de la mujer en la Patagonia y su protagonismo. Justamente parte de la muestra est\u00e1 compuesta por un textil creado en Espacio Cecrea por una veintena de personas, convocadas a bordar, tejer y coser una obra colectiva con poemas de Sandra y retazos de tela.<\/p>\n<p style=\"text-align: justify;\">El seremi de Culturas Ays\u00e9n, Felipe Quiroz, explic\u00f3 que \u00abquisimos relevar personajes que han sido insignes dentro de las culturas, las artes y el patrimonio de nuestra regi\u00f3n. En esta oportunidad quisimos tambi\u00e9n relevar la figura de Sandra B\u00f3rquez que, adem\u00e1s, fue premiada por nuestro ministerio. Creemos que es importante que Cuesti\u00f3n de g\u00e9nero -que es el nombre que ocupaba- y toda su obra que est\u00e1 atravesada por relevar el rol de la mujer sea tambi\u00e9n reconocida institucionalmente\u00bb.<\/p>\n<p style=\"text-align: justify;\">La gobernadora regional de Ays\u00e9n, Andrea Mac\u00edas, dijo que \u00abnos sentimos muy contentos y orgullosos de albergar esta herencia que nos dej\u00f3 Sandra tras su partida. En este mes que es tan importante para la sociedad en general y particularmente para nosotras las mujeres, relevar a aquellas que han puesto en valor nuestro territorio, nuestra vida, lo cotidiano, resulta fundamental. Es un acto de reivindicaci\u00f3n, un acto de hacer justicia y reconocer a aquellas personas que de verdad son un aporte en nuestro territorio\u00bb.<\/p>\n<p class=\"v1elementToProof\" style=\"text-align: justify;\">La autoridad regional invit\u00f3 a la comunidad a visitar la exposici\u00f3n sobre Sandra B\u00f3rquez, que incluye sus obras, el trabajo colectivo y una pieza audiovisual. Estar\u00e1 hasta este viernes en el hall del Gobierno Regional, en Ej\u00e9rcito 405.<\/p>\n<\/div><\/section><\/div><div  style='height:50px' class='hr hr-invisible   avia-builder-el-6  el_after_av_one_full  el_before_av_social_share '><span class='hr-inner ' ><span class='hr-inner-style'><\/span><\/span><\/div><\/p>\n<div  class='av-social-sharing-box  avia-builder-el-7  el_after_av_hr  el_before_av_hr  '><div class='av-share-box'><h5 class='av-share-link-description av-no-toc '>Compartir esta noticia<\/h5><ul class='av-share-box-list noLightbox'><li class='av-share-link av-social-link-facebook' ><a target=\"_blank\" aria-label=\"Compartir en Facebook\" href='https:\/\/www.facebook.com\/sharer.php?u=https:\/\/radiorevelacionfm.cl\/?p=40318&#038;t=En%20el%20marco%20del%20Mes%20de%20la%20Mujer%20homenajean%20a%20artista%20textil%20Sandra%20B%C3%B3rquez' aria-hidden='false' data-av_icon='\ue8f3' data-av_iconfont='entypo-fontello' title='' data-avia-related-tooltip='Compartir en Facebook' rel=\"noopener\"><span class='avia_hidden_link_text'>Compartir en Facebook<\/span><\/a><\/li><li class='av-share-link av-social-link-twitter' ><a target=\"_blank\" aria-label=\"Compartir en Twitter\" href='https:\/\/twitter.com\/share?text=En%20el%20marco%20del%20Mes%20de%20la%20Mujer%20homenajean%20a%20artista%20textil%20Sandra%20B%C3%B3rquez&#038;url=https:\/\/radiorevelacionfm.cl\/?p=40318' aria-hidden='false' data-av_icon='\ue8f1' data-av_iconfont='entypo-fontello' title='' data-avia-related-tooltip='Compartir en Twitter' rel=\"noopener\"><span class='avia_hidden_link_text'>Compartir en Twitter<\/span><\/a><\/li><li class='av-share-link av-social-link-whatsapp' ><a target=\"_blank\" aria-label=\"Compartir en Whatsapp\" href='https:\/\/api.whatsapp.com\/send?text=https:\/\/radiorevelacionfm.cl\/?p=40318' aria-hidden='false' data-av_icon='\uf232' data-av_iconfont='entypo-fontello' title='' data-avia-related-tooltip='Compartir en Whatsapp' rel=\"noopener\"><span class='avia_hidden_link_text'>Compartir en Whatsapp<\/span><\/a><\/li><li class='av-share-link av-social-link-linkedin' ><a target=\"_blank\" aria-label=\"Compartir en LinkedIn\" href='https:\/\/linkedin.com\/shareArticle?mini=true&#038;title=En%20el%20marco%20del%20Mes%20de%20la%20Mujer%20homenajean%20a%20artista%20textil%20Sandra%20B%C3%B3rquez&#038;url=https:\/\/radiorevelacionfm.cl\/?p=40318' aria-hidden='false' data-av_icon='\ue8fc' data-av_iconfont='entypo-fontello' title='' data-avia-related-tooltip='Compartir en LinkedIn' rel=\"noopener\"><span class='avia_hidden_link_text'>Compartir en LinkedIn<\/span><\/a><\/li><li class='av-share-link av-social-link-mail' ><a  aria-label=\"Compartir por correo\" href='mailto:?subject=En%20el%20marco%20del%20Mes%20de%20la%20Mujer%20homenajean%20a%20artista%20textil%20Sandra%20B%C3%B3rquez&#038;body=https:\/\/radiorevelacionfm.cl\/?p=40318' aria-hidden='false' data-av_icon='\ue805' data-av_iconfont='entypo-fontello' title='' data-avia-related-tooltip='Compartir por correo'><span class='avia_hidden_link_text'>Compartir por correo<\/span><\/a><\/li><\/ul><\/div><\/div>\n<div  style='height:50px' class='hr hr-invisible   avia-builder-el-8  el_after_av_social_share  el_before_av_comments_list '><span class='hr-inner ' ><span class='hr-inner-style'><\/span><\/span><\/div>\n<div  class='av-buildercomment  av-blog-meta-html-info-disabled av-blog-meta-tag-disabled  '><\/div>\n","protected":false},"excerpt":{"rendered":"","protected":false},"author":1,"featured_media":40319,"comment_status":"open","ping_status":"open","sticky":false,"template":"","format":"standard","meta":{"footnotes":""},"categories":[52],"tags":[],"class_list":["post-40318","post","type-post","status-publish","format-standard","has-post-thumbnail","hentry","category-cultura"],"jetpack_featured_media_url":"https:\/\/radiorevelacionfm.cl\/wp-content\/uploads\/2024\/03\/gore-809-sandra-borquez1-1-1.jpg","_links":{"self":[{"href":"https:\/\/radiorevelacionfm.cl\/index.php?rest_route=\/wp\/v2\/posts\/40318","targetHints":{"allow":["GET"]}}],"collection":[{"href":"https:\/\/radiorevelacionfm.cl\/index.php?rest_route=\/wp\/v2\/posts"}],"about":[{"href":"https:\/\/radiorevelacionfm.cl\/index.php?rest_route=\/wp\/v2\/types\/post"}],"author":[{"embeddable":true,"href":"https:\/\/radiorevelacionfm.cl\/index.php?rest_route=\/wp\/v2\/users\/1"}],"replies":[{"embeddable":true,"href":"https:\/\/radiorevelacionfm.cl\/index.php?rest_route=%2Fwp%2Fv2%2Fcomments&post=40318"}],"version-history":[{"count":1,"href":"https:\/\/radiorevelacionfm.cl\/index.php?rest_route=\/wp\/v2\/posts\/40318\/revisions"}],"predecessor-version":[{"id":40320,"href":"https:\/\/radiorevelacionfm.cl\/index.php?rest_route=\/wp\/v2\/posts\/40318\/revisions\/40320"}],"wp:featuredmedia":[{"embeddable":true,"href":"https:\/\/radiorevelacionfm.cl\/index.php?rest_route=\/wp\/v2\/media\/40319"}],"wp:attachment":[{"href":"https:\/\/radiorevelacionfm.cl\/index.php?rest_route=%2Fwp%2Fv2%2Fmedia&parent=40318"}],"wp:term":[{"taxonomy":"category","embeddable":true,"href":"https:\/\/radiorevelacionfm.cl\/index.php?rest_route=%2Fwp%2Fv2%2Fcategories&post=40318"},{"taxonomy":"post_tag","embeddable":true,"href":"https:\/\/radiorevelacionfm.cl\/index.php?rest_route=%2Fwp%2Fv2%2Ftags&post=40318"}],"curies":[{"name":"wp","href":"https:\/\/api.w.org\/{rel}","templated":true}]}}