{"id":40315,"date":"2024-03-13T21:13:41","date_gmt":"2024-03-14T00:13:41","guid":{"rendered":"https:\/\/radiorevelacionfm.cl\/?p=40315"},"modified":"2024-03-13T21:13:41","modified_gmt":"2024-03-14T00:13:41","slug":"conmemoracion-dia-internacional-de-la-mujer-gobernadora-se-compromete-a-avanzar-en-la-conservacion-de-residencia-transitoria-regional","status":"publish","type":"post","link":"https:\/\/radiorevelacionfm.cl\/?p=40315","title":{"rendered":"Conmemoraci\u00f3n D\u00eda Internacional de la Mujer: Gobernadora se compromete a avanzar en la conservaci\u00f3n de residencia transitoria regional"},"content":{"rendered":"<div class=\"flex_column av_one_full  flex_column_div av-zero-column-padding first  avia-builder-el-0  el_before_av_one_full  avia-builder-el-first  \" style='border-radius:0px; '><div  class='avia-image-container  av-styling-    avia-builder-el-1  avia-builder-el-no-sibling  avia-align-center '  itemprop=\"image\" itemscope=\"itemscope\" itemtype=\"https:\/\/schema.org\/ImageObject\"  ><div class='avia-image-container-inner'><div class='avia-image-overlay-wrap'><img decoding=\"async\" class='wp-image-40316 avia-img-lazy-loading-not-40316 avia_image' src=\"https:\/\/radiorevelacionfm.cl\/wp-content\/uploads\/2024\/03\/8m-foto-2-1_optimized-1.jpeg\" alt='' title='8m-foto-2-(1)_optimized (1)' height=\"600\" width=\"800\"  itemprop=\"thumbnailUrl\" srcset=\"https:\/\/radiorevelacionfm.cl\/wp-content\/uploads\/2024\/03\/8m-foto-2-1_optimized-1.jpeg 800w, https:\/\/radiorevelacionfm.cl\/wp-content\/uploads\/2024\/03\/8m-foto-2-1_optimized-1-300x225.jpeg 300w, https:\/\/radiorevelacionfm.cl\/wp-content\/uploads\/2024\/03\/8m-foto-2-1_optimized-1-768x576.jpeg 768w, https:\/\/radiorevelacionfm.cl\/wp-content\/uploads\/2024\/03\/8m-foto-2-1_optimized-1-705x529.jpeg 705w, https:\/\/radiorevelacionfm.cl\/wp-content\/uploads\/2024\/03\/8m-foto-2-1_optimized-1-450x338.jpeg 450w, https:\/\/radiorevelacionfm.cl\/wp-content\/uploads\/2024\/03\/8m-foto-2-1_optimized-1-600x450.jpeg 600w\" sizes=\"(max-width: 800px) 100vw, 800px\" \/><\/div><\/div><\/div><\/div><div class=\"flex_column av_one_full  flex_column_div av-zero-column-padding first  avia-builder-el-2  el_after_av_one_full  el_before_av_one_full  column-top-margin\" style='border-radius:0px; '><section class=\"av_textblock_section \"  itemscope=\"itemscope\" itemtype=\"https:\/\/schema.org\/BlogPosting\" itemprop=\"blogPost\" ><div class='avia_textblock  '   itemprop=\"text\" ><div style=\"text-align: center;\"><strong><span style=\"font-size: 18pt;\">Conmemoraci\u00f3n D\u00eda Internacional de la Mujer: Gobernadora se compromete a avanzar en la conservaci\u00f3n de residencia transitoria regional<\/span><\/strong><\/div>\n<div id=\"gtx-trans\" style=\"position: absolute; left: -50px; top: 4.31534px;\">\n<div class=\"gtx-trans-icon\"><\/div>\n<\/div>\n<\/div><\/section><\/div><div class=\"flex_column av_one_full  flex_column_div av-zero-column-padding first  avia-builder-el-4  el_after_av_one_full  el_before_av_hr  column-top-margin\" style='border-radius:0px; '><section class=\"av_textblock_section \"  itemscope=\"itemscope\" itemtype=\"https:\/\/schema.org\/BlogPosting\" itemprop=\"blogPost\" ><div class='avia_textblock  '   itemprop=\"text\" ><p dir=\"ltr\" style=\"text-align: justify;\">Este martes 12 de marzo el edificio del Ministerio de Obras P\u00fablicas de la Regi\u00f3n de Ays\u00e9n recibi\u00f3 a m\u00e1s de un centenar de mujeres, dirigentas sociales y autoridades, incluyendo a la Ministra del Trabajo, Jeannette Jara Rom\u00e1n, para la conmemoraci\u00f3n del D\u00eda Internacional de la Mujer de este a\u00f1o, en un evento organizado por la Secretar\u00eda Regional Ministerial de la Mujer y Equidad de G\u00e9nero, el Servicio Nacional de la Mujer y la Equidad de G\u00e9nero de Ays\u00e9n (Sernameg) y la Fundaci\u00f3n para la Promoci\u00f3n y Desarrollo de la Mujer (Prodemu).<\/p>\n<p dir=\"ltr\" style=\"text-align: justify;\">\u00abHemos podido dar cuenta de los importantes avances que ha realizado el Gobierno en la ampliaci\u00f3n de derechos para las mujeres, como nuestra Ley Integral contra la violencia hacia las mujeres; la Ley de Responsabilidad Parental; la Ley Karin; y el manual de fiscalizaci\u00f3n en torno a la Ley de de Interrupci\u00f3n Voluntaria del Embarazo\u00bb, se\u00f1al\u00f3 tras la jornada la Seremi de la Mujer Andrea M\u00e9ndez Valenzuela.<\/p>\n<p dir=\"ltr\" style=\"text-align: justify;\">En esta instancia, donde tambi\u00e9n se realiz\u00f3 un homenaje a ocho destacadas mujeres de la regi\u00f3n, la Gobernadora Andrea Mac\u00edas Palma comunic\u00f3 a las y los asistentes una importante noticia: el compromiso por parte del Gobierno Regional de entregar recursos para mejorar condiciones de habitabilidad de la residencia transitoria de la Regi\u00f3n de Ays\u00e9n.<\/p>\n<p dir=\"ltr\" style=\"text-align: justify;\">\u00abNos hemos comprometido en poder avanzar con la conservaci\u00f3n que requiere hoy la casa de acogida, que es el \u00fanico espacio que acoge a mujeres que est\u00e1n en riesgo, que su vida est\u00e1 en riesgo y, por lo tanto, necesitamos que ese espacio, que ya tiene muchos a\u00f1os, sea conservado para poder ofrecer un espacio digno a las personas que lo est\u00e1n pasando mal. Y por otra parte, tambi\u00e9n la implementaci\u00f3n necesaria para acoger a las mujeres, a sus hijos, a sus hijas cuando est\u00e1n en los momentos de mayor vulnerabilidad\u00bb, dijo la m\u00e1xima autoridad regional.<\/p>\n<p dir=\"ltr\" style=\"text-align: justify;\">La residencia transitoria, o casa de acogida como se le conoce com\u00fanmente, es un dispositivo del Programa de Recuperaci\u00f3n del Ejercicio de la Autonom\u00eda para V\u00edctimas de Violencia de G\u00e9nero, que ofrece la Unidad de Violencia Contra las Mujeres de Sernameg. Su objetivo es otorgar atenci\u00f3n residencial a mujeres que ven vulnerados sus derechos a la vida y a la seguridad.<\/p>\n<p dir=\"ltr\" style=\"text-align: justify;\">En ese sentido, la directora regional de Sernameg, Patricia Baeza Cabezas, relev\u00f3 la importancia de este compromiso: \u00abestamos tremendamente felices, y por mi parte muy emocionada, con el anuncio que se hizo hoy, en el que se indica que van a haber recursos por parte del Gobierno Regional para mejorar las condiciones de habitabilidad de nuestra residencia transitoria. Esa es una excelente noticia, porque nos permite avanzar en t\u00e9rminos de lo que va, incluso, con la implementaci\u00f3n del nuevo modelo de violencia contra las mujeres que est\u00e1 llevando a cabo el servicio hoy en d\u00eda\u00bb.<\/p>\n<\/div><\/section><\/div><div  style='height:50px' class='hr hr-invisible   avia-builder-el-6  el_after_av_one_full  el_before_av_social_share '><span class='hr-inner ' ><span class='hr-inner-style'><\/span><\/span><\/div><\/p>\n<div  class='av-social-sharing-box  avia-builder-el-7  el_after_av_hr  el_before_av_hr  '><div class='av-share-box'><h5 class='av-share-link-description av-no-toc '>Compartir esta noticia<\/h5><ul class='av-share-box-list noLightbox'><li class='av-share-link av-social-link-facebook' ><a target=\"_blank\" aria-label=\"Compartir en Facebook\" href='https:\/\/www.facebook.com\/sharer.php?u=https:\/\/radiorevelacionfm.cl\/?p=40315&#038;t=Conmemoraci%C3%B3n%20D%C3%ADa%20Internacional%20de%20la%20Mujer%3A%20Gobernadora%20se%20compromete%20a%20avanzar%20en%20la%20conservaci%C3%B3n%20de%20residencia%20transitoria%20regional' aria-hidden='false' data-av_icon='\ue8f3' data-av_iconfont='entypo-fontello' title='' data-avia-related-tooltip='Compartir en Facebook' rel=\"noopener\"><span class='avia_hidden_link_text'>Compartir en Facebook<\/span><\/a><\/li><li class='av-share-link av-social-link-twitter' ><a target=\"_blank\" aria-label=\"Compartir en Twitter\" href='https:\/\/twitter.com\/share?text=Conmemoraci%C3%B3n%20D%C3%ADa%20Internacional%20de%20la%20Mujer%3A%20Gobernadora%20se%20compromete%20a%20avanzar%20en%20la%20conservaci%C3%B3n%20de%20residencia%20transitoria%20regional&#038;url=https:\/\/radiorevelacionfm.cl\/?p=40315' aria-hidden='false' data-av_icon='\ue8f1' data-av_iconfont='entypo-fontello' title='' data-avia-related-tooltip='Compartir en Twitter' rel=\"noopener\"><span class='avia_hidden_link_text'>Compartir en Twitter<\/span><\/a><\/li><li class='av-share-link av-social-link-whatsapp' ><a target=\"_blank\" aria-label=\"Compartir en Whatsapp\" href='https:\/\/api.whatsapp.com\/send?text=https:\/\/radiorevelacionfm.cl\/?p=40315' aria-hidden='false' data-av_icon='\uf232' data-av_iconfont='entypo-fontello' title='' data-avia-related-tooltip='Compartir en Whatsapp' rel=\"noopener\"><span class='avia_hidden_link_text'>Compartir en Whatsapp<\/span><\/a><\/li><li class='av-share-link av-social-link-linkedin' ><a target=\"_blank\" aria-label=\"Compartir en LinkedIn\" href='https:\/\/linkedin.com\/shareArticle?mini=true&#038;title=Conmemoraci%C3%B3n%20D%C3%ADa%20Internacional%20de%20la%20Mujer%3A%20Gobernadora%20se%20compromete%20a%20avanzar%20en%20la%20conservaci%C3%B3n%20de%20residencia%20transitoria%20regional&#038;url=https:\/\/radiorevelacionfm.cl\/?p=40315' aria-hidden='false' data-av_icon='\ue8fc' data-av_iconfont='entypo-fontello' title='' data-avia-related-tooltip='Compartir en LinkedIn' rel=\"noopener\"><span class='avia_hidden_link_text'>Compartir en LinkedIn<\/span><\/a><\/li><li class='av-share-link av-social-link-mail' ><a  aria-label=\"Compartir por correo\" href='mailto:?subject=Conmemoraci%C3%B3n%20D%C3%ADa%20Internacional%20de%20la%20Mujer%3A%20Gobernadora%20se%20compromete%20a%20avanzar%20en%20la%20conservaci%C3%B3n%20de%20residencia%20transitoria%20regional&#038;body=https:\/\/radiorevelacionfm.cl\/?p=40315' aria-hidden='false' data-av_icon='\ue805' data-av_iconfont='entypo-fontello' title='' data-avia-related-tooltip='Compartir por correo'><span class='avia_hidden_link_text'>Compartir por correo<\/span><\/a><\/li><\/ul><\/div><\/div>\n<div  style='height:50px' class='hr hr-invisible   avia-builder-el-8  el_after_av_social_share  el_before_av_comments_list '><span class='hr-inner ' ><span class='hr-inner-style'><\/span><\/span><\/div>\n<div  class='av-buildercomment  av-blog-meta-html-info-disabled av-blog-meta-tag-disabled  '><\/div>\n","protected":false},"excerpt":{"rendered":"","protected":false},"author":1,"featured_media":40316,"comment_status":"open","ping_status":"open","sticky":false,"template":"","format":"standard","meta":{"footnotes":""},"categories":[38],"tags":[],"class_list":["post-40315","post","type-post","status-publish","format-standard","has-post-thumbnail","hentry","category-regional"],"jetpack_featured_media_url":"https:\/\/radiorevelacionfm.cl\/wp-content\/uploads\/2024\/03\/8m-foto-2-1_optimized-1.jpeg","_links":{"self":[{"href":"https:\/\/radiorevelacionfm.cl\/index.php?rest_route=\/wp\/v2\/posts\/40315","targetHints":{"allow":["GET"]}}],"collection":[{"href":"https:\/\/radiorevelacionfm.cl\/index.php?rest_route=\/wp\/v2\/posts"}],"about":[{"href":"https:\/\/radiorevelacionfm.cl\/index.php?rest_route=\/wp\/v2\/types\/post"}],"author":[{"embeddable":true,"href":"https:\/\/radiorevelacionfm.cl\/index.php?rest_route=\/wp\/v2\/users\/1"}],"replies":[{"embeddable":true,"href":"https:\/\/radiorevelacionfm.cl\/index.php?rest_route=%2Fwp%2Fv2%2Fcomments&post=40315"}],"version-history":[{"count":1,"href":"https:\/\/radiorevelacionfm.cl\/index.php?rest_route=\/wp\/v2\/posts\/40315\/revisions"}],"predecessor-version":[{"id":40317,"href":"https:\/\/radiorevelacionfm.cl\/index.php?rest_route=\/wp\/v2\/posts\/40315\/revisions\/40317"}],"wp:featuredmedia":[{"embeddable":true,"href":"https:\/\/radiorevelacionfm.cl\/index.php?rest_route=\/wp\/v2\/media\/40316"}],"wp:attachment":[{"href":"https:\/\/radiorevelacionfm.cl\/index.php?rest_route=%2Fwp%2Fv2%2Fmedia&parent=40315"}],"wp:term":[{"taxonomy":"category","embeddable":true,"href":"https:\/\/radiorevelacionfm.cl\/index.php?rest_route=%2Fwp%2Fv2%2Fcategories&post=40315"},{"taxonomy":"post_tag","embeddable":true,"href":"https:\/\/radiorevelacionfm.cl\/index.php?rest_route=%2Fwp%2Fv2%2Ftags&post=40315"}],"curies":[{"name":"wp","href":"https:\/\/api.w.org\/{rel}","templated":true}]}}