{"id":40313,"date":"2024-03-13T20:03:23","date_gmt":"2024-03-13T23:03:23","guid":{"rendered":"https:\/\/radiorevelacionfm.cl\/?p=40313"},"modified":"2024-03-13T20:03:23","modified_gmt":"2024-03-13T23:03:23","slug":"seremi-de-educacion-iniciamos-acciones-para-asegurar-la-continuidad-de-estudios-a-alumnas-os-afectados-por-incendio-del-colegio-patagonia","status":"publish","type":"post","link":"https:\/\/radiorevelacionfm.cl\/?p=40313","title":{"rendered":"Seremi de Educaci\u00f3n: \u00abIniciamos acciones para asegurar la continuidad de estudios a alumnas\/os afectados por incendio del Colegio Patagonia\u00bb"},"content":{"rendered":"<div class=\"flex_column av_one_full  flex_column_div av-zero-column-padding first  avia-builder-el-0  el_before_av_one_full  avia-builder-el-first  \" style='border-radius:0px; '><div  class='avia-image-container  av-styling-    avia-builder-el-1  avia-builder-el-no-sibling  avia-align-center '  itemprop=\"image\" itemscope=\"itemscope\" itemtype=\"https:\/\/schema.org\/ImageObject\"  ><div class='avia-image-container-inner'><div class='avia-image-overlay-wrap'><img decoding=\"async\" class='wp-image-37631 avia-img-lazy-loading-not-37631 avia_image' src=\"https:\/\/radiorevelacionfm.cl\/wp-content\/uploads\/2023\/12\/Isabel-Garrido-3-1.jpg\" alt='' title='Isabel Garrido (3) (1)' height=\"690\" width=\"789\"  itemprop=\"thumbnailUrl\" srcset=\"https:\/\/radiorevelacionfm.cl\/wp-content\/uploads\/2023\/12\/Isabel-Garrido-3-1.jpg 789w, https:\/\/radiorevelacionfm.cl\/wp-content\/uploads\/2023\/12\/Isabel-Garrido-3-1-300x262.jpg 300w, https:\/\/radiorevelacionfm.cl\/wp-content\/uploads\/2023\/12\/Isabel-Garrido-3-1-768x672.jpg 768w, https:\/\/radiorevelacionfm.cl\/wp-content\/uploads\/2023\/12\/Isabel-Garrido-3-1-705x617.jpg 705w, https:\/\/radiorevelacionfm.cl\/wp-content\/uploads\/2023\/12\/Isabel-Garrido-3-1-450x394.jpg 450w, https:\/\/radiorevelacionfm.cl\/wp-content\/uploads\/2023\/12\/Isabel-Garrido-3-1-600x525.jpg 600w\" sizes=\"(max-width: 789px) 100vw, 789px\" \/><\/div><\/div><\/div><\/div><div class=\"flex_column av_one_full  flex_column_div av-zero-column-padding first  avia-builder-el-2  el_after_av_one_full  el_before_av_one_full  column-top-margin\" style='border-radius:0px; '><section class=\"av_textblock_section \"  itemscope=\"itemscope\" itemtype=\"https:\/\/schema.org\/BlogPosting\" itemprop=\"blogPost\" ><div class='avia_textblock  '   itemprop=\"text\" ><p style=\"text-align: center;\"><strong><span style=\"font-size: 18pt;\">Seremi de Educaci\u00f3n: \u00abIniciamos acciones para asegurar la continuidad de estudios a alumnas\/os afectados por incendio del Colegio Patagonia\u00bb<\/span><\/strong><\/p>\n<div id=\"gtx-trans\" style=\"position: absolute; left: -50px; top: 4.31534px;\">\n<div class=\"gtx-trans-icon\"><\/div>\n<\/div>\n<\/div><\/section><\/div><div class=\"flex_column av_one_full  flex_column_div av-zero-column-padding first  avia-builder-el-4  el_after_av_one_full  el_before_av_hr  column-top-margin\" style='border-radius:0px; '><section class=\"av_textblock_section \"  itemscope=\"itemscope\" itemtype=\"https:\/\/schema.org\/BlogPosting\" itemprop=\"blogPost\" ><div class='avia_textblock  '   itemprop=\"text\" ><p class=\"v1MsoNormal\" style=\"text-align: justify;\">En relaci\u00f3n al incendio que afect\u00f3 en la madrugada de hoy mi\u00e9rcoles 13 de Marzo al Colegio Particular Patagonia de la comuna de Coyhaique la Seremi de Educaci\u00f3n de Ays\u00e9n Isabel Garrido inform\u00f3 que tom\u00f3 contacto telef\u00f3nico con los propietarios del plantel a quienes expres\u00f3 su solidaridad frente al siniestro que los afecta como comunidad educativa: directivos, profesores, asistentes de la educaci\u00f3n, estudiantes, padres y apoderados.<\/p>\n<p class=\"v1MsoNormal\" style=\"text-align: justify;\">\u00abLe hemos expresado a los propietarios del Colegio Patagonia nuestro pesar por este incendio que los afect\u00f3 y que deja sin clases a m\u00e1s de 200 alumnos desde Nivel Medio Mayor Parvulario hasta 1\u00b0 A\u00f1o\u00a0 Medio y que tambi\u00e9n afecta a m\u00e1s de una treintena de personas, entre directivos, docentes y asistentes de educaci\u00f3n\u00bb.<\/p>\n<p class=\"v1MsoNormal\" style=\"text-align: justify;\">Isabel Garrido se\u00f1al\u00f3 que, por instrucci\u00f3n del Delegado Presidencial Regional Rodrigo Araya se han iniciado acciones desde la SECREDUC Ays\u00e9n para atender la situaci\u00f3n de continuidad de estudios de los estudiantes del establecimiento.<\/p>\n<p class=\"v1MsoNormal\" style=\"text-align: justify;\">\u00abHoy sostendremos una reuni\u00f3n con los directivos del Colegio Patagonia, encuentro en el tambi\u00e9n estar\u00e1n presentes el Alcalde de Coyhaique Carlos Gatica, el Director Ejecutivo del Servicio Local de Educaci\u00f3n P\u00fablica de Ays\u00e9n Sebasti\u00e1n Gonz\u00e1lez con el objetivo de explorar alternativas para la reubicaci\u00f3n temporal de las y los estudiantes del colegio en otros establecimientos de la comuna y as\u00ed asegurarles a ellos y sus familias la continuidad de estudios\u00bb, se\u00f1al\u00f3 la autoridad sectorial regional.<\/p>\n<\/div><\/section><\/div><div  style='height:50px' class='hr hr-invisible   avia-builder-el-6  el_after_av_one_full  el_before_av_social_share '><span class='hr-inner ' ><span class='hr-inner-style'><\/span><\/span><\/div><\/p>\n<div  class='av-social-sharing-box  avia-builder-el-7  el_after_av_hr  el_before_av_hr  '><div class='av-share-box'><h5 class='av-share-link-description av-no-toc '>Compartir esta noticia<\/h5><ul class='av-share-box-list noLightbox'><li class='av-share-link av-social-link-facebook' ><a target=\"_blank\" aria-label=\"Compartir en Facebook\" href='https:\/\/www.facebook.com\/sharer.php?u=https:\/\/radiorevelacionfm.cl\/?p=40313&#038;t=Seremi%20de%20Educaci%C3%B3n%3A%20%C2%ABIniciamos%20acciones%20para%20asegurar%20la%20continuidad%20de%20estudios%20a%20alumnas%2Fos%20afectados%20por%20incendio%20del%20Colegio%20Patagonia%C2%BB' aria-hidden='false' data-av_icon='\ue8f3' data-av_iconfont='entypo-fontello' title='' data-avia-related-tooltip='Compartir en Facebook' rel=\"noopener\"><span class='avia_hidden_link_text'>Compartir en Facebook<\/span><\/a><\/li><li class='av-share-link av-social-link-twitter' ><a target=\"_blank\" aria-label=\"Compartir en Twitter\" href='https:\/\/twitter.com\/share?text=Seremi%20de%20Educaci%C3%B3n%3A%20%C2%ABIniciamos%20acciones%20para%20asegurar%20la%20continuidad%20de%20estudios%20a%20alumnas%2Fos%20afectados%20por%20incendio%20del%20Colegio%20Patagonia%C2%BB&#038;url=https:\/\/radiorevelacionfm.cl\/?p=40313' aria-hidden='false' data-av_icon='\ue8f1' data-av_iconfont='entypo-fontello' title='' data-avia-related-tooltip='Compartir en Twitter' rel=\"noopener\"><span class='avia_hidden_link_text'>Compartir en Twitter<\/span><\/a><\/li><li class='av-share-link av-social-link-whatsapp' ><a target=\"_blank\" aria-label=\"Compartir en Whatsapp\" href='https:\/\/api.whatsapp.com\/send?text=https:\/\/radiorevelacionfm.cl\/?p=40313' aria-hidden='false' data-av_icon='\uf232' data-av_iconfont='entypo-fontello' title='' data-avia-related-tooltip='Compartir en Whatsapp' rel=\"noopener\"><span class='avia_hidden_link_text'>Compartir en Whatsapp<\/span><\/a><\/li><li class='av-share-link av-social-link-linkedin' ><a target=\"_blank\" aria-label=\"Compartir en LinkedIn\" href='https:\/\/linkedin.com\/shareArticle?mini=true&#038;title=Seremi%20de%20Educaci%C3%B3n%3A%20%C2%ABIniciamos%20acciones%20para%20asegurar%20la%20continuidad%20de%20estudios%20a%20alumnas%2Fos%20afectados%20por%20incendio%20del%20Colegio%20Patagonia%C2%BB&#038;url=https:\/\/radiorevelacionfm.cl\/?p=40313' aria-hidden='false' data-av_icon='\ue8fc' data-av_iconfont='entypo-fontello' title='' data-avia-related-tooltip='Compartir en LinkedIn' rel=\"noopener\"><span class='avia_hidden_link_text'>Compartir en LinkedIn<\/span><\/a><\/li><li class='av-share-link av-social-link-mail' ><a  aria-label=\"Compartir por correo\" href='mailto:?subject=Seremi%20de%20Educaci%C3%B3n%3A%20%C2%ABIniciamos%20acciones%20para%20asegurar%20la%20continuidad%20de%20estudios%20a%20alumnas%2Fos%20afectados%20por%20incendio%20del%20Colegio%20Patagonia%C2%BB&#038;body=https:\/\/radiorevelacionfm.cl\/?p=40313' aria-hidden='false' data-av_icon='\ue805' data-av_iconfont='entypo-fontello' title='' data-avia-related-tooltip='Compartir por correo'><span class='avia_hidden_link_text'>Compartir por correo<\/span><\/a><\/li><\/ul><\/div><\/div>\n<div  style='height:50px' class='hr hr-invisible   avia-builder-el-8  el_after_av_social_share  el_before_av_comments_list '><span class='hr-inner ' ><span class='hr-inner-style'><\/span><\/span><\/div>\n<div  class='av-buildercomment  av-blog-meta-html-info-disabled av-blog-meta-tag-disabled  '><\/div>\n","protected":false},"excerpt":{"rendered":"","protected":false},"author":1,"featured_media":37631,"comment_status":"open","ping_status":"open","sticky":false,"template":"","format":"standard","meta":{"footnotes":""},"categories":[49],"tags":[],"class_list":["post-40313","post","type-post","status-publish","format-standard","has-post-thumbnail","hentry","category-educacion"],"jetpack_featured_media_url":"https:\/\/radiorevelacionfm.cl\/wp-content\/uploads\/2023\/12\/Isabel-Garrido-3-1.jpg","_links":{"self":[{"href":"https:\/\/radiorevelacionfm.cl\/index.php?rest_route=\/wp\/v2\/posts\/40313","targetHints":{"allow":["GET"]}}],"collection":[{"href":"https:\/\/radiorevelacionfm.cl\/index.php?rest_route=\/wp\/v2\/posts"}],"about":[{"href":"https:\/\/radiorevelacionfm.cl\/index.php?rest_route=\/wp\/v2\/types\/post"}],"author":[{"embeddable":true,"href":"https:\/\/radiorevelacionfm.cl\/index.php?rest_route=\/wp\/v2\/users\/1"}],"replies":[{"embeddable":true,"href":"https:\/\/radiorevelacionfm.cl\/index.php?rest_route=%2Fwp%2Fv2%2Fcomments&post=40313"}],"version-history":[{"count":1,"href":"https:\/\/radiorevelacionfm.cl\/index.php?rest_route=\/wp\/v2\/posts\/40313\/revisions"}],"predecessor-version":[{"id":40314,"href":"https:\/\/radiorevelacionfm.cl\/index.php?rest_route=\/wp\/v2\/posts\/40313\/revisions\/40314"}],"wp:featuredmedia":[{"embeddable":true,"href":"https:\/\/radiorevelacionfm.cl\/index.php?rest_route=\/wp\/v2\/media\/37631"}],"wp:attachment":[{"href":"https:\/\/radiorevelacionfm.cl\/index.php?rest_route=%2Fwp%2Fv2%2Fmedia&parent=40313"}],"wp:term":[{"taxonomy":"category","embeddable":true,"href":"https:\/\/radiorevelacionfm.cl\/index.php?rest_route=%2Fwp%2Fv2%2Fcategories&post=40313"},{"taxonomy":"post_tag","embeddable":true,"href":"https:\/\/radiorevelacionfm.cl\/index.php?rest_route=%2Fwp%2Fv2%2Ftags&post=40313"}],"curies":[{"name":"wp","href":"https:\/\/api.w.org\/{rel}","templated":true}]}}