{"id":40310,"date":"2024-03-13T12:32:10","date_gmt":"2024-03-13T15:32:10","guid":{"rendered":"https:\/\/radiorevelacionfm.cl\/?p=40310"},"modified":"2024-03-13T12:32:10","modified_gmt":"2024-03-13T15:32:10","slug":"cochrane-tendra-el-primer-centro-de-elaboracion-almacenamiento-y-acopio-de-lena","status":"publish","type":"post","link":"https:\/\/radiorevelacionfm.cl\/?p=40310","title":{"rendered":"Cochrane tendr\u00e1 el primer Centro de elaboraci\u00f3n, almacenamiento y acopio de Le\u00f1a"},"content":{"rendered":"<div class=\"flex_column av_one_full  flex_column_div av-zero-column-padding first  avia-builder-el-0  el_before_av_one_full  avia-builder-el-first  \" style='border-radius:0px; '><div  class='avia-image-container  av-styling-    avia-builder-el-1  avia-builder-el-no-sibling  avia-align-center '  itemprop=\"image\" itemscope=\"itemscope\" itemtype=\"https:\/\/schema.org\/ImageObject\"  ><div class='avia-image-container-inner'><div class='avia-image-overlay-wrap'><img decoding=\"async\" class='wp-image-40311 avia-img-lazy-loading-not-40311 avia_image' src=\"https:\/\/radiorevelacionfm.cl\/wp-content\/uploads\/2024\/03\/5-5-1-1.jpeg\" alt='' title='5 (5) (1) (1)' height=\"600\" width=\"1067\"  itemprop=\"thumbnailUrl\" srcset=\"https:\/\/radiorevelacionfm.cl\/wp-content\/uploads\/2024\/03\/5-5-1-1.jpeg 1067w, https:\/\/radiorevelacionfm.cl\/wp-content\/uploads\/2024\/03\/5-5-1-1-300x169.jpeg 300w, https:\/\/radiorevelacionfm.cl\/wp-content\/uploads\/2024\/03\/5-5-1-1-1030x579.jpeg 1030w, https:\/\/radiorevelacionfm.cl\/wp-content\/uploads\/2024\/03\/5-5-1-1-768x432.jpeg 768w, https:\/\/radiorevelacionfm.cl\/wp-content\/uploads\/2024\/03\/5-5-1-1-705x396.jpeg 705w, https:\/\/radiorevelacionfm.cl\/wp-content\/uploads\/2024\/03\/5-5-1-1-450x253.jpeg 450w, https:\/\/radiorevelacionfm.cl\/wp-content\/uploads\/2024\/03\/5-5-1-1-600x337.jpeg 600w\" sizes=\"(max-width: 1067px) 100vw, 1067px\" \/><\/div><\/div><\/div><\/div><div class=\"flex_column av_one_full  flex_column_div av-zero-column-padding first  avia-builder-el-2  el_after_av_one_full  el_before_av_one_full  column-top-margin\" style='border-radius:0px; '><section class=\"av_textblock_section \"  itemscope=\"itemscope\" itemtype=\"https:\/\/schema.org\/BlogPosting\" itemprop=\"blogPost\" ><div class='avia_textblock  '   itemprop=\"text\" ><p style=\"text-align: center;\"><strong><span style=\"font-size: 18pt;\">Cochrane tendr\u00e1 el primer Centro de elaboraci\u00f3n, almacenamiento y acopio de Le\u00f1a<\/span><\/strong><\/p>\n<div id=\"gtx-trans\" style=\"position: absolute; left: -50px; top: 4.31534px;\">\n<div class=\"gtx-trans-icon\"><\/div>\n<\/div>\n<\/div><\/section><\/div><div class=\"flex_column av_one_full  flex_column_div av-zero-column-padding first  avia-builder-el-4  el_after_av_one_full  el_before_av_hr  column-top-margin\" style='border-radius:0px; '><section class=\"av_textblock_section \"  itemscope=\"itemscope\" itemtype=\"https:\/\/schema.org\/BlogPosting\" itemprop=\"blogPost\" ><div class='avia_textblock  '   itemprop=\"text\" ><p style=\"text-align: justify;\"><i>Proyecto liderado por INFOR, Sede Patagonia, se emplazar\u00e1 en dependencias de la Asociaci\u00f3n Gremial de Peque\u00f1os Agricultores y campesinos del Baker.<\/i><\/p>\n<p style=\"text-align: justify;\">En el contexto del programa \u00abTransferencia, Desarrollo Productivo para el sector Silv\u00edcola de la Provincia de Capit\u00e1n Prat\u00bb, ejecutado por el Instituto Forestal (INFOR) del Ministerio de Agricultura, se dar\u00e1 el vamos a la construcci\u00f3n del primer Centro de Elaboraci\u00f3n, Almacenamiento y Acopio de Madera (CEAM) con una inversi\u00f3n de $84 millones a trav\u00e9s del FNDR del Gobierno Regional.<\/p>\n<p style=\"text-align: justify;\">El proyecto contempla la implementaci\u00f3n de una planta de procesos con una capacidad de almacenaje de 576 metros cuadrados de le\u00f1a, considerando una altura de acopio de 4 metros, en tanto, dentro del inmueble se proyecta albergar herramientas de trabajo, la realizaci\u00f3n de talleres y capacitaciones en torno, muebler\u00eda y otras pr\u00e1cticas afines al rubro maderero.<\/p>\n<p style=\"text-align: justify;\">El seremi de Agricultura, Eugenio Ruiz, valor\u00f3 la creaci\u00f3n del CEAM al recordar que \u00abhoy d\u00eda la Regi\u00f3n, y principalmente la Provincia de Capit\u00e1n Prat, no cuenta con un lugar donde se elaboren productos madereros, siempre se traen de afuera\u00bb. En ese sentido, valor\u00f3 la iniciativa que contempla el uso de madera nativa que muchas veces est\u00e1 subutilizada y agreg\u00f3: \u00abse est\u00e1 sacando un valor agregado, beneficiando as\u00ed a todos los usuarios.\u00bb<\/p>\n<p style=\"text-align: justify;\">Por su parte, Andrea Mac\u00edas Palma, gobernadora regional destac\u00f3 la importancia de financiar iniciativas destinadas al desarrollo del rubro maderero y dendroenerg\u00e9tico en la Regi\u00f3n. \u00abPara el Gobierno Regional de Ays\u00e9n y su consejo ha sido tremendamente significativo ver el resultado del Programa que estamos trabajando de manera conjunta con el Instituto Forestal\u00bb, sostuvo.<\/p>\n<p style=\"text-align: justify;\">La autoridad celebr\u00f3 que Cochrane cuente con el CEAM destacando el aporte a la comunidad en un tema tan significativo como es la contaminaci\u00f3n ambiental y la capacidad de manejar adecuadamente los productos forestales. Mac\u00edas agreg\u00f3 que \u00abtambi\u00e9n es significativa la experiencia que han tenido los propios usuarios con quienes hemos estado en terreno conversando sobre la forma de utilizar e incorporar nueva tecnolog\u00eda que permita aumentar los vol\u00famenes de le\u00f1a, en este caso para los productores locales\u00bb.<\/p>\n<p style=\"text-align: justify;\">Finalmente, el gerente INFOR sede Patagonia, Jaime Salinas, destac\u00f3 que con la construcci\u00f3n del CEAM \u00abestamos cumpliendo un compromiso con los productores forestales de Cochrane, lo que mejorar\u00e1 la calidad de vida de cientos de productores de la comuna a trav\u00e9s de la incorporaci\u00f3n de nuevos productos a transferencia de INFOR, lo que es muy importante para elaborar esta nueva l\u00ednea de productos en esta comuna\u00bb.<\/p>\n<\/div><\/section><\/div><div  style='height:50px' class='hr hr-invisible   avia-builder-el-6  el_after_av_one_full  el_before_av_social_share '><span class='hr-inner ' ><span class='hr-inner-style'><\/span><\/span><\/div><\/p>\n<div  class='av-social-sharing-box  avia-builder-el-7  el_after_av_hr  el_before_av_hr  '><div class='av-share-box'><h5 class='av-share-link-description av-no-toc '>Compartir esta noticia<\/h5><ul class='av-share-box-list noLightbox'><li class='av-share-link av-social-link-facebook' ><a target=\"_blank\" aria-label=\"Compartir en Facebook\" href='https:\/\/www.facebook.com\/sharer.php?u=https:\/\/radiorevelacionfm.cl\/?p=40310&#038;t=Cochrane%20tendr%C3%A1%20el%20primer%20Centro%20de%20elaboraci%C3%B3n%2C%20almacenamiento%20y%20acopio%20de%20Le%C3%B1a' aria-hidden='false' data-av_icon='\ue8f3' data-av_iconfont='entypo-fontello' title='' data-avia-related-tooltip='Compartir en Facebook' rel=\"noopener\"><span class='avia_hidden_link_text'>Compartir en Facebook<\/span><\/a><\/li><li class='av-share-link av-social-link-twitter' ><a target=\"_blank\" aria-label=\"Compartir en Twitter\" href='https:\/\/twitter.com\/share?text=Cochrane%20tendr%C3%A1%20el%20primer%20Centro%20de%20elaboraci%C3%B3n%2C%20almacenamiento%20y%20acopio%20de%20Le%C3%B1a&#038;url=https:\/\/radiorevelacionfm.cl\/?p=40310' aria-hidden='false' data-av_icon='\ue8f1' data-av_iconfont='entypo-fontello' title='' data-avia-related-tooltip='Compartir en Twitter' rel=\"noopener\"><span class='avia_hidden_link_text'>Compartir en Twitter<\/span><\/a><\/li><li class='av-share-link av-social-link-whatsapp' ><a target=\"_blank\" aria-label=\"Compartir en Whatsapp\" href='https:\/\/api.whatsapp.com\/send?text=https:\/\/radiorevelacionfm.cl\/?p=40310' aria-hidden='false' data-av_icon='\uf232' data-av_iconfont='entypo-fontello' title='' data-avia-related-tooltip='Compartir en Whatsapp' rel=\"noopener\"><span class='avia_hidden_link_text'>Compartir en Whatsapp<\/span><\/a><\/li><li class='av-share-link av-social-link-linkedin' ><a target=\"_blank\" aria-label=\"Compartir en LinkedIn\" href='https:\/\/linkedin.com\/shareArticle?mini=true&#038;title=Cochrane%20tendr%C3%A1%20el%20primer%20Centro%20de%20elaboraci%C3%B3n%2C%20almacenamiento%20y%20acopio%20de%20Le%C3%B1a&#038;url=https:\/\/radiorevelacionfm.cl\/?p=40310' aria-hidden='false' data-av_icon='\ue8fc' data-av_iconfont='entypo-fontello' title='' data-avia-related-tooltip='Compartir en LinkedIn' rel=\"noopener\"><span class='avia_hidden_link_text'>Compartir en LinkedIn<\/span><\/a><\/li><li class='av-share-link av-social-link-mail' ><a  aria-label=\"Compartir por correo\" href='mailto:?subject=Cochrane%20tendr%C3%A1%20el%20primer%20Centro%20de%20elaboraci%C3%B3n%2C%20almacenamiento%20y%20acopio%20de%20Le%C3%B1a&#038;body=https:\/\/radiorevelacionfm.cl\/?p=40310' aria-hidden='false' data-av_icon='\ue805' data-av_iconfont='entypo-fontello' title='' data-avia-related-tooltip='Compartir por correo'><span class='avia_hidden_link_text'>Compartir por correo<\/span><\/a><\/li><\/ul><\/div><\/div>\n<div  style='height:50px' class='hr hr-invisible   avia-builder-el-8  el_after_av_social_share  el_before_av_comments_list '><span class='hr-inner ' ><span class='hr-inner-style'><\/span><\/span><\/div>\n<div  class='av-buildercomment  av-blog-meta-html-info-disabled av-blog-meta-tag-disabled  '><\/div>\n","protected":false},"excerpt":{"rendered":"","protected":false},"author":1,"featured_media":40311,"comment_status":"open","ping_status":"open","sticky":false,"template":"","format":"standard","meta":{"footnotes":""},"categories":[38],"tags":[],"class_list":["post-40310","post","type-post","status-publish","format-standard","has-post-thumbnail","hentry","category-regional"],"jetpack_featured_media_url":"https:\/\/radiorevelacionfm.cl\/wp-content\/uploads\/2024\/03\/5-5-1-1.jpeg","_links":{"self":[{"href":"https:\/\/radiorevelacionfm.cl\/index.php?rest_route=\/wp\/v2\/posts\/40310","targetHints":{"allow":["GET"]}}],"collection":[{"href":"https:\/\/radiorevelacionfm.cl\/index.php?rest_route=\/wp\/v2\/posts"}],"about":[{"href":"https:\/\/radiorevelacionfm.cl\/index.php?rest_route=\/wp\/v2\/types\/post"}],"author":[{"embeddable":true,"href":"https:\/\/radiorevelacionfm.cl\/index.php?rest_route=\/wp\/v2\/users\/1"}],"replies":[{"embeddable":true,"href":"https:\/\/radiorevelacionfm.cl\/index.php?rest_route=%2Fwp%2Fv2%2Fcomments&post=40310"}],"version-history":[{"count":1,"href":"https:\/\/radiorevelacionfm.cl\/index.php?rest_route=\/wp\/v2\/posts\/40310\/revisions"}],"predecessor-version":[{"id":40312,"href":"https:\/\/radiorevelacionfm.cl\/index.php?rest_route=\/wp\/v2\/posts\/40310\/revisions\/40312"}],"wp:featuredmedia":[{"embeddable":true,"href":"https:\/\/radiorevelacionfm.cl\/index.php?rest_route=\/wp\/v2\/media\/40311"}],"wp:attachment":[{"href":"https:\/\/radiorevelacionfm.cl\/index.php?rest_route=%2Fwp%2Fv2%2Fmedia&parent=40310"}],"wp:term":[{"taxonomy":"category","embeddable":true,"href":"https:\/\/radiorevelacionfm.cl\/index.php?rest_route=%2Fwp%2Fv2%2Fcategories&post=40310"},{"taxonomy":"post_tag","embeddable":true,"href":"https:\/\/radiorevelacionfm.cl\/index.php?rest_route=%2Fwp%2Fv2%2Ftags&post=40310"}],"curies":[{"name":"wp","href":"https:\/\/api.w.org\/{rel}","templated":true}]}}