{"id":40307,"date":"2024-03-13T15:03:28","date_gmt":"2024-03-13T18:03:28","guid":{"rendered":"https:\/\/radiorevelacionfm.cl\/?p=40307"},"modified":"2024-03-13T15:03:28","modified_gmt":"2024-03-13T18:03:28","slug":"con-gran-participacion-se-realizo-en-la-region-encuentro-ciudadano-por-mejores-pensiones-encabezado-por-la-ministra-jeannette-jara","status":"publish","type":"post","link":"https:\/\/radiorevelacionfm.cl\/?p=40307","title":{"rendered":"Con gran participaci\u00f3n se realiz\u00f3 en la regi\u00f3n encuentro ciudadano por mejores pensiones encabezado por la Ministra Jeannette Jara"},"content":{"rendered":"<div class=\"flex_column av_one_full  flex_column_div av-zero-column-padding first  avia-builder-el-0  el_before_av_one_full  avia-builder-el-first  \" style='border-radius:0px; '><div  class='avia-image-container  av-styling-    avia-builder-el-1  avia-builder-el-no-sibling  avia-align-center '  itemprop=\"image\" itemscope=\"itemscope\" itemtype=\"https:\/\/schema.org\/ImageObject\"  ><div class='avia-image-container-inner'><div class='avia-image-overlay-wrap'><img decoding=\"async\" class='wp-image-40308 avia-img-lazy-loading-not-40308 avia_image' src=\"https:\/\/radiorevelacionfm.cl\/wp-content\/uploads\/2024\/03\/110324-aysen-mejores-pensiones_3-1_optimized.jpeg\" alt='' title='110324-ays\u00e9n,-mejores-pensiones_3-(1)_optimized' height=\"600\" width=\"800\"  itemprop=\"thumbnailUrl\" srcset=\"https:\/\/radiorevelacionfm.cl\/wp-content\/uploads\/2024\/03\/110324-aysen-mejores-pensiones_3-1_optimized.jpeg 800w, https:\/\/radiorevelacionfm.cl\/wp-content\/uploads\/2024\/03\/110324-aysen-mejores-pensiones_3-1_optimized-300x225.jpeg 300w, https:\/\/radiorevelacionfm.cl\/wp-content\/uploads\/2024\/03\/110324-aysen-mejores-pensiones_3-1_optimized-768x576.jpeg 768w, https:\/\/radiorevelacionfm.cl\/wp-content\/uploads\/2024\/03\/110324-aysen-mejores-pensiones_3-1_optimized-705x529.jpeg 705w, https:\/\/radiorevelacionfm.cl\/wp-content\/uploads\/2024\/03\/110324-aysen-mejores-pensiones_3-1_optimized-450x338.jpeg 450w, https:\/\/radiorevelacionfm.cl\/wp-content\/uploads\/2024\/03\/110324-aysen-mejores-pensiones_3-1_optimized-600x450.jpeg 600w\" sizes=\"(max-width: 800px) 100vw, 800px\" \/><\/div><\/div><\/div><\/div>\n<div class=\"flex_column av_one_full  flex_column_div av-zero-column-padding first  avia-builder-el-2  el_after_av_one_full  el_before_av_one_full  column-top-margin\" style='border-radius:0px; '><section class=\"av_textblock_section \"  itemscope=\"itemscope\" itemtype=\"https:\/\/schema.org\/BlogPosting\" itemprop=\"blogPost\" ><div class='avia_textblock  '   itemprop=\"text\" ><p style=\"text-align: center;\" align=\"center\"><strong><span style=\"font-size: 18pt;\">Con gran participaci\u00f3n se realiz\u00f3 en la regi\u00f3n encuentro ciudadano por mejores pensiones encabezado por la Ministra Jeannette Jara<\/span><\/strong><\/p>\n<p class=\"v1gmail-xmsonormal\" align=\"center\"><b>\u00a0<\/b><\/p>\n<div id=\"gtx-trans\" style=\"position: absolute; left: -50px; top: 4.31534px;\">\n<div class=\"gtx-trans-icon\"><\/div>\n<\/div>\n<\/div><\/section><\/div><div class=\"flex_column av_one_full  flex_column_div av-zero-column-padding first  avia-builder-el-4  el_after_av_one_full  el_before_av_hr  column-top-margin\" style='border-radius:0px; '><section class=\"av_textblock_section \"  itemscope=\"itemscope\" itemtype=\"https:\/\/schema.org\/BlogPosting\" itemprop=\"blogPost\" ><div class='avia_textblock  '   itemprop=\"text\" ><p class=\"v1MsoNormal\" style=\"text-align: justify;\">En una masiva actividad que cont\u00f3 con la participaci\u00f3n de m\u00e1s de un centenar de vecinos y vecinas de la Regi\u00f3n de Ays\u00e9n, la Ministra del Trabajo y Previsi\u00f3n Social, Jeannette Jara Rom\u00e1n, encabez\u00f3 el \u00abEncuentro Ciudadano Mejores Pensiones para Chile\u00bb, di\u00e1logo llevado a cabo en Coyhaique, en el marco del despliegue del Gobierno por los dos a\u00f1os de mandato del Presidente Gabriel Boric.<\/p>\n<p class=\"v1MsoNormal\" style=\"text-align: justify;\">Sobre la iniciativa, la secretaria de Estado coment\u00f3, \u00abEn la biblioteca regional realizamos una actividad muy interesante enmarcada en dar a conocer a la ciudadan\u00eda la Reforma Previsional, porque hay muchas fake news, porque hay cierta confusi\u00f3n y porque tambi\u00e9n hay personas que colocan temas que no son necesariamente realidad en la discusi\u00f3n. El Presidente Boric dispuso que todos sus ministros este 11 de marzo estuvi\u00e9ramos en terreno junto a las comunidades explicando la reforma previsional. Por eso, desde Coyhaique y junto a m\u00e1s de 100 personas, hemos podido dar importantes pasos para aclarar las dudas y para plantear c\u00f3mo podemos subir pensiones ahora y no en 20 a\u00f1os m\u00e1s. Mejores pensiones para Chile es una necesidad y hay que atenderla urgentemente\u00bb, explic\u00f3 Jeannette Jara.<\/p>\n<p class=\"v1MsoNormal\" style=\"text-align: justify;\">En este mismo sentido, el delegado presidencial regional, Rodrigo Araya Morales, afirm\u00f3, \u00abAcabamos de terminar este encuentro ciudadano, con una alta concurrencia de p\u00fablico de distintas edades: personas activas, personas pensionadas, dirigentes, representante de gremios y donde pudimos conocer de primera fuente de palabras de la misma Ministra del Trabajo, Jeannette Jara, hizo una presentaci\u00f3n con respecto a cu\u00e1les son los puntos importantes y por qu\u00e9 se necesita una Reforma de Pensiones en Chile ahora y porqu\u00e9 este tema tiene que resolverse en el Parlamento con un criterio de Estado y de urgencia, que es una reforma que implica mejoras de pensiones, no solamente a futuro, sino que tambi\u00e9n tiene que responder necesidad de los pensionados actuales\u00bb.<\/p>\n<p class=\"v1MsoNormal\" style=\"text-align: justify;\">La autoridad regional agreg\u00f3, \u00abHubo espacio para preguntas y, un espacio para participaci\u00f3n. Fue tremendamente clarificador y muy precisa en establecer justamente la importancia que tiene esto y c\u00f3mo entre el Estado, el trabajador y el empleador tienen que colaborar en esta gran Reforma de Pensiones que necesita Chile, sin lugar a duda\u00bb, recalc\u00f3 el delegado Rodrigo Araya.<\/p>\n<p class=\"v1MsoNormal\" style=\"text-align: justify;\">Una de las asistentes fue Teresa Ojeda Ru\u00edz, presidenta del Taller de Personas Mayores \u00abCruz del Sur\u00bb, quien agradeci\u00f3 la instancia, \u00abPara m\u00ed fue educativa porque fue con palabras muy sencillas, donde pudimos conocer algunas cosas que no las ten\u00edamos claras. Ella nos dej\u00f3 bien clarito todo, c\u00f3mo va a ser la reforma previsional, si es que se aprueba\u00bb.<\/p>\n<p class=\"v1gmail-xmsonormal\" style=\"text-align: justify;\">Otra de las participantes fue la dirigenta del Sindicato de Estibadores de Puerto Ays\u00e9n y Puerto Chacabuco, Luz Figueroa, \u00abQued\u00e9 conforme, me gust\u00f3, vamos a tratar de difundir la informaci\u00f3n otorgada por la ministra. Interesant\u00edsimo, nos pareci\u00f3 importante\u00bb, puntualiz\u00f3.<\/p>\n<p class=\"v1MsoNormal\" style=\"text-align: justify;\"><b><u>Mejores pensiones y protecci\u00f3n social<\/u><\/b><u><\/u><\/p>\n<p class=\"v1MsoNormal\" style=\"text-align: justify;\">En la ocasi\u00f3n, la ministra Jara destac\u00f3 que la reforma previsional busca mejorar las pensiones actuales y futuras, a trav\u00e9s de la creaci\u00f3n de un Seguro Social que se financiar\u00e1 con tres puntos porcentuales de la nueva cotizaci\u00f3n de 6%, que ser\u00e1 de cargo del empleador. Adem\u00e1s, indic\u00f3 que la propuesta del Gobierno fortalece el ahorro personal, busca separar las funciones de la industria previsional y universalizar la PGU, adem\u00e1s de aumentarla a $250.000.<\/p>\n<p class=\"v1MsoNormal\" style=\"text-align: justify;\">Respecto de la tramitaci\u00f3n del proyecto, se\u00f1al\u00f3 que \u00abva a depender mucho de los parlamentarios que las regiones eligieron porque, en definitiva, los gobiernos proponen, pero el Parlamento es el que vota las leyes y en este Parlamento el pueblo de Chile eligi\u00f3 uno que no es mayoritariamente del oficialismo. Para eso, la voluntad que expresan muchos actores de la oposici\u00f3n, de que quieren que las pensiones mejoren, se tiene que traducir en hechos concretos, que son votos a favor de una reforma previsional\u00bb.<\/p>\n<p class=\"v1MsoNormal\" style=\"text-align: justify;\">Junto a ello, la ministra record\u00f3 algunos avances que se han logrado en materia previsional durante estos dos a\u00f1os, como como la ampliaci\u00f3n de la cantidad de beneficiarios\/as de la Pensi\u00f3n Garantizada Universal (PGU), a trav\u00e9s de la Ley Corta de la PGU, con la cual se consigui\u00f3 pasar del 90% m\u00e1s vulnerable de la poblaci\u00f3n mayor de 65 a\u00f1os al 90% m\u00e1s vulnerable de la poblaci\u00f3n total. Con este cambio, despachado en enero de 2023, se benefici\u00f3 a cerca de 70.000 adultos mayores a nivel nacional y a m\u00e1s de 350 en la Regi\u00f3n de Ays\u00e9n, quienes inicialmente no calificaban para el beneficio.<\/p>\n<p class=\"v1MsoNormal\" style=\"text-align: justify;\">Adem\u00e1s, la titular de trabajo record\u00f3 que est\u00e1 en curso el pago del Aporte Familiar Permanente (ex Bono Marzo), cuyo monto este a\u00f1o es de $61.793 por carga familiar o familia, seg\u00fan el tipo de beneficiario, entreg\u00e1ndose por parte del Instituto de Previsi\u00f3n Social, IPS, ya dos de las tres n\u00f3minas, siendo ya beneficiadas en la Regi\u00f3n de Ays\u00e9n 8.064 familias, con una inversi\u00f3n $1.145.271.462.<\/p>\n<p class=\"v1MsoNormal\" style=\"text-align: justify;\">Cabe mencionar que el encuentro por Mejores Pensiones fue organizado de forma conjunta por la Delegaci\u00f3n Presidencial Regional y los Seremis de Trabajo y Previsi\u00f3n Social, Rodrigo D\u00edaz, de Gobierno, Tatiana Pl\u00e1 y de Desarrollo Social y Familia, Karina Acevedo, quienes estar\u00e1n realizando este tipo de instancias ciudadanas peri\u00f3dicamente con el prop\u00f3sito de mantener informada a la comunidad sobre beneficios y avances en temas legislativos, tanto en Coyhaique como en otras comunas y localidades de la regi\u00f3n.<\/p>\n<\/div><\/section><\/div><\/p>\n<div  style='height:50px' class='hr hr-invisible   avia-builder-el-6  el_after_av_one_full  el_before_av_social_share '><span class='hr-inner ' ><span class='hr-inner-style'><\/span><\/span><\/div>\n<div  class='av-social-sharing-box  avia-builder-el-7  el_after_av_hr  el_before_av_hr  '><div class='av-share-box'><h5 class='av-share-link-description av-no-toc '>Compartir esta noticia<\/h5><ul class='av-share-box-list noLightbox'><li class='av-share-link av-social-link-facebook' ><a target=\"_blank\" aria-label=\"Compartir en Facebook\" href='https:\/\/www.facebook.com\/sharer.php?u=https:\/\/radiorevelacionfm.cl\/?p=40307&#038;t=Con%20gran%20participaci%C3%B3n%20se%20realiz%C3%B3%20en%20la%20regi%C3%B3n%20encuentro%20ciudadano%20por%20mejores%20pensiones%20encabezado%20por%20la%20Ministra%20Jeannette%20Jara' aria-hidden='false' data-av_icon='\ue8f3' data-av_iconfont='entypo-fontello' title='' data-avia-related-tooltip='Compartir en Facebook' rel=\"noopener\"><span class='avia_hidden_link_text'>Compartir en Facebook<\/span><\/a><\/li><li class='av-share-link av-social-link-twitter' ><a target=\"_blank\" aria-label=\"Compartir en Twitter\" href='https:\/\/twitter.com\/share?text=Con%20gran%20participaci%C3%B3n%20se%20realiz%C3%B3%20en%20la%20regi%C3%B3n%20encuentro%20ciudadano%20por%20mejores%20pensiones%20encabezado%20por%20la%20Ministra%20Jeannette%20Jara&#038;url=https:\/\/radiorevelacionfm.cl\/?p=40307' aria-hidden='false' data-av_icon='\ue8f1' data-av_iconfont='entypo-fontello' title='' data-avia-related-tooltip='Compartir en Twitter' rel=\"noopener\"><span class='avia_hidden_link_text'>Compartir en Twitter<\/span><\/a><\/li><li class='av-share-link av-social-link-whatsapp' ><a target=\"_blank\" aria-label=\"Compartir en Whatsapp\" href='https:\/\/api.whatsapp.com\/send?text=https:\/\/radiorevelacionfm.cl\/?p=40307' aria-hidden='false' data-av_icon='\uf232' data-av_iconfont='entypo-fontello' title='' data-avia-related-tooltip='Compartir en Whatsapp' rel=\"noopener\"><span class='avia_hidden_link_text'>Compartir en Whatsapp<\/span><\/a><\/li><li class='av-share-link av-social-link-linkedin' ><a target=\"_blank\" aria-label=\"Compartir en LinkedIn\" href='https:\/\/linkedin.com\/shareArticle?mini=true&#038;title=Con%20gran%20participaci%C3%B3n%20se%20realiz%C3%B3%20en%20la%20regi%C3%B3n%20encuentro%20ciudadano%20por%20mejores%20pensiones%20encabezado%20por%20la%20Ministra%20Jeannette%20Jara&#038;url=https:\/\/radiorevelacionfm.cl\/?p=40307' aria-hidden='false' data-av_icon='\ue8fc' data-av_iconfont='entypo-fontello' title='' data-avia-related-tooltip='Compartir en LinkedIn' rel=\"noopener\"><span class='avia_hidden_link_text'>Compartir en LinkedIn<\/span><\/a><\/li><li class='av-share-link av-social-link-mail' ><a  aria-label=\"Compartir por correo\" href='mailto:?subject=Con%20gran%20participaci%C3%B3n%20se%20realiz%C3%B3%20en%20la%20regi%C3%B3n%20encuentro%20ciudadano%20por%20mejores%20pensiones%20encabezado%20por%20la%20Ministra%20Jeannette%20Jara&#038;body=https:\/\/radiorevelacionfm.cl\/?p=40307' aria-hidden='false' data-av_icon='\ue805' data-av_iconfont='entypo-fontello' title='' data-avia-related-tooltip='Compartir por correo'><span class='avia_hidden_link_text'>Compartir por correo<\/span><\/a><\/li><\/ul><\/div><\/div>\n<div  style='height:50px' class='hr hr-invisible   avia-builder-el-8  el_after_av_social_share  el_before_av_comments_list '><span class='hr-inner ' ><span class='hr-inner-style'><\/span><\/span><\/div>\n<div  class='av-buildercomment  av-blog-meta-html-info-disabled av-blog-meta-tag-disabled  '><\/div>\n","protected":false},"excerpt":{"rendered":"","protected":false},"author":1,"featured_media":40308,"comment_status":"open","ping_status":"open","sticky":false,"template":"","format":"standard","meta":{"footnotes":""},"categories":[56],"tags":[],"class_list":["post-40307","post","type-post","status-publish","format-standard","has-post-thumbnail","hentry","category-trabajo"],"jetpack_featured_media_url":"https:\/\/radiorevelacionfm.cl\/wp-content\/uploads\/2024\/03\/110324-aysen-mejores-pensiones_3-1_optimized.jpeg","_links":{"self":[{"href":"https:\/\/radiorevelacionfm.cl\/index.php?rest_route=\/wp\/v2\/posts\/40307","targetHints":{"allow":["GET"]}}],"collection":[{"href":"https:\/\/radiorevelacionfm.cl\/index.php?rest_route=\/wp\/v2\/posts"}],"about":[{"href":"https:\/\/radiorevelacionfm.cl\/index.php?rest_route=\/wp\/v2\/types\/post"}],"author":[{"embeddable":true,"href":"https:\/\/radiorevelacionfm.cl\/index.php?rest_route=\/wp\/v2\/users\/1"}],"replies":[{"embeddable":true,"href":"https:\/\/radiorevelacionfm.cl\/index.php?rest_route=%2Fwp%2Fv2%2Fcomments&post=40307"}],"version-history":[{"count":2,"href":"https:\/\/radiorevelacionfm.cl\/index.php?rest_route=\/wp\/v2\/posts\/40307\/revisions"}],"predecessor-version":[{"id":40327,"href":"https:\/\/radiorevelacionfm.cl\/index.php?rest_route=\/wp\/v2\/posts\/40307\/revisions\/40327"}],"wp:featuredmedia":[{"embeddable":true,"href":"https:\/\/radiorevelacionfm.cl\/index.php?rest_route=\/wp\/v2\/media\/40308"}],"wp:attachment":[{"href":"https:\/\/radiorevelacionfm.cl\/index.php?rest_route=%2Fwp%2Fv2%2Fmedia&parent=40307"}],"wp:term":[{"taxonomy":"category","embeddable":true,"href":"https:\/\/radiorevelacionfm.cl\/index.php?rest_route=%2Fwp%2Fv2%2Fcategories&post=40307"},{"taxonomy":"post_tag","embeddable":true,"href":"https:\/\/radiorevelacionfm.cl\/index.php?rest_route=%2Fwp%2Fv2%2Ftags&post=40307"}],"curies":[{"name":"wp","href":"https:\/\/api.w.org\/{rel}","templated":true}]}}