{"id":40301,"date":"2024-03-12T21:34:07","date_gmt":"2024-03-13T00:34:07","guid":{"rendered":"https:\/\/radiorevelacionfm.cl\/?p=40301"},"modified":"2024-03-12T21:34:07","modified_gmt":"2024-03-13T00:34:07","slug":"casa-minga-de-puerto-cisnes-cuenta-con-instalacion-electrica-gracias-al-programa-conecta-tu-sede","status":"publish","type":"post","link":"https:\/\/radiorevelacionfm.cl\/?p=40301","title":{"rendered":"Casa Minga de Puerto Cisnes cuenta con instalaci\u00f3n el\u00e9ctrica gracias al programa \u201cConecta tu Sede\u201d"},"content":{"rendered":"<div class=\"flex_column av_one_full  flex_column_div av-zero-column-padding first  avia-builder-el-0  el_before_av_one_full  avia-builder-el-first  \" style='border-radius:0px; '><div  class='avia-image-container  av-styling-    avia-builder-el-1  avia-builder-el-no-sibling  avia-align-center '  itemprop=\"image\" itemscope=\"itemscope\" itemtype=\"https:\/\/schema.org\/ImageObject\"  ><div class='avia-image-container-inner'><div class='avia-image-overlay-wrap'><img decoding=\"async\" class='wp-image-40302 avia-img-lazy-loading-not-40302 avia_image' src=\"https:\/\/radiorevelacionfm.cl\/wp-content\/uploads\/2024\/03\/Casa-Minga-1-1.jpeg\" alt='' title='Casa Minga (1) (1)' height=\"600\" width=\"800\"  itemprop=\"thumbnailUrl\" srcset=\"https:\/\/radiorevelacionfm.cl\/wp-content\/uploads\/2024\/03\/Casa-Minga-1-1.jpeg 800w, https:\/\/radiorevelacionfm.cl\/wp-content\/uploads\/2024\/03\/Casa-Minga-1-1-300x225.jpeg 300w, https:\/\/radiorevelacionfm.cl\/wp-content\/uploads\/2024\/03\/Casa-Minga-1-1-768x576.jpeg 768w, https:\/\/radiorevelacionfm.cl\/wp-content\/uploads\/2024\/03\/Casa-Minga-1-1-705x529.jpeg 705w, https:\/\/radiorevelacionfm.cl\/wp-content\/uploads\/2024\/03\/Casa-Minga-1-1-450x338.jpeg 450w, https:\/\/radiorevelacionfm.cl\/wp-content\/uploads\/2024\/03\/Casa-Minga-1-1-600x450.jpeg 600w\" sizes=\"(max-width: 800px) 100vw, 800px\" \/><\/div><\/div><\/div><\/div><div class=\"flex_column av_one_full  flex_column_div av-zero-column-padding first  avia-builder-el-2  el_after_av_one_full  el_before_av_one_full  column-top-margin\" style='border-radius:0px; '><section class=\"av_textblock_section \"  itemscope=\"itemscope\" itemtype=\"https:\/\/schema.org\/BlogPosting\" itemprop=\"blogPost\" ><div class='avia_textblock  '   itemprop=\"text\" ><p style=\"text-align: center;\"><strong><span style=\"font-size: 18pt;\">Casa Minga de Puerto Cisnes cuenta con instalaci\u00f3n el\u00e9ctrica gracias al programa \u201cConecta tu Sede\u201d<\/span><\/strong><\/p>\n<div id=\"gtx-trans\" style=\"position: absolute; left: -50px; top: 4.31534px;\">\n<div class=\"gtx-trans-icon\"><\/div>\n<\/div>\n<\/div><\/section><\/div><div class=\"flex_column av_one_full  flex_column_div av-zero-column-padding first  avia-builder-el-4  el_after_av_one_full  el_before_av_hr  column-top-margin\" style='border-radius:0px; '><section class=\"av_textblock_section \"  itemscope=\"itemscope\" itemtype=\"https:\/\/schema.org\/BlogPosting\" itemprop=\"blogPost\" ><div class='avia_textblock  '   itemprop=\"text\" ><p style=\"text-align: justify;\"><em>Tras el compromiso asumido en enero de este a\u00f1o en la \u201cFiesta del Pescao\u00b4Frito\u201d, Edelaysen inaugur\u00f3 la conexi\u00f3n el\u00e9ctrica del lugar.<\/em><\/p>\n<p style=\"text-align: justify;\">La iniciativa \u201cConecta tu Sede\u201d de Edelaysen, busca llevar acceso el\u00e9ctrico a espacios comunitarios que permitan fortalecer lazos entre la comunidad, esta vez fue en la Casa Minga de Puerto Cisnes donde la empresa distribuidora cumpli\u00f3 con el compromiso asumido con la organizaci\u00f3n del evento en enero de este a\u00f1o.<\/p>\n<p style=\"text-align: justify;\">De acuerdo con ello, Francisco Pavez ejecutivo de Edelaysen destac\u00f3 que: \u201cEstamos muy contentos de ver como la Casa Minga de Puerto Cisnes ahora cuenta con conexi\u00f3n el\u00e9ctrica. Fue una solicitud que nos hicieron desde la organizaci\u00f3n durante principios de a\u00f1o y por supuesto que quisimos ser parte de esta buena acci\u00f3n, destacando nuestro compromiso con las comunidades a las que servimos. La energ\u00eda el\u00e9ctrica no solo ilumina este espacio, sino que tambi\u00e9n fortalece los lazos que tenemos con la comunidad de Puerto Cisnes\u201d.<\/p>\n<p style=\"text-align: justify;\">Cabe destacar, que el aporte contempla el empalme del inmueble a la red el\u00e9ctrica, incluyendo equipo de protecci\u00f3n y medida, as\u00ed como toda la instalaci\u00f3n el\u00e9ctrica interior y la tramitaci\u00f3n del certificado TE1 que exige la superintendencia de Electricidad y Combustible (SEC).<\/p>\n<p style=\"text-align: justify;\">Para Ricardo M\u00e9ndez presidente de la Asociaci\u00f3n Cultural y Social Pescao\u00b4Frito, contar con el apoyo de la el\u00e9ctrica fue muy gratificante e importante, agregando que \u201cva en directo beneficio de las familias de nuestra comuna. Esto viene a complementar lo que nosotros hacemos que es entregar la vivienda y poderla conectar al sistema el\u00e9ctrico es un gran beneficio para todos nosotros\u201d.<\/p>\n<p style=\"text-align: justify;\">De esta manera, desde Edelaysen indicaron estar orgullosos de haber contribuido a mejorar la calidad de vida de la comunidad de Puerto Cisnes a trav\u00e9s de la conexi\u00f3n de este espacio, comprometi\u00e9ndose a seguir trabajando y colaborando en proyectos que fortalezcan los lazos comunitarios y promuevan el desarrollo de la regi\u00f3n de Ays\u00e9n.<\/p>\n<\/div><\/section><\/div><div  style='height:50px' class='hr hr-invisible   avia-builder-el-6  el_after_av_one_full  el_before_av_social_share '><span class='hr-inner ' ><span class='hr-inner-style'><\/span><\/span><\/div><\/p>\n<div  class='av-social-sharing-box  avia-builder-el-7  el_after_av_hr  el_before_av_hr  '><div class='av-share-box'><h5 class='av-share-link-description av-no-toc '>Compartir esta noticia<\/h5><ul class='av-share-box-list noLightbox'><li class='av-share-link av-social-link-facebook' ><a target=\"_blank\" aria-label=\"Compartir en Facebook\" href='https:\/\/www.facebook.com\/sharer.php?u=https:\/\/radiorevelacionfm.cl\/?p=40301&#038;t=Casa%20Minga%20de%20Puerto%20Cisnes%20cuenta%20con%20instalaci%C3%B3n%20el%C3%A9ctrica%20gracias%20al%20programa%20%E2%80%9CConecta%20tu%20Sede%E2%80%9D' aria-hidden='false' data-av_icon='\ue8f3' data-av_iconfont='entypo-fontello' title='' data-avia-related-tooltip='Compartir en Facebook' rel=\"noopener\"><span class='avia_hidden_link_text'>Compartir en Facebook<\/span><\/a><\/li><li class='av-share-link av-social-link-twitter' ><a target=\"_blank\" aria-label=\"Compartir en Twitter\" href='https:\/\/twitter.com\/share?text=Casa%20Minga%20de%20Puerto%20Cisnes%20cuenta%20con%20instalaci%C3%B3n%20el%C3%A9ctrica%20gracias%20al%20programa%20%E2%80%9CConecta%20tu%20Sede%E2%80%9D&#038;url=https:\/\/radiorevelacionfm.cl\/?p=40301' aria-hidden='false' data-av_icon='\ue8f1' data-av_iconfont='entypo-fontello' title='' data-avia-related-tooltip='Compartir en Twitter' rel=\"noopener\"><span class='avia_hidden_link_text'>Compartir en Twitter<\/span><\/a><\/li><li class='av-share-link av-social-link-whatsapp' ><a target=\"_blank\" aria-label=\"Compartir en Whatsapp\" href='https:\/\/api.whatsapp.com\/send?text=https:\/\/radiorevelacionfm.cl\/?p=40301' aria-hidden='false' data-av_icon='\uf232' data-av_iconfont='entypo-fontello' title='' data-avia-related-tooltip='Compartir en Whatsapp' rel=\"noopener\"><span class='avia_hidden_link_text'>Compartir en Whatsapp<\/span><\/a><\/li><li class='av-share-link av-social-link-linkedin' ><a target=\"_blank\" aria-label=\"Compartir en LinkedIn\" href='https:\/\/linkedin.com\/shareArticle?mini=true&#038;title=Casa%20Minga%20de%20Puerto%20Cisnes%20cuenta%20con%20instalaci%C3%B3n%20el%C3%A9ctrica%20gracias%20al%20programa%20%E2%80%9CConecta%20tu%20Sede%E2%80%9D&#038;url=https:\/\/radiorevelacionfm.cl\/?p=40301' aria-hidden='false' data-av_icon='\ue8fc' data-av_iconfont='entypo-fontello' title='' data-avia-related-tooltip='Compartir en LinkedIn' rel=\"noopener\"><span class='avia_hidden_link_text'>Compartir en LinkedIn<\/span><\/a><\/li><li class='av-share-link av-social-link-mail' ><a  aria-label=\"Compartir por correo\" href='mailto:?subject=Casa%20Minga%20de%20Puerto%20Cisnes%20cuenta%20con%20instalaci%C3%B3n%20el%C3%A9ctrica%20gracias%20al%20programa%20%E2%80%9CConecta%20tu%20Sede%E2%80%9D&#038;body=https:\/\/radiorevelacionfm.cl\/?p=40301' aria-hidden='false' data-av_icon='\ue805' data-av_iconfont='entypo-fontello' title='' data-avia-related-tooltip='Compartir por correo'><span class='avia_hidden_link_text'>Compartir por correo<\/span><\/a><\/li><\/ul><\/div><\/div>\n<div  style='height:50px' class='hr hr-invisible   avia-builder-el-8  el_after_av_social_share  el_before_av_comments_list '><span class='hr-inner ' ><span class='hr-inner-style'><\/span><\/span><\/div>\n<div  class='av-buildercomment  av-blog-meta-html-info-disabled av-blog-meta-tag-disabled  '><\/div>\n","protected":false},"excerpt":{"rendered":"","protected":false},"author":1,"featured_media":40302,"comment_status":"open","ping_status":"open","sticky":false,"template":"","format":"standard","meta":{"footnotes":""},"categories":[38],"tags":[],"class_list":["post-40301","post","type-post","status-publish","format-standard","has-post-thumbnail","hentry","category-regional"],"jetpack_featured_media_url":"https:\/\/radiorevelacionfm.cl\/wp-content\/uploads\/2024\/03\/Casa-Minga-1-1.jpeg","_links":{"self":[{"href":"https:\/\/radiorevelacionfm.cl\/index.php?rest_route=\/wp\/v2\/posts\/40301","targetHints":{"allow":["GET"]}}],"collection":[{"href":"https:\/\/radiorevelacionfm.cl\/index.php?rest_route=\/wp\/v2\/posts"}],"about":[{"href":"https:\/\/radiorevelacionfm.cl\/index.php?rest_route=\/wp\/v2\/types\/post"}],"author":[{"embeddable":true,"href":"https:\/\/radiorevelacionfm.cl\/index.php?rest_route=\/wp\/v2\/users\/1"}],"replies":[{"embeddable":true,"href":"https:\/\/radiorevelacionfm.cl\/index.php?rest_route=%2Fwp%2Fv2%2Fcomments&post=40301"}],"version-history":[{"count":1,"href":"https:\/\/radiorevelacionfm.cl\/index.php?rest_route=\/wp\/v2\/posts\/40301\/revisions"}],"predecessor-version":[{"id":40303,"href":"https:\/\/radiorevelacionfm.cl\/index.php?rest_route=\/wp\/v2\/posts\/40301\/revisions\/40303"}],"wp:featuredmedia":[{"embeddable":true,"href":"https:\/\/radiorevelacionfm.cl\/index.php?rest_route=\/wp\/v2\/media\/40302"}],"wp:attachment":[{"href":"https:\/\/radiorevelacionfm.cl\/index.php?rest_route=%2Fwp%2Fv2%2Fmedia&parent=40301"}],"wp:term":[{"taxonomy":"category","embeddable":true,"href":"https:\/\/radiorevelacionfm.cl\/index.php?rest_route=%2Fwp%2Fv2%2Fcategories&post=40301"},{"taxonomy":"post_tag","embeddable":true,"href":"https:\/\/radiorevelacionfm.cl\/index.php?rest_route=%2Fwp%2Fv2%2Ftags&post=40301"}],"curies":[{"name":"wp","href":"https:\/\/api.w.org\/{rel}","templated":true}]}}