{"id":40296,"date":"2024-03-12T18:37:11","date_gmt":"2024-03-12T21:37:11","guid":{"rendered":"https:\/\/radiorevelacionfm.cl\/?p=40296"},"modified":"2024-03-12T18:37:11","modified_gmt":"2024-03-12T21:37:11","slug":"en-chile-chico-realizan-primera-expo-vendimia-la-mas-austral-del-mundo","status":"publish","type":"post","link":"https:\/\/radiorevelacionfm.cl\/?p=40296","title":{"rendered":"En Chile Chico realizan primera Expo Vendimia, la m\u00e1s austral del mundo"},"content":{"rendered":"<div class=\"flex_column av_one_full  flex_column_div av-zero-column-padding first  avia-builder-el-0  el_before_av_one_full  avia-builder-el-first  \" style='border-radius:0px; '><div  class='avia-image-container  av-styling-    avia-builder-el-1  avia-builder-el-no-sibling  avia-align-center '  itemprop=\"image\" itemscope=\"itemscope\" itemtype=\"https:\/\/schema.org\/ImageObject\"  ><div class='avia-image-container-inner'><div class='avia-image-overlay-wrap'><img decoding=\"async\" class='wp-image-40297 avia-img-lazy-loading-not-40297 avia_image' src=\"https:\/\/radiorevelacionfm.cl\/wp-content\/uploads\/2024\/03\/expovendimia-01-1_optimized.jpg\" alt='' title='expovendimia-01-(1)_optimized' height=\"600\" width=\"835\"  itemprop=\"thumbnailUrl\" srcset=\"https:\/\/radiorevelacionfm.cl\/wp-content\/uploads\/2024\/03\/expovendimia-01-1_optimized.jpg 835w, https:\/\/radiorevelacionfm.cl\/wp-content\/uploads\/2024\/03\/expovendimia-01-1_optimized-300x216.jpg 300w, https:\/\/radiorevelacionfm.cl\/wp-content\/uploads\/2024\/03\/expovendimia-01-1_optimized-768x552.jpg 768w, https:\/\/radiorevelacionfm.cl\/wp-content\/uploads\/2024\/03\/expovendimia-01-1_optimized-705x507.jpg 705w, https:\/\/radiorevelacionfm.cl\/wp-content\/uploads\/2024\/03\/expovendimia-01-1_optimized-450x323.jpg 450w, https:\/\/radiorevelacionfm.cl\/wp-content\/uploads\/2024\/03\/expovendimia-01-1_optimized-600x431.jpg 600w\" sizes=\"(max-width: 835px) 100vw, 835px\" \/><\/div><\/div><\/div><\/div><div class=\"flex_column av_one_full  flex_column_div av-zero-column-padding first  avia-builder-el-2  el_after_av_one_full  el_before_av_one_full  column-top-margin\" style='border-radius:0px; '><section class=\"av_textblock_section \"  itemscope=\"itemscope\" itemtype=\"https:\/\/schema.org\/BlogPosting\" itemprop=\"blogPost\" ><div class='avia_textblock  '   itemprop=\"text\" ><p style=\"text-align: center;\"><strong><span style=\"font-size: 18pt;\">En Chile Chico realizan primera Expo Vendimia, la m\u00e1s austral del mundo<\/span><\/strong><\/p>\n<div id=\"gtx-trans\" style=\"position: absolute; left: -50px; top: 4.31534px;\">\n<div class=\"gtx-trans-icon\"><\/div>\n<\/div>\n<\/div><\/section><\/div><div class=\"flex_column av_one_full  flex_column_div av-zero-column-padding first  avia-builder-el-4  el_after_av_one_full  el_before_av_hr  column-top-margin\" style='border-radius:0px; '><section class=\"av_textblock_section \"  itemscope=\"itemscope\" itemtype=\"https:\/\/schema.org\/BlogPosting\" itemprop=\"blogPost\" ><div class='avia_textblock  '   itemprop=\"text\" ><div>\n<p class=\"v1MsoNormal\" style=\"text-align: justify;\"><i>Junto a la Municipalidad de Chile Chico, el Instituto de Investigaciones Agropecuarias (INIA) realizar\u00e1 un gran evento para destacar el trabajo vitivin\u00edcola que ha impulsado en la regi\u00f3n, en el marco de la celebraci\u00f3n de sus 60 a\u00f1os de historia nacional.<\/i><\/p>\n<p class=\"v1MsoNormal\" style=\"text-align: justify;\">Ampliar las fronteras de la vitivinicultura, aportando a la diversificaci\u00f3n productiva en la Patagonia chilena, es lo que ha impulsado el INIA en la Cuenca del Lago General Carrera, a trav\u00e9s de la introducci\u00f3n de vides que hoy permite contar con una incipiente, pero prometedora producci\u00f3n de vinos.<\/p>\n<p class=\"v1MsoNormal\" style=\"text-align: justify;\">Por ello y en el marco de los 60 a\u00f1os del Instituto de investigaciones Agropecuarias (INIA), el pr\u00f3ximo s\u00e1bado 6 de abril, en las oficinas de INIA Tamel Aike en Chile Chico se realizar\u00e1 un evento de relevancia para la vitivinicultura chilena. Hablamos de la \u00abI Expo Vendimia Chile Chico 2024\u00bb en torno al desarrollo de los vinos producidos en el territorio, los m\u00e1s australes del mundo que, adem\u00e1s de mostrar los avances del proyecto, contar\u00e1 con la exposici\u00f3n de productos hort\u00edcolas, artesanales y ganaderos de la cuenca del lago; talleres y rica gastronom\u00eda local.<\/p>\n<p class=\"v1MsoNormal\" style=\"text-align: justify;\">\u00abInvitamos a toda la comunidad el d\u00eda 6 de abril a la Expo Vendimia a realizarse en Chile Chico. Vamos a estar en la vendimia m\u00e1s austral de Chile, incluso la vendimia m\u00e1s austral del mundo.\u00a0 As\u00ed que los dejamos cordialmente invitado para esta fecha, para que vengan todos a esta actividad\u00bb, sostuvo el Seremi de Agricultura, Eugenio Ruiz Espinoza.<\/p>\n<p class=\"v1MsoNormal\" style=\"text-align: justify;\">La directora regional de INIA Tamel Aike, Camila Reyes Santolalla, manifest\u00f3 que \u00abesta Expo Vendimia nos va a permitir abrir las puertas del proyecto que est\u00e1 desarrollando INIA, que hemos podido trabajar con productores y tambi\u00e9n con algunas otras instituciones (&#8230;) para mostrar en qu\u00e9 consiste un vi\u00f1edo, c\u00f3mo se hace el proceso de la vendimia y tambi\u00e9n hacer una peque\u00f1a cata de vino.\u00bb<\/p>\n<p class=\"v1MsoNormal\" style=\"text-align: justify;\">Por su parte, el alcalde de Chile Chico, Luperciano Mu\u00f1oz Gonz\u00e1lez, expres\u00f3 que este gran evento es el resultado de un trabajo de colaboraci\u00f3n entre diversas instituciones, encabezadas por el Centro Regional INIA Tamel Aike, la Ilustre Municipalidad de Chile Chico, la Delegaci\u00f3n Presidencial Provincial General Carrera, entre otros actores relevantes.\u00a0 \u00abSera una actividad bien bonita y la idea es que esto se siga proyectando en el tiempo como para poder promocionar no solamente el vino, sino tambi\u00e9n, por supuesto, poder proyectar tur\u00edsticamente a la localidad y a la Regi\u00f3n de Ays\u00e9n\u00bb, a\u00f1adi\u00f3.<\/p>\n<p class=\"v1MsoNormal\" style=\"text-align: justify;\">Esta actividad promete ser un espacio de encuentro entre la comunidad local y los productores agr\u00edcolas, en el que se exhibir\u00e1n los vinos producidos por INIA en la zona; una amplia variedad de productos gourmet; frutas, hortalizas y artesan\u00edas propias de la zona. Adem\u00e1s, contar\u00e1 con talleres de compostaje, de bokashi, suelos y de forraje; carros de comida, asados al palo y juegos para los m\u00e1s peque\u00f1os. \u00abAs\u00ed que la invitaci\u00f3n queda abierta para que todo el mundo se pueda acercar a conocer este interesante proyecto\u00bb, resalt\u00f3 la directora de INIA Tamel Aike<\/p>\n<p class=\"v1MsoNormal\" style=\"text-align: justify;\"><b>Innovaci\u00f3n Vitivin\u00edcola en la Patagonia Chilena: <\/b><b>de la experimentaci\u00f3n a la producci\u00f3n comercial<\/b><\/p>\n<p class=\"v1MsoNormal\" style=\"text-align: justify;\">Desde 2012, el Instituto de Investigaciones Agropecuarias (INIA) ha liderado un proyecto pionero en la cuenca del Lago General Carrera, explorando el potencial del cultivo de la vid en la Patagonia chilena, con el objetivo de diversificar las opciones agr\u00edcolas y asumir los desaf\u00edos que implica el cambio clim\u00e1tico. Para ello se estableci\u00f3 un vi\u00f1edo experimental en las instalaciones de la Oficina T\u00e9cnica de INIA Tamel Aike en Chile Chico, con una extensi\u00f3n de 1.000 m2, en la que se han evaluado y caracterizado diversas variedades de uva en este entorno singular, a lo largo de los a\u00f1os.<\/p>\n<p class=\"v1MsoNormal\" style=\"text-align: justify;\">En 2017, el proyecto alcanz\u00f3 un hito significativo con el lanzamiento del vino Ke\u00f3ken, producido y embotellado en la regi\u00f3n, marcando as\u00ed la primera producci\u00f3n vin\u00edcola en la Patagonia Chilena. Vinos m\u00e1s australes del pa\u00eds y del mundo, elaborados de manera experimental y vinificados en su lugar de origen por INIA, ubicado en el valle de Chile Chico, a orillas del Lago General Carrera, en la Latitud 46,32\u00b0. As\u00ed se fue avanzando en un paquete tecnol\u00f3gico que utiliza un sistema de riego por goteo, cortinas cortaviento, sistema de control de heladas por aspersi\u00f3n y malla protectora para evitar da\u00f1os por aves.<\/p>\n<p class=\"v1MsoNormal\" style=\"text-align: justify;\">Bas\u00e1ndose en los resultados obtenidos, en 2019 se inici\u00f3 la ejecuci\u00f3n de un proyecto financiado por FIA, que contempl\u00f3 el establecimiento de dos vi\u00f1edos comerciales en predios de los productores Esteban Milovic \u2013 Vi\u00f1a Jeinimeni- en la localidad de Chile Chico, y \u00d3scar Lagos -Vi\u00f1a Don Renato- en Puerto Ib\u00e1\u00f1ez, que fueron lanzados al mercado en marzo de 2023.<\/p>\n<p class=\"v1MsoNormal\" style=\"text-align: justify;\">De esta forma, \u00abla I Expo Vendimia Chile Chico 2024\u00bb mostrar\u00e1 los avances y la consolidaci\u00f3n de la vitivinicultura en la Patagonia Chilena, ofreciendo un producto excepcional y promoviendo el desarrollo econ\u00f3mico y tur\u00edstico de la regi\u00f3n.<\/p>\n<\/div>\n<div style=\"text-align: justify;\"><\/div>\n<\/div><\/section><\/div><div  style='height:50px' class='hr hr-invisible   avia-builder-el-6  el_after_av_one_full  el_before_av_social_share '><span class='hr-inner ' ><span class='hr-inner-style'><\/span><\/span><\/div><\/p>\n<div  class='av-social-sharing-box  avia-builder-el-7  el_after_av_hr  el_before_av_hr  '><div class='av-share-box'><h5 class='av-share-link-description av-no-toc '>Compartir esta noticia<\/h5><ul class='av-share-box-list noLightbox'><li class='av-share-link av-social-link-facebook' ><a target=\"_blank\" aria-label=\"Compartir en Facebook\" href='https:\/\/www.facebook.com\/sharer.php?u=https:\/\/radiorevelacionfm.cl\/?p=40296&#038;t=En%20Chile%20Chico%20realizan%20primera%20Expo%20Vendimia%2C%20la%20m%C3%A1s%20austral%20del%20mundo' aria-hidden='false' data-av_icon='\ue8f3' data-av_iconfont='entypo-fontello' title='' data-avia-related-tooltip='Compartir en Facebook' rel=\"noopener\"><span class='avia_hidden_link_text'>Compartir en Facebook<\/span><\/a><\/li><li class='av-share-link av-social-link-twitter' ><a target=\"_blank\" aria-label=\"Compartir en Twitter\" href='https:\/\/twitter.com\/share?text=En%20Chile%20Chico%20realizan%20primera%20Expo%20Vendimia%2C%20la%20m%C3%A1s%20austral%20del%20mundo&#038;url=https:\/\/radiorevelacionfm.cl\/?p=40296' aria-hidden='false' data-av_icon='\ue8f1' data-av_iconfont='entypo-fontello' title='' data-avia-related-tooltip='Compartir en Twitter' rel=\"noopener\"><span class='avia_hidden_link_text'>Compartir en Twitter<\/span><\/a><\/li><li class='av-share-link av-social-link-whatsapp' ><a target=\"_blank\" aria-label=\"Compartir en Whatsapp\" href='https:\/\/api.whatsapp.com\/send?text=https:\/\/radiorevelacionfm.cl\/?p=40296' aria-hidden='false' data-av_icon='\uf232' data-av_iconfont='entypo-fontello' title='' data-avia-related-tooltip='Compartir en Whatsapp' rel=\"noopener\"><span class='avia_hidden_link_text'>Compartir en Whatsapp<\/span><\/a><\/li><li class='av-share-link av-social-link-linkedin' ><a target=\"_blank\" aria-label=\"Compartir en LinkedIn\" href='https:\/\/linkedin.com\/shareArticle?mini=true&#038;title=En%20Chile%20Chico%20realizan%20primera%20Expo%20Vendimia%2C%20la%20m%C3%A1s%20austral%20del%20mundo&#038;url=https:\/\/radiorevelacionfm.cl\/?p=40296' aria-hidden='false' data-av_icon='\ue8fc' data-av_iconfont='entypo-fontello' title='' data-avia-related-tooltip='Compartir en LinkedIn' rel=\"noopener\"><span class='avia_hidden_link_text'>Compartir en LinkedIn<\/span><\/a><\/li><li class='av-share-link av-social-link-mail' ><a  aria-label=\"Compartir por correo\" href='mailto:?subject=En%20Chile%20Chico%20realizan%20primera%20Expo%20Vendimia%2C%20la%20m%C3%A1s%20austral%20del%20mundo&#038;body=https:\/\/radiorevelacionfm.cl\/?p=40296' aria-hidden='false' data-av_icon='\ue805' data-av_iconfont='entypo-fontello' title='' data-avia-related-tooltip='Compartir por correo'><span class='avia_hidden_link_text'>Compartir por correo<\/span><\/a><\/li><\/ul><\/div><\/div>\n<div  style='height:50px' class='hr hr-invisible   avia-builder-el-8  el_after_av_social_share  el_before_av_comments_list '><span class='hr-inner ' ><span class='hr-inner-style'><\/span><\/span><\/div>\n<div  class='av-buildercomment  av-blog-meta-html-info-disabled av-blog-meta-tag-disabled  '><\/div>\n","protected":false},"excerpt":{"rendered":"","protected":false},"author":1,"featured_media":40297,"comment_status":"open","ping_status":"open","sticky":false,"template":"","format":"standard","meta":{"footnotes":""},"categories":[38],"tags":[],"class_list":["post-40296","post","type-post","status-publish","format-standard","has-post-thumbnail","hentry","category-regional"],"jetpack_featured_media_url":"https:\/\/radiorevelacionfm.cl\/wp-content\/uploads\/2024\/03\/expovendimia-01-1_optimized.jpg","_links":{"self":[{"href":"https:\/\/radiorevelacionfm.cl\/index.php?rest_route=\/wp\/v2\/posts\/40296","targetHints":{"allow":["GET"]}}],"collection":[{"href":"https:\/\/radiorevelacionfm.cl\/index.php?rest_route=\/wp\/v2\/posts"}],"about":[{"href":"https:\/\/radiorevelacionfm.cl\/index.php?rest_route=\/wp\/v2\/types\/post"}],"author":[{"embeddable":true,"href":"https:\/\/radiorevelacionfm.cl\/index.php?rest_route=\/wp\/v2\/users\/1"}],"replies":[{"embeddable":true,"href":"https:\/\/radiorevelacionfm.cl\/index.php?rest_route=%2Fwp%2Fv2%2Fcomments&post=40296"}],"version-history":[{"count":1,"href":"https:\/\/radiorevelacionfm.cl\/index.php?rest_route=\/wp\/v2\/posts\/40296\/revisions"}],"predecessor-version":[{"id":40298,"href":"https:\/\/radiorevelacionfm.cl\/index.php?rest_route=\/wp\/v2\/posts\/40296\/revisions\/40298"}],"wp:featuredmedia":[{"embeddable":true,"href":"https:\/\/radiorevelacionfm.cl\/index.php?rest_route=\/wp\/v2\/media\/40297"}],"wp:attachment":[{"href":"https:\/\/radiorevelacionfm.cl\/index.php?rest_route=%2Fwp%2Fv2%2Fmedia&parent=40296"}],"wp:term":[{"taxonomy":"category","embeddable":true,"href":"https:\/\/radiorevelacionfm.cl\/index.php?rest_route=%2Fwp%2Fv2%2Fcategories&post=40296"},{"taxonomy":"post_tag","embeddable":true,"href":"https:\/\/radiorevelacionfm.cl\/index.php?rest_route=%2Fwp%2Fv2%2Ftags&post=40296"}],"curies":[{"name":"wp","href":"https:\/\/api.w.org\/{rel}","templated":true}]}}