{"id":40293,"date":"2024-03-13T11:39:12","date_gmt":"2024-03-13T14:39:12","guid":{"rendered":"https:\/\/radiorevelacionfm.cl\/?p=40293"},"modified":"2024-03-13T11:39:12","modified_gmt":"2024-03-13T14:39:12","slug":"hacen-llamado-a-inscripcion-de-candidatos-as-al-consejo-nacional-y-regional-del-ffoip","status":"publish","type":"post","link":"https:\/\/radiorevelacionfm.cl\/?p=40293","title":{"rendered":"Hacen llamado a inscripci\u00f3n de candidatos\/as al Consejo Nacional y Regional del FFOIP"},"content":{"rendered":"<div class=\"flex_column av_one_full  flex_column_div av-zero-column-padding first  avia-builder-el-0  el_before_av_one_full  avia-builder-el-first  \" style='border-radius:0px; '><div  class='avia-image-container  av-styling-    avia-builder-el-1  avia-builder-el-no-sibling  avia-align-center '  itemprop=\"image\" itemscope=\"itemscope\" itemtype=\"https:\/\/schema.org\/ImageObject\"  ><div class='avia-image-container-inner'><div class='avia-image-overlay-wrap'><img decoding=\"async\" class='wp-image-40294 avia-img-lazy-loading-not-40294 avia_image' src=\"https:\/\/radiorevelacionfm.cl\/wp-content\/uploads\/2024\/03\/consejos-nacional-y-regional_optimized.jpg\" alt='' title='consejos-nacional-y-regional_optimized' height=\"600\" width=\"939\"  itemprop=\"thumbnailUrl\" srcset=\"https:\/\/radiorevelacionfm.cl\/wp-content\/uploads\/2024\/03\/consejos-nacional-y-regional_optimized.jpg 939w, https:\/\/radiorevelacionfm.cl\/wp-content\/uploads\/2024\/03\/consejos-nacional-y-regional_optimized-300x192.jpg 300w, https:\/\/radiorevelacionfm.cl\/wp-content\/uploads\/2024\/03\/consejos-nacional-y-regional_optimized-768x491.jpg 768w, https:\/\/radiorevelacionfm.cl\/wp-content\/uploads\/2024\/03\/consejos-nacional-y-regional_optimized-705x450.jpg 705w, https:\/\/radiorevelacionfm.cl\/wp-content\/uploads\/2024\/03\/consejos-nacional-y-regional_optimized-450x288.jpg 450w, https:\/\/radiorevelacionfm.cl\/wp-content\/uploads\/2024\/03\/consejos-nacional-y-regional_optimized-600x383.jpg 600w\" sizes=\"(max-width: 939px) 100vw, 939px\" \/><\/div><\/div><\/div><\/div><div class=\"flex_column av_one_full  flex_column_div av-zero-column-padding first  avia-builder-el-2  el_after_av_one_full  el_before_av_one_full  column-top-margin\" style='border-radius:0px; '><section class=\"av_textblock_section \"  itemscope=\"itemscope\" itemtype=\"https:\/\/schema.org\/BlogPosting\" itemprop=\"blogPost\" ><div class='avia_textblock  '   itemprop=\"text\" ><p style=\"text-align: center;\"><strong><span style=\"font-size: 18pt;\">Hacen llamado a inscripci\u00f3n de candidatos\/as al Consejo Nacional y Regional del FFOIP<\/span><\/strong><\/p>\n<div id=\"gtx-trans\" style=\"position: absolute; left: -50px; top: 4.31534px;\">\n<div class=\"gtx-trans-icon\"><\/div>\n<\/div>\n<\/div><\/section><\/div><div class=\"flex_column av_one_full  flex_column_div av-zero-column-padding first  avia-builder-el-4  el_after_av_one_full  el_before_av_hr  column-top-margin\" style='border-radius:0px; '><section class=\"av_textblock_section \"  itemscope=\"itemscope\" itemtype=\"https:\/\/schema.org\/BlogPosting\" itemprop=\"blogPost\" ><div class='avia_textblock  '   itemprop=\"text\" ><p style=\"text-align: justify;\">Con el prop\u00f3sito de promover la participaci\u00f3n ciudadana y el compromiso de los dirigentes sociales, se abri\u00f3 la convocatoria para l\u00edderes y representantes de las organizaciones de inter\u00e9s p\u00fablico, quienes podr\u00e1n inscribir a sus candidatos\/as, para conformar el Consejo Nacional y Regionales del Fondo de Fortalecimiento de Organizaciones Inter\u00e9s P\u00fablico (FFOIP). La inscripci\u00f3n de los candidatos se est\u00e1 desarrollando a trav\u00e9s del sitio web: <strong>votaciones.msgg.gob.cl.<\/strong><\/p>\n<p style=\"text-align: justify;\">El Consejo Nacional y los Consejos Regionales tienen como funci\u00f3n definir una cuota de recursos a repartir en base a criterios objetivos y con total transparencia. Adem\u00e1s, deben aprobar bases y requisitos para posteriormente adjudicar proyectos y programas que cumplan con los est\u00e1ndares y objetivos del Fondo de Fortalecimiento del Ministerio Secretar\u00eda General de Gobierno.<\/p>\n<p style=\"text-align: justify;\">Cabe destacar, que las agrupaciones podr\u00e1n presentar una candidatura al consejo respectivo, tanto regional como nacional, Por lo mismo, si se decide presentar una candidatura al consejo regional, \u00e9sta debe corresponder a la regi\u00f3n de domicilio de la organizaci\u00f3n. El candidato o candidata deber\u00e1 ser miembro de la organizaci\u00f3n debidamente catastrada que lo propone, o tener trayectoria en el \u00e1mbito de la dirigencia social.<\/p>\n<p style=\"text-align: justify;\">Para el caso del Consejo Nacional se proveer\u00e1n seis cargos de consejeros titulares y tres suplentes; en tanto para el caso de los consejos regionales, se proveer\u00e1n cinco cargos y tres suplentes en cada regi\u00f3n del pa\u00eds. <strong>Las postulaciones comenzaron\u00a0 el 07 de marzo y se extender\u00e1n hasta el 21 de marzo de 2024 ingresando la candidatura en: votaciones.msgg.gob.cl<\/strong><\/p>\n<p style=\"text-align: justify;\">\u201cQueremos hacer un llamado a las organizaciones a inscribir a sus candidatos y candidatas al Consejo Nacional y Regional del Fondo de Fortalecimiento de Organizaciones de Inter\u00e9s P\u00fablico, y as\u00ed tener mayor representatividad de nuestra regi\u00f3n en estas instancias, ya que ser\u00e1n los miembros de estos Consejos, quienes van a decidir a cu\u00e1les organizaciones van a adjudicar los fondos en esta convocatoria\u201d, se\u00f1al\u00f3 la seremi de Gobierno, Tatiana Pl\u00e1 \u00c1lvarez.<\/p>\n<p style=\"text-align: justify;\">Cabe se\u00f1alar, que los proyectos postulados al FFOIP deber\u00e1n enfocarse en promover los derechos humanos, el enfoque de g\u00e9nero o tener un impacto concreto en el territorio. Adem\u00e1s, este a\u00f1o, por primera vez y gracias a una alianza con la Subsecretar\u00eda de la Ni\u00f1ez, el FFOIP contempla una l\u00ednea tem\u00e1tica para el fortalecimiento de la participaci\u00f3n ciudadana de ni\u00f1os, ni\u00f1as y adolescentes. Esta l\u00ednea cuenta con un presupuesto de $180 millones de pesos (a nivel nacional) dirigido a organizaciones que desarrollen proyectos a nivel local para promover la participaci\u00f3n social y comunitaria de personas menores de 18 a\u00f1os.<\/p>\n<p style=\"text-align: justify;\">En su versi\u00f3n 2023, el FFOIP benefici\u00f3 a 641 organizaciones, luego de una rigurosa evaluaci\u00f3n por parte de los equipos t\u00e9cnicos del Ministerio Secretar\u00eda General de Gobierno. La adjudicaci\u00f3n de recursos fue realizada por los consejos nacional y regional del FFOIP, conformados por representantes de la sociedad civil, los gobiernos regionales y los ministerios de Desarrollo Social y Hacienda.<\/p>\n<\/div><\/section><\/div><div  style='height:50px' class='hr hr-invisible   avia-builder-el-6  el_after_av_one_full  el_before_av_social_share '><span class='hr-inner ' ><span class='hr-inner-style'><\/span><\/span><\/div><\/p>\n<div  class='av-social-sharing-box  avia-builder-el-7  el_after_av_hr  el_before_av_hr  '><div class='av-share-box'><h5 class='av-share-link-description av-no-toc '>Compartir esta noticia<\/h5><ul class='av-share-box-list noLightbox'><li class='av-share-link av-social-link-facebook' ><a target=\"_blank\" aria-label=\"Compartir en Facebook\" href='https:\/\/www.facebook.com\/sharer.php?u=https:\/\/radiorevelacionfm.cl\/?p=40293&#038;t=Hacen%20llamado%20a%20inscripci%C3%B3n%20de%20candidatos%2Fas%20al%20Consejo%20Nacional%20y%20Regional%20del%20FFOIP' aria-hidden='false' data-av_icon='\ue8f3' data-av_iconfont='entypo-fontello' title='' data-avia-related-tooltip='Compartir en Facebook' rel=\"noopener\"><span class='avia_hidden_link_text'>Compartir en Facebook<\/span><\/a><\/li><li class='av-share-link av-social-link-twitter' ><a target=\"_blank\" aria-label=\"Compartir en Twitter\" href='https:\/\/twitter.com\/share?text=Hacen%20llamado%20a%20inscripci%C3%B3n%20de%20candidatos%2Fas%20al%20Consejo%20Nacional%20y%20Regional%20del%20FFOIP&#038;url=https:\/\/radiorevelacionfm.cl\/?p=40293' aria-hidden='false' data-av_icon='\ue8f1' data-av_iconfont='entypo-fontello' title='' data-avia-related-tooltip='Compartir en Twitter' rel=\"noopener\"><span class='avia_hidden_link_text'>Compartir en Twitter<\/span><\/a><\/li><li class='av-share-link av-social-link-whatsapp' ><a target=\"_blank\" aria-label=\"Compartir en Whatsapp\" href='https:\/\/api.whatsapp.com\/send?text=https:\/\/radiorevelacionfm.cl\/?p=40293' aria-hidden='false' data-av_icon='\uf232' data-av_iconfont='entypo-fontello' title='' data-avia-related-tooltip='Compartir en Whatsapp' rel=\"noopener\"><span class='avia_hidden_link_text'>Compartir en Whatsapp<\/span><\/a><\/li><li class='av-share-link av-social-link-linkedin' ><a target=\"_blank\" aria-label=\"Compartir en LinkedIn\" href='https:\/\/linkedin.com\/shareArticle?mini=true&#038;title=Hacen%20llamado%20a%20inscripci%C3%B3n%20de%20candidatos%2Fas%20al%20Consejo%20Nacional%20y%20Regional%20del%20FFOIP&#038;url=https:\/\/radiorevelacionfm.cl\/?p=40293' aria-hidden='false' data-av_icon='\ue8fc' data-av_iconfont='entypo-fontello' title='' data-avia-related-tooltip='Compartir en LinkedIn' rel=\"noopener\"><span class='avia_hidden_link_text'>Compartir en LinkedIn<\/span><\/a><\/li><li class='av-share-link av-social-link-mail' ><a  aria-label=\"Compartir por correo\" href='mailto:?subject=Hacen%20llamado%20a%20inscripci%C3%B3n%20de%20candidatos%2Fas%20al%20Consejo%20Nacional%20y%20Regional%20del%20FFOIP&#038;body=https:\/\/radiorevelacionfm.cl\/?p=40293' aria-hidden='false' data-av_icon='\ue805' data-av_iconfont='entypo-fontello' title='' data-avia-related-tooltip='Compartir por correo'><span class='avia_hidden_link_text'>Compartir por correo<\/span><\/a><\/li><\/ul><\/div><\/div>\n<div  style='height:50px' class='hr hr-invisible   avia-builder-el-8  el_after_av_social_share  el_before_av_comments_list '><span class='hr-inner ' ><span class='hr-inner-style'><\/span><\/span><\/div>\n<div  class='av-buildercomment  av-blog-meta-html-info-disabled av-blog-meta-tag-disabled  '><\/div>\n","protected":false},"excerpt":{"rendered":"","protected":false},"author":1,"featured_media":40294,"comment_status":"open","ping_status":"open","sticky":false,"template":"","format":"standard","meta":{"footnotes":""},"categories":[38],"tags":[],"class_list":["post-40293","post","type-post","status-publish","format-standard","has-post-thumbnail","hentry","category-regional"],"jetpack_featured_media_url":"https:\/\/radiorevelacionfm.cl\/wp-content\/uploads\/2024\/03\/consejos-nacional-y-regional_optimized.jpg","_links":{"self":[{"href":"https:\/\/radiorevelacionfm.cl\/index.php?rest_route=\/wp\/v2\/posts\/40293","targetHints":{"allow":["GET"]}}],"collection":[{"href":"https:\/\/radiorevelacionfm.cl\/index.php?rest_route=\/wp\/v2\/posts"}],"about":[{"href":"https:\/\/radiorevelacionfm.cl\/index.php?rest_route=\/wp\/v2\/types\/post"}],"author":[{"embeddable":true,"href":"https:\/\/radiorevelacionfm.cl\/index.php?rest_route=\/wp\/v2\/users\/1"}],"replies":[{"embeddable":true,"href":"https:\/\/radiorevelacionfm.cl\/index.php?rest_route=%2Fwp%2Fv2%2Fcomments&post=40293"}],"version-history":[{"count":1,"href":"https:\/\/radiorevelacionfm.cl\/index.php?rest_route=\/wp\/v2\/posts\/40293\/revisions"}],"predecessor-version":[{"id":40295,"href":"https:\/\/radiorevelacionfm.cl\/index.php?rest_route=\/wp\/v2\/posts\/40293\/revisions\/40295"}],"wp:featuredmedia":[{"embeddable":true,"href":"https:\/\/radiorevelacionfm.cl\/index.php?rest_route=\/wp\/v2\/media\/40294"}],"wp:attachment":[{"href":"https:\/\/radiorevelacionfm.cl\/index.php?rest_route=%2Fwp%2Fv2%2Fmedia&parent=40293"}],"wp:term":[{"taxonomy":"category","embeddable":true,"href":"https:\/\/radiorevelacionfm.cl\/index.php?rest_route=%2Fwp%2Fv2%2Fcategories&post=40293"},{"taxonomy":"post_tag","embeddable":true,"href":"https:\/\/radiorevelacionfm.cl\/index.php?rest_route=%2Fwp%2Fv2%2Ftags&post=40293"}],"curies":[{"name":"wp","href":"https:\/\/api.w.org\/{rel}","templated":true}]}}