{"id":40291,"date":"2024-03-12T17:21:35","date_gmt":"2024-03-12T20:21:35","guid":{"rendered":"https:\/\/radiorevelacionfm.cl\/?p=40291"},"modified":"2024-03-12T17:21:35","modified_gmt":"2024-03-12T20:21:35","slug":"diputado-calisto-impulsa-campana-para-evitar-cambio-de-hora-en-aysen","status":"publish","type":"post","link":"https:\/\/radiorevelacionfm.cl\/?p=40291","title":{"rendered":"Diputado Calisto impulsa campa\u00f1a para evitar cambio de hora en Ays\u00e9n"},"content":{"rendered":"<div class=\"flex_column av_one_full  flex_column_div av-zero-column-padding first  avia-builder-el-0  el_before_av_one_full  avia-builder-el-first  \" style='border-radius:0px; '><div  class='avia-image-container  av-styling-    avia-builder-el-1  avia-builder-el-no-sibling  avia-align-center '  itemprop=\"image\" itemscope=\"itemscope\" itemtype=\"https:\/\/schema.org\/ImageObject\"  ><div class='avia-image-container-inner'><div class='avia-image-overlay-wrap'><img decoding=\"async\" class='wp-image-37338 avia-img-lazy-loading-not-37338 avia_image' src=\"https:\/\/radiorevelacionfm.cl\/wp-content\/uploads\/2023\/11\/CALISTO-EN-LA-CAMARA-1-1.jpeg\" alt='' title='CALISTO EN LA C\u00c1MARA (1) (1)' height=\"600\" width=\"900\"  itemprop=\"thumbnailUrl\" srcset=\"https:\/\/radiorevelacionfm.cl\/wp-content\/uploads\/2023\/11\/CALISTO-EN-LA-CAMARA-1-1.jpeg 900w, https:\/\/radiorevelacionfm.cl\/wp-content\/uploads\/2023\/11\/CALISTO-EN-LA-CAMARA-1-1-300x200.jpeg 300w, https:\/\/radiorevelacionfm.cl\/wp-content\/uploads\/2023\/11\/CALISTO-EN-LA-CAMARA-1-1-768x512.jpeg 768w, https:\/\/radiorevelacionfm.cl\/wp-content\/uploads\/2023\/11\/CALISTO-EN-LA-CAMARA-1-1-705x470.jpeg 705w, https:\/\/radiorevelacionfm.cl\/wp-content\/uploads\/2023\/11\/CALISTO-EN-LA-CAMARA-1-1-450x300.jpeg 450w, https:\/\/radiorevelacionfm.cl\/wp-content\/uploads\/2023\/11\/CALISTO-EN-LA-CAMARA-1-1-600x400.jpeg 600w\" sizes=\"(max-width: 900px) 100vw, 900px\" \/><\/div><\/div><\/div><\/div><div class=\"flex_column av_one_full  flex_column_div av-zero-column-padding first  avia-builder-el-2  el_after_av_one_full  el_before_av_one_full  column-top-margin\" style='border-radius:0px; '><section class=\"av_textblock_section \"  itemscope=\"itemscope\" itemtype=\"https:\/\/schema.org\/BlogPosting\" itemprop=\"blogPost\" ><div class='avia_textblock  '   itemprop=\"text\" ><p style=\"text-align: center;\"><span style=\"font-size: 18pt;\"><b>Diputado Calisto impulsa campa\u00f1a para evitar cambio de hora en Ays\u00e9n<\/b><\/span><\/p>\n<div id=\"gtx-trans\" style=\"position: absolute; left: -50px; top: 4.31534px;\">\n<div class=\"gtx-trans-icon\"><\/div>\n<\/div>\n<\/div><\/section><\/div><div class=\"flex_column av_one_full  flex_column_div av-zero-column-padding first  avia-builder-el-4  el_after_av_one_full  el_before_av_hr  column-top-margin\" style='border-radius:0px; '><section class=\"av_textblock_section \"  itemscope=\"itemscope\" itemtype=\"https:\/\/schema.org\/BlogPosting\" itemprop=\"blogPost\" ><div class='avia_textblock  '   itemprop=\"text\" ><p style=\"font-weight: 400; text-align: justify;\"><em>El legislador public\u00f3 la iniciativa a trav\u00e9s de la p\u00e1gina\u00a0<a href=\"http:\/\/change.org\/\" data-saferedirecturl=\"https:\/\/www.google.com\/url?q=http:\/\/change.org&amp;source=gmail&amp;ust=1710358109289000&amp;usg=AOvVaw1ql7E-2AZzz0mAPL8hnIP0\">change.org<\/a>, donde espera que los vecinos de la regi\u00f3n apoyen la propuesta que busca presionar para mantener el horario de verano.<\/em><\/p>\n<p style=\"font-weight: 400; text-align: justify;\">Mediante el uso de la plataforma Change.org y con el nombre\u00a0<strong>\u201cNo al cambio de hora en Ays\u00e9n\u201d<\/strong>, el diputado\u00a0<strong>Miguel \u00c1ngel Calisto<\/strong>\u00a0est\u00e1 impulsando una campa\u00f1a que pide al Gobierno dejar sin efecto en nuestra regi\u00f3n el cambio de hora que se aplicar\u00e1 en gran parte del territorio nacional este 6 de abril.<\/p>\n<p style=\"font-weight: 400; text-align: justify;\">Seg\u00fan el diputado Calisto, \u201cestamos impulsando una campa\u00f1a regional para solicitarle al Gobierno, ojal\u00e1 con el Consenso de los parlamentarios, alcaldes y dem\u00e1s autoridades regionales, como as\u00ed tambi\u00e9n la comunidad, para que no nos cambien el horario que tenemos ahora, que no se implemente en Ays\u00e9n el cambio de hora\u201d.<\/p>\n<p style=\"font-weight: 400; text-align: justify;\">\u201cMantener el horario de verano nos permitir\u00eda una hora m\u00e1s de luz en la tarde. En el horario de invierno, los ni\u00f1os entran al colegio de noche, y en el caso de la jornada completa, pr\u00e1cticamente salen tambi\u00e9n de noche. Si mantenemos el horario tal como est\u00e1, es algo beneficioso para los ni\u00f1os, para las familias y tambi\u00e9n para el comercio\u201d, indic\u00f3.<\/p>\n<p style=\"font-weight: 400; text-align: justify;\">El legislador agreg\u00f3 que \u201cen nuestra regi\u00f3n es fundamental hacer todos los esfuerzos para permitir instancias que ayuden a mantener una buena salud mental. Tener menos horas de luz en la tarde no nos ayuda en nada, por el contrario. Necesitamos que las familias tengan m\u00e1s tiempo para poder disfrutar cuando el clima lo permita\u201d.<\/p>\n<p style=\"font-weight: 400; text-align: justify;\">\u201cHablamos con la Ministra de Interior y le solicitamos que el Gobierno pueda impulsar esta mantenci\u00f3n del horario de verano. Ella nos dijo que necesitamos un acuerdo del Gobierno Regional para que esta solicitud tenga sentido y sea de consenso. Este es un tema de sentido com\u00fan, tomando en cuenta que nuestra realidad es muy similar a Magallanes, donde esta medida rige desde el a\u00f1o 2017\u201d, indic\u00f3.<\/p>\n<p style=\"font-weight: 400; text-align: justify;\">Para poder apoyar esta campa\u00f1a impulsada por el diputado Miguel \u00c1ngel Calisto, puedes ingresar a la direcci\u00f3n\u00a0<a href=\"https:\/\/chng.it\/SN7jykbtJ6\" data-saferedirecturl=\"https:\/\/www.google.com\/url?q=https:\/\/chng.it\/SN7jykbtJ6&amp;source=gmail&amp;ust=1710358109289000&amp;usg=AOvVaw2v2AsAPRP4SI2mmgzamTlY\">https:\/\/chng.it\/SN7jykbtJ6<\/a>, o escanear el c\u00f3digo QR de la fotograf\u00eda.<\/p>\n<\/div><\/section><\/div><div  style='height:50px' class='hr hr-invisible   avia-builder-el-6  el_after_av_one_full  el_before_av_social_share '><span class='hr-inner ' ><span class='hr-inner-style'><\/span><\/span><\/div><\/p>\n<div  class='av-social-sharing-box  avia-builder-el-7  el_after_av_hr  el_before_av_hr  '><div class='av-share-box'><h5 class='av-share-link-description av-no-toc '>Compartir esta noticia<\/h5><ul class='av-share-box-list noLightbox'><li class='av-share-link av-social-link-facebook' ><a target=\"_blank\" aria-label=\"Compartir en Facebook\" href='https:\/\/www.facebook.com\/sharer.php?u=https:\/\/radiorevelacionfm.cl\/?p=40291&#038;t=Diputado%20Calisto%20impulsa%20campa%C3%B1a%20para%20evitar%20cambio%20de%20hora%20en%20Ays%C3%A9n' aria-hidden='false' data-av_icon='\ue8f3' data-av_iconfont='entypo-fontello' title='' data-avia-related-tooltip='Compartir en Facebook' rel=\"noopener\"><span class='avia_hidden_link_text'>Compartir en Facebook<\/span><\/a><\/li><li class='av-share-link av-social-link-twitter' ><a target=\"_blank\" aria-label=\"Compartir en Twitter\" href='https:\/\/twitter.com\/share?text=Diputado%20Calisto%20impulsa%20campa%C3%B1a%20para%20evitar%20cambio%20de%20hora%20en%20Ays%C3%A9n&#038;url=https:\/\/radiorevelacionfm.cl\/?p=40291' aria-hidden='false' data-av_icon='\ue8f1' data-av_iconfont='entypo-fontello' title='' data-avia-related-tooltip='Compartir en Twitter' rel=\"noopener\"><span class='avia_hidden_link_text'>Compartir en Twitter<\/span><\/a><\/li><li class='av-share-link av-social-link-whatsapp' ><a target=\"_blank\" aria-label=\"Compartir en Whatsapp\" href='https:\/\/api.whatsapp.com\/send?text=https:\/\/radiorevelacionfm.cl\/?p=40291' aria-hidden='false' data-av_icon='\uf232' data-av_iconfont='entypo-fontello' title='' data-avia-related-tooltip='Compartir en Whatsapp' rel=\"noopener\"><span class='avia_hidden_link_text'>Compartir en Whatsapp<\/span><\/a><\/li><li class='av-share-link av-social-link-linkedin' ><a target=\"_blank\" aria-label=\"Compartir en LinkedIn\" href='https:\/\/linkedin.com\/shareArticle?mini=true&#038;title=Diputado%20Calisto%20impulsa%20campa%C3%B1a%20para%20evitar%20cambio%20de%20hora%20en%20Ays%C3%A9n&#038;url=https:\/\/radiorevelacionfm.cl\/?p=40291' aria-hidden='false' data-av_icon='\ue8fc' data-av_iconfont='entypo-fontello' title='' data-avia-related-tooltip='Compartir en LinkedIn' rel=\"noopener\"><span class='avia_hidden_link_text'>Compartir en LinkedIn<\/span><\/a><\/li><li class='av-share-link av-social-link-mail' ><a  aria-label=\"Compartir por correo\" href='mailto:?subject=Diputado%20Calisto%20impulsa%20campa%C3%B1a%20para%20evitar%20cambio%20de%20hora%20en%20Ays%C3%A9n&#038;body=https:\/\/radiorevelacionfm.cl\/?p=40291' aria-hidden='false' data-av_icon='\ue805' data-av_iconfont='entypo-fontello' title='' data-avia-related-tooltip='Compartir por correo'><span class='avia_hidden_link_text'>Compartir por correo<\/span><\/a><\/li><\/ul><\/div><\/div>\n<div  style='height:50px' class='hr hr-invisible   avia-builder-el-8  el_after_av_social_share  el_before_av_comments_list '><span class='hr-inner ' ><span class='hr-inner-style'><\/span><\/span><\/div>\n<div  class='av-buildercomment  av-blog-meta-html-info-disabled av-blog-meta-tag-disabled  '><\/div>\n","protected":false},"excerpt":{"rendered":"","protected":false},"author":1,"featured_media":37338,"comment_status":"open","ping_status":"open","sticky":false,"template":"","format":"standard","meta":{"footnotes":""},"categories":[35],"tags":[],"class_list":["post-40291","post","type-post","status-publish","format-standard","has-post-thumbnail","hentry","category-politica"],"jetpack_featured_media_url":"https:\/\/radiorevelacionfm.cl\/wp-content\/uploads\/2023\/11\/CALISTO-EN-LA-CAMARA-1-1.jpeg","_links":{"self":[{"href":"https:\/\/radiorevelacionfm.cl\/index.php?rest_route=\/wp\/v2\/posts\/40291","targetHints":{"allow":["GET"]}}],"collection":[{"href":"https:\/\/radiorevelacionfm.cl\/index.php?rest_route=\/wp\/v2\/posts"}],"about":[{"href":"https:\/\/radiorevelacionfm.cl\/index.php?rest_route=\/wp\/v2\/types\/post"}],"author":[{"embeddable":true,"href":"https:\/\/radiorevelacionfm.cl\/index.php?rest_route=\/wp\/v2\/users\/1"}],"replies":[{"embeddable":true,"href":"https:\/\/radiorevelacionfm.cl\/index.php?rest_route=%2Fwp%2Fv2%2Fcomments&post=40291"}],"version-history":[{"count":1,"href":"https:\/\/radiorevelacionfm.cl\/index.php?rest_route=\/wp\/v2\/posts\/40291\/revisions"}],"predecessor-version":[{"id":40292,"href":"https:\/\/radiorevelacionfm.cl\/index.php?rest_route=\/wp\/v2\/posts\/40291\/revisions\/40292"}],"wp:featuredmedia":[{"embeddable":true,"href":"https:\/\/radiorevelacionfm.cl\/index.php?rest_route=\/wp\/v2\/media\/37338"}],"wp:attachment":[{"href":"https:\/\/radiorevelacionfm.cl\/index.php?rest_route=%2Fwp%2Fv2%2Fmedia&parent=40291"}],"wp:term":[{"taxonomy":"category","embeddable":true,"href":"https:\/\/radiorevelacionfm.cl\/index.php?rest_route=%2Fwp%2Fv2%2Fcategories&post=40291"},{"taxonomy":"post_tag","embeddable":true,"href":"https:\/\/radiorevelacionfm.cl\/index.php?rest_route=%2Fwp%2Fv2%2Ftags&post=40291"}],"curies":[{"name":"wp","href":"https:\/\/api.w.org\/{rel}","templated":true}]}}