{"id":40288,"date":"2024-03-13T09:59:03","date_gmt":"2024-03-13T12:59:03","guid":{"rendered":"https:\/\/radiorevelacionfm.cl\/?p=40288"},"modified":"2024-03-13T09:59:03","modified_gmt":"2024-03-13T12:59:03","slug":"proyecto-cultural-convoca-a-mujeres-migrantes-a-narrar-sus-vivencias-en-aysen","status":"publish","type":"post","link":"https:\/\/radiorevelacionfm.cl\/?p=40288","title":{"rendered":"Proyecto cultural convoca a mujeres migrantes a narrar sus vivencias en Ays\u00e9n"},"content":{"rendered":"<div class=\"flex_column av_one_full  flex_column_div av-zero-column-padding first  avia-builder-el-0  el_before_av_one_full  avia-builder-el-first  \" style='border-radius:0px; '><div  class='avia-image-container  av-styling-    avia-builder-el-1  avia-builder-el-no-sibling  avia-align-center '  itemprop=\"image\" itemscope=\"itemscope\" itemtype=\"https:\/\/schema.org\/ImageObject\"  ><div class='avia-image-container-inner'><div class='avia-image-overlay-wrap'><img decoding=\"async\" class='wp-image-40289 avia-img-lazy-loading-not-40289 avia_image' src=\"https:\/\/radiorevelacionfm.cl\/wp-content\/uploads\/2024\/03\/de-construccion-del-1_optimized-1.jpg\" alt='' title='de-(construcci\u00f3n)-del-(1)_optimized (1)' height=\"800\" width=\"800\"  itemprop=\"thumbnailUrl\" srcset=\"https:\/\/radiorevelacionfm.cl\/wp-content\/uploads\/2024\/03\/de-construccion-del-1_optimized-1.jpg 800w, https:\/\/radiorevelacionfm.cl\/wp-content\/uploads\/2024\/03\/de-construccion-del-1_optimized-1-300x300.jpg 300w, https:\/\/radiorevelacionfm.cl\/wp-content\/uploads\/2024\/03\/de-construccion-del-1_optimized-1-80x80.jpg 80w, https:\/\/radiorevelacionfm.cl\/wp-content\/uploads\/2024\/03\/de-construccion-del-1_optimized-1-768x768.jpg 768w, https:\/\/radiorevelacionfm.cl\/wp-content\/uploads\/2024\/03\/de-construccion-del-1_optimized-1-36x36.jpg 36w, https:\/\/radiorevelacionfm.cl\/wp-content\/uploads\/2024\/03\/de-construccion-del-1_optimized-1-180x180.jpg 180w, https:\/\/radiorevelacionfm.cl\/wp-content\/uploads\/2024\/03\/de-construccion-del-1_optimized-1-705x705.jpg 705w, https:\/\/radiorevelacionfm.cl\/wp-content\/uploads\/2024\/03\/de-construccion-del-1_optimized-1-120x120.jpg 120w, https:\/\/radiorevelacionfm.cl\/wp-content\/uploads\/2024\/03\/de-construccion-del-1_optimized-1-450x450.jpg 450w, https:\/\/radiorevelacionfm.cl\/wp-content\/uploads\/2024\/03\/de-construccion-del-1_optimized-1-600x600.jpg 600w, https:\/\/radiorevelacionfm.cl\/wp-content\/uploads\/2024\/03\/de-construccion-del-1_optimized-1-100x100.jpg 100w\" sizes=\"(max-width: 800px) 100vw, 800px\" \/><\/div><\/div><\/div><\/div><div class=\"flex_column av_one_full  flex_column_div av-zero-column-padding first  avia-builder-el-2  el_after_av_one_full  el_before_av_one_full  column-top-margin\" style='border-radius:0px; '><section class=\"av_textblock_section \"  itemscope=\"itemscope\" itemtype=\"https:\/\/schema.org\/BlogPosting\" itemprop=\"blogPost\" ><div class='avia_textblock  '   itemprop=\"text\" ><p style=\"text-align: center;\"><span style=\"font-size: 18pt;\"><b>Proyecto cultural convoca a mujeres migrantes a narrar sus vivencias en Ays\u00e9n<\/b><\/span><\/p>\n<div id=\"gtx-trans\" style=\"position: absolute; left: -50px; top: 4.31534px;\">\n<div class=\"gtx-trans-icon\"><\/div>\n<\/div>\n<\/div><\/section><\/div><div class=\"flex_column av_one_full  flex_column_div av-zero-column-padding first  avia-builder-el-4  el_after_av_one_full  el_before_av_hr  column-top-margin\" style='border-radius:0px; '><section class=\"av_textblock_section \"  itemscope=\"itemscope\" itemtype=\"https:\/\/schema.org\/BlogPosting\" itemprop=\"blogPost\" ><div class='avia_textblock  '   itemprop=\"text\" ><p style=\"text-align: justify;\">Visibilizar el protagonismo de ser mujer extranjera en la Regi\u00f3n de Ays\u00e9n, a trav\u00e9s del relato y la fotograf\u00eda es el principal objetivo del proyecto (De) Construcci\u00f3n de Relatos de mujeres migrantes, que es ejecutado gracias al financiamiento del Ministerio de las Culturas, a trav\u00e9s del Fondo Nacional de Desarrollo Cultural y las Artes 2024, en su l\u00ednea de Investigaci\u00f3n.<\/p>\n<p style=\"text-align: justify;\">La profesora de Lengua Portuguesa y Espa\u00f1ol, Naiara Schuck, est\u00e1 a cargo del proyecto y conoce de cerca la experiencia de ser mujer migrante. Lleg\u00f3 hace 15 a\u00f1os a la Patagonia, procedente de su natal Rio Pardo, en Rio Grande Do Sul, Brasil: \u201cLlevo muchos a\u00f1os y la migraci\u00f3n ha sufrido un boom muy grande sobre todos los \u00faltimos a\u00f1os. En esta regi\u00f3n se nota mucho. T\u00fa caminas por la calle y te encuentras siempre con extranjeros en el comercio, y ellos viene a sumar. Esa idea de que todo migrante viene a hacer un da\u00f1o no es as\u00ed\u201d.<\/p>\n<p style=\"text-align: justify;\">El proyecto est\u00e1 directamente vinculado con el rol de la mujer. Naiara cree que \u201ces un tema que se ha abordado muy poco en la regi\u00f3n\u201d. Adem\u00e1s del enfoque de g\u00e9nero, el proyecto descentraliza, pues se desarrollar\u00e1 en Coyhaique, Puerto Ays\u00e9n, Cisnes, Chile Chico y Puerto Ib\u00e1\u00f1ez.<\/p>\n<p style=\"text-align: justify;\">La profesora brasilera resume de este modo qu\u00e9 sucede con la mujer migrante cuando llega a la Regi\u00f3n de Ays\u00e9n y qu\u00e9 busca esta reunion de relatos e im\u00e1genes: \u201cLa adaptaci\u00f3n al fr\u00edo, la le\u00f1a, la estructura del servicio que entrega Chile, c\u00f3mo funciona esa red de instituciones en la regi\u00f3n tambi\u00e9n. El tema de la discriminaci\u00f3n y de la violencia tambi\u00e9n estar\u00e1n presentes. Mi expectativa es que se puedan compartir experiencias, ya ha habido avances previos que demuestran un poco las trayectorias distintas. La mayor\u00eda con sus puntos bastante reflexivos, que te hacen pensar. Son mujeres que han pasado por mucho hasta llegar ac\u00e1. Tambi\u00e9n queremos que sea un espacio emocional para desahogarse de lo que viven d\u00eda a d\u00eda\u201d.<\/p>\n<p style=\"text-align: justify;\">El seremi de Culturas Ays\u00e9n, Felipe Quiroz, cree que se trata de un proyecto muy significativo, \u201cporque no solo aborda el rol de la mujer migrante, sino que tiene un entrecruce entre las comunidades distantes, una mirada que se torna diferente por los factores que la cruzan: el aislamiento y la migraci\u00f3n. De este modo, los relatos y las fotograf\u00edas configuran un panorama que se inmiscuye en lo profundo del territorio, donde lo complejo adquiere un distinto cariz, a\u00fan m\u00e1s para las comunidades que llegan de otros pa\u00edses a hacerse parte de este territorio\u201d.<\/p>\n<p style=\"text-align: justify;\">La invitaci\u00f3n es a seguir las redes sociales del proyecto (De) Construcci\u00f3n de Relatos de mujeres migrantes y a participar, y compartir entre mujeres extranjeras para configurar una mirada de mujer migrante en Ays\u00e9n.<\/p>\n<\/div><\/section><\/div><div  style='height:50px' class='hr hr-invisible   avia-builder-el-6  el_after_av_one_full  el_before_av_social_share '><span class='hr-inner ' ><span class='hr-inner-style'><\/span><\/span><\/div><\/p>\n<div  class='av-social-sharing-box  avia-builder-el-7  el_after_av_hr  el_before_av_hr  '><div class='av-share-box'><h5 class='av-share-link-description av-no-toc '>Compartir esta noticia<\/h5><ul class='av-share-box-list noLightbox'><li class='av-share-link av-social-link-facebook' ><a target=\"_blank\" aria-label=\"Compartir en Facebook\" href='https:\/\/www.facebook.com\/sharer.php?u=https:\/\/radiorevelacionfm.cl\/?p=40288&#038;t=Proyecto%20cultural%20convoca%20a%20mujeres%20migrantes%20a%20narrar%20sus%20vivencias%20en%20Ays%C3%A9n' aria-hidden='false' data-av_icon='\ue8f3' data-av_iconfont='entypo-fontello' title='' data-avia-related-tooltip='Compartir en Facebook' rel=\"noopener\"><span class='avia_hidden_link_text'>Compartir en Facebook<\/span><\/a><\/li><li class='av-share-link av-social-link-twitter' ><a target=\"_blank\" aria-label=\"Compartir en Twitter\" href='https:\/\/twitter.com\/share?text=Proyecto%20cultural%20convoca%20a%20mujeres%20migrantes%20a%20narrar%20sus%20vivencias%20en%20Ays%C3%A9n&#038;url=https:\/\/radiorevelacionfm.cl\/?p=40288' aria-hidden='false' data-av_icon='\ue8f1' data-av_iconfont='entypo-fontello' title='' data-avia-related-tooltip='Compartir en Twitter' rel=\"noopener\"><span class='avia_hidden_link_text'>Compartir en Twitter<\/span><\/a><\/li><li class='av-share-link av-social-link-whatsapp' ><a target=\"_blank\" aria-label=\"Compartir en Whatsapp\" href='https:\/\/api.whatsapp.com\/send?text=https:\/\/radiorevelacionfm.cl\/?p=40288' aria-hidden='false' data-av_icon='\uf232' data-av_iconfont='entypo-fontello' title='' data-avia-related-tooltip='Compartir en Whatsapp' rel=\"noopener\"><span class='avia_hidden_link_text'>Compartir en Whatsapp<\/span><\/a><\/li><li class='av-share-link av-social-link-linkedin' ><a target=\"_blank\" aria-label=\"Compartir en LinkedIn\" href='https:\/\/linkedin.com\/shareArticle?mini=true&#038;title=Proyecto%20cultural%20convoca%20a%20mujeres%20migrantes%20a%20narrar%20sus%20vivencias%20en%20Ays%C3%A9n&#038;url=https:\/\/radiorevelacionfm.cl\/?p=40288' aria-hidden='false' data-av_icon='\ue8fc' data-av_iconfont='entypo-fontello' title='' data-avia-related-tooltip='Compartir en LinkedIn' rel=\"noopener\"><span class='avia_hidden_link_text'>Compartir en LinkedIn<\/span><\/a><\/li><li class='av-share-link av-social-link-mail' ><a  aria-label=\"Compartir por correo\" href='mailto:?subject=Proyecto%20cultural%20convoca%20a%20mujeres%20migrantes%20a%20narrar%20sus%20vivencias%20en%20Ays%C3%A9n&#038;body=https:\/\/radiorevelacionfm.cl\/?p=40288' aria-hidden='false' data-av_icon='\ue805' data-av_iconfont='entypo-fontello' title='' data-avia-related-tooltip='Compartir por correo'><span class='avia_hidden_link_text'>Compartir por correo<\/span><\/a><\/li><\/ul><\/div><\/div>\n<div  style='height:50px' class='hr hr-invisible   avia-builder-el-8  el_after_av_social_share  el_before_av_comments_list '><span class='hr-inner ' ><span class='hr-inner-style'><\/span><\/span><\/div>\n<div  class='av-buildercomment  av-blog-meta-html-info-disabled av-blog-meta-tag-disabled  '><\/div>\n","protected":false},"excerpt":{"rendered":"","protected":false},"author":1,"featured_media":40289,"comment_status":"open","ping_status":"open","sticky":false,"template":"","format":"standard","meta":{"footnotes":""},"categories":[52],"tags":[],"class_list":["post-40288","post","type-post","status-publish","format-standard","has-post-thumbnail","hentry","category-cultura"],"jetpack_featured_media_url":"https:\/\/radiorevelacionfm.cl\/wp-content\/uploads\/2024\/03\/de-construccion-del-1_optimized-1.jpg","_links":{"self":[{"href":"https:\/\/radiorevelacionfm.cl\/index.php?rest_route=\/wp\/v2\/posts\/40288","targetHints":{"allow":["GET"]}}],"collection":[{"href":"https:\/\/radiorevelacionfm.cl\/index.php?rest_route=\/wp\/v2\/posts"}],"about":[{"href":"https:\/\/radiorevelacionfm.cl\/index.php?rest_route=\/wp\/v2\/types\/post"}],"author":[{"embeddable":true,"href":"https:\/\/radiorevelacionfm.cl\/index.php?rest_route=\/wp\/v2\/users\/1"}],"replies":[{"embeddable":true,"href":"https:\/\/radiorevelacionfm.cl\/index.php?rest_route=%2Fwp%2Fv2%2Fcomments&post=40288"}],"version-history":[{"count":1,"href":"https:\/\/radiorevelacionfm.cl\/index.php?rest_route=\/wp\/v2\/posts\/40288\/revisions"}],"predecessor-version":[{"id":40290,"href":"https:\/\/radiorevelacionfm.cl\/index.php?rest_route=\/wp\/v2\/posts\/40288\/revisions\/40290"}],"wp:featuredmedia":[{"embeddable":true,"href":"https:\/\/radiorevelacionfm.cl\/index.php?rest_route=\/wp\/v2\/media\/40289"}],"wp:attachment":[{"href":"https:\/\/radiorevelacionfm.cl\/index.php?rest_route=%2Fwp%2Fv2%2Fmedia&parent=40288"}],"wp:term":[{"taxonomy":"category","embeddable":true,"href":"https:\/\/radiorevelacionfm.cl\/index.php?rest_route=%2Fwp%2Fv2%2Fcategories&post=40288"},{"taxonomy":"post_tag","embeddable":true,"href":"https:\/\/radiorevelacionfm.cl\/index.php?rest_route=%2Fwp%2Fv2%2Ftags&post=40288"}],"curies":[{"name":"wp","href":"https:\/\/api.w.org\/{rel}","templated":true}]}}