{"id":40284,"date":"2024-03-16T12:34:26","date_gmt":"2024-03-16T15:34:26","guid":{"rendered":"https:\/\/radiorevelacionfm.cl\/?p=40284"},"modified":"2024-03-16T12:34:26","modified_gmt":"2024-03-16T15:34:26","slug":"marcelo-santana-se-acabo-el-primer-tiempo-del-gobierno-y-va-perdiendo","status":"publish","type":"post","link":"https:\/\/radiorevelacionfm.cl\/?p=40284","title":{"rendered":"Marcelo Santana: Se acab\u00f3 el primer tiempo del Gobierno y va perdiendo"},"content":{"rendered":"<div class=\"flex_column av_one_full  flex_column_div av-zero-column-padding first  avia-builder-el-0  el_before_av_one_full  avia-builder-el-first  \" style='border-radius:0px; '><div  class='avia-image-container  av-styling-    avia-builder-el-1  avia-builder-el-no-sibling  avia-align-center '  itemprop=\"image\" itemscope=\"itemscope\" itemtype=\"https:\/\/schema.org\/ImageObject\"  ><div class='avia-image-container-inner'><div class='avia-image-overlay-wrap'><img decoding=\"async\" class='wp-image-40285 avia-img-lazy-loading-not-40285 avia_image' src=\"https:\/\/radiorevelacionfm.cl\/wp-content\/uploads\/2024\/03\/marcelo-santana-1_optimized.jpg\" alt='' title='marcelo-santana-(1)_optimized' height=\"600\" width=\"924\"  itemprop=\"thumbnailUrl\" srcset=\"https:\/\/radiorevelacionfm.cl\/wp-content\/uploads\/2024\/03\/marcelo-santana-1_optimized.jpg 924w, https:\/\/radiorevelacionfm.cl\/wp-content\/uploads\/2024\/03\/marcelo-santana-1_optimized-300x195.jpg 300w, https:\/\/radiorevelacionfm.cl\/wp-content\/uploads\/2024\/03\/marcelo-santana-1_optimized-768x499.jpg 768w, https:\/\/radiorevelacionfm.cl\/wp-content\/uploads\/2024\/03\/marcelo-santana-1_optimized-705x458.jpg 705w, https:\/\/radiorevelacionfm.cl\/wp-content\/uploads\/2024\/03\/marcelo-santana-1_optimized-450x292.jpg 450w, https:\/\/radiorevelacionfm.cl\/wp-content\/uploads\/2024\/03\/marcelo-santana-1_optimized-600x390.jpg 600w\" sizes=\"(max-width: 924px) 100vw, 924px\" \/><\/div><\/div><\/div><\/div><div class=\"flex_column av_one_full  flex_column_div av-zero-column-padding first  avia-builder-el-2  el_after_av_one_full  el_before_av_one_full  column-top-margin\" style='border-radius:0px; '><section class=\"av_textblock_section \"  itemscope=\"itemscope\" itemtype=\"https:\/\/schema.org\/BlogPosting\" itemprop=\"blogPost\" ><div class='avia_textblock  '   itemprop=\"text\" ><p style=\"text-align: center;\"><span style=\"font-size: 18pt;\"><strong>Marcelo Santana: Se acab\u00f3 el primer tiempo del Gobierno y va perdiendo<\/strong><\/span><\/p>\n<div id=\"gtx-trans\" style=\"position: absolute; left: -50px; top: 4.31534px;\">\n<div class=\"gtx-trans-icon\"><\/div>\n<\/div>\n<\/div><\/section><\/div><div class=\"flex_column av_one_full  flex_column_div av-zero-column-padding first  avia-builder-el-4  el_after_av_one_full  el_before_av_hr  column-top-margin\" style='border-radius:0px; '><section class=\"av_textblock_section \"  itemscope=\"itemscope\" itemtype=\"https:\/\/schema.org\/BlogPosting\" itemprop=\"blogPost\" ><div class='avia_textblock  '   itemprop=\"text\" ><p style=\"text-align: justify;\">Este 11 de marzo se cumplen los primeros dos a\u00f1os de la administraci\u00f3n actual que encabeza el Presidente Gabriel Boric y si utiliz\u00e1ramos jerga futbol\u00edstica, dir\u00edamos que se les acab\u00f3 el primer tiempo y va perdiendo por varios goles.<\/p>\n<p style=\"text-align: justify;\">Y es que el Gobierno no ha estado a la altura para gestionar e implementar medidas efectivas en contra de la inseguridad y violencia que vive el pa\u00eds. Los delitos violentos alcanzaron en esta administraci\u00f3n m\u00e1ximos hist\u00f3ricos superando los 194 mil casos, seg\u00fan datos del STOP de Carabineros de Chile.<\/p>\n<p style=\"text-align: justify;\">Seg\u00fan la encuesta de enero de Pulso Ciudadano, para el 52% de los chilenos sigue siendo la delincuencia el principal problema del pa\u00eds. Y seg\u00fan reciente publicaci\u00f3n de \u201cStudio P\u00fablico\u201d y la Universidad San Sebasti\u00e1n, un 46% de los consultados considera que la Crisis de Seguridad Nacional ha sido lo peor de este gobierno.<\/p>\n<p style=\"text-align: justify;\">Otro tema donde se ha visto flanqueado el Presidente Boric y su gabinete ha sido en el aumento en la percepci\u00f3n de corrupci\u00f3n en Chile, fuertemente asociado al \u201ccaso convenios\u201d que le cost\u00f3 la salida de uno de sus principales colaboradores, el ex ministro Giorgio Jackson y que hasta la fecha se investigan los procederes de 15 gobiernos regionales y del ministerio de vivienda respecto de traspasos de recursos a fundaciones de dudosa experiencia t\u00e9cnica asociadas la mayor\u00eda de ellas a Revoluci\u00f3n Democr\u00e1tica.<\/p>\n<p style=\"text-align: justify;\">Un tema muy sensible y que lamentablemente tambi\u00e9n afecta a nuestra regi\u00f3n es el aumento de las listas de espera en atenci\u00f3n de Salud. Hoy m\u00e1s de 2,3 millones de personas esperan intervenciones quir\u00fargicas, consultas de especialidad o GES retrasadas, significando un triste aumento del 15% en los \u00faltimos dos a\u00f1os en relaci\u00f3n a esta materia.<\/p>\n<p style=\"text-align: justify;\">En materia econ\u00f3mica, salvo lo que ha significado el control de la inflaci\u00f3n, las cosas no se ven mejores; el desempleo acumula 15 meses al alza, llegando al 8,4% en el trimestre m\u00f3vil noviembre \u2013 diciembre. Los datos tambi\u00e9n muestran que la econom\u00eda nacional est\u00e1 estancada, en el \u00faltimo bienio la econom\u00eda tuvo su peor expansi\u00f3n en los \u00faltimos 34 a\u00f1os creciendo s\u00f3lo un 0,4%, cifra muy menor a lo observado el 2023 en el mundo (3%) y en Latinoam\u00e9rica (2,3%). En Ays\u00e9n la realidad no es muy distinta, la construcci\u00f3n ha sido uno de los sectores econ\u00f3micos m\u00e1s afectados, esto ha estado fuertemente influenciado por la paralizaci\u00f3n y estancamiento de las obras que debe desarrollar el sector p\u00fablico, que no ha logrado revertir la curva negativa de inversiones a diferencia de otras regiones del pa\u00eds.<\/p>\n<p style=\"text-align: justify;\">Comienza el segundo tiempo y los jugadores de gobierno est\u00e1n cansados y con pocas ideas, el entorno tampoco es favorable a ellos, pues en a\u00f1o electoral como \u00e9ste ser\u00e1 complejo llegar a consensos en el parlamento y con otros sectores y gremios. Adicional a esa presi\u00f3n, el gobierno no ha dado se\u00f1ales de querer cambiar su actitud ideol\u00f3gica que le ha impedido avanzar en un tema tan importante como la reforma de pensiones, encontrando s\u00f3lo derrotas en esta materia tan sensible para millones de compatriotas.<\/p>\n<p style=\"text-align: justify;\">El gobierno se juega todo en este segundo tiempo, debe buscar inteligentemente y con sus mejores cartas, resolver estas falencias que no han podido solucionar de manera fructifica, se lo debe a los chilenos que confiaron en el presidente Boric, su programa y sus promesas, se\u00f1al\u00f3 <em>Marcelo Santana Vargas.<\/em><\/p>\n<\/div><\/section><\/div><div  style='height:50px' class='hr hr-invisible   avia-builder-el-6  el_after_av_one_full  el_before_av_social_share '><span class='hr-inner ' ><span class='hr-inner-style'><\/span><\/span><\/div><\/p>\n<div  class='av-social-sharing-box  avia-builder-el-7  el_after_av_hr  el_before_av_hr  '><div class='av-share-box'><h5 class='av-share-link-description av-no-toc '>Compartir esta noticia<\/h5><ul class='av-share-box-list noLightbox'><li class='av-share-link av-social-link-facebook' ><a target=\"_blank\" aria-label=\"Compartir en Facebook\" href='https:\/\/www.facebook.com\/sharer.php?u=https:\/\/radiorevelacionfm.cl\/?p=40284&#038;t=Marcelo%20Santana%3A%20Se%20acab%C3%B3%20el%20primer%20tiempo%20del%20Gobierno%20y%20va%20perdiendo' aria-hidden='false' data-av_icon='\ue8f3' data-av_iconfont='entypo-fontello' title='' data-avia-related-tooltip='Compartir en Facebook' rel=\"noopener\"><span class='avia_hidden_link_text'>Compartir en Facebook<\/span><\/a><\/li><li class='av-share-link av-social-link-twitter' ><a target=\"_blank\" aria-label=\"Compartir en Twitter\" href='https:\/\/twitter.com\/share?text=Marcelo%20Santana%3A%20Se%20acab%C3%B3%20el%20primer%20tiempo%20del%20Gobierno%20y%20va%20perdiendo&#038;url=https:\/\/radiorevelacionfm.cl\/?p=40284' aria-hidden='false' data-av_icon='\ue8f1' data-av_iconfont='entypo-fontello' title='' data-avia-related-tooltip='Compartir en Twitter' rel=\"noopener\"><span class='avia_hidden_link_text'>Compartir en Twitter<\/span><\/a><\/li><li class='av-share-link av-social-link-whatsapp' ><a target=\"_blank\" aria-label=\"Compartir en Whatsapp\" href='https:\/\/api.whatsapp.com\/send?text=https:\/\/radiorevelacionfm.cl\/?p=40284' aria-hidden='false' data-av_icon='\uf232' data-av_iconfont='entypo-fontello' title='' data-avia-related-tooltip='Compartir en Whatsapp' rel=\"noopener\"><span class='avia_hidden_link_text'>Compartir en Whatsapp<\/span><\/a><\/li><li class='av-share-link av-social-link-linkedin' ><a target=\"_blank\" aria-label=\"Compartir en LinkedIn\" href='https:\/\/linkedin.com\/shareArticle?mini=true&#038;title=Marcelo%20Santana%3A%20Se%20acab%C3%B3%20el%20primer%20tiempo%20del%20Gobierno%20y%20va%20perdiendo&#038;url=https:\/\/radiorevelacionfm.cl\/?p=40284' aria-hidden='false' data-av_icon='\ue8fc' data-av_iconfont='entypo-fontello' title='' data-avia-related-tooltip='Compartir en LinkedIn' rel=\"noopener\"><span class='avia_hidden_link_text'>Compartir en LinkedIn<\/span><\/a><\/li><li class='av-share-link av-social-link-mail' ><a  aria-label=\"Compartir por correo\" href='mailto:?subject=Marcelo%20Santana%3A%20Se%20acab%C3%B3%20el%20primer%20tiempo%20del%20Gobierno%20y%20va%20perdiendo&#038;body=https:\/\/radiorevelacionfm.cl\/?p=40284' aria-hidden='false' data-av_icon='\ue805' data-av_iconfont='entypo-fontello' title='' data-avia-related-tooltip='Compartir por correo'><span class='avia_hidden_link_text'>Compartir por correo<\/span><\/a><\/li><\/ul><\/div><\/div>\n<div  style='height:50px' class='hr hr-invisible   avia-builder-el-8  el_after_av_social_share  el_before_av_comments_list '><span class='hr-inner ' ><span class='hr-inner-style'><\/span><\/span><\/div>\n<div  class='av-buildercomment  av-blog-meta-html-info-disabled av-blog-meta-tag-disabled  '><\/div>\n","protected":false},"excerpt":{"rendered":"","protected":false},"author":1,"featured_media":40285,"comment_status":"open","ping_status":"open","sticky":false,"template":"","format":"standard","meta":{"footnotes":""},"categories":[50],"tags":[],"class_list":["post-40284","post","type-post","status-publish","format-standard","has-post-thumbnail","hentry","category-cartas-y-opinion"],"jetpack_featured_media_url":"https:\/\/radiorevelacionfm.cl\/wp-content\/uploads\/2024\/03\/marcelo-santana-1_optimized.jpg","_links":{"self":[{"href":"https:\/\/radiorevelacionfm.cl\/index.php?rest_route=\/wp\/v2\/posts\/40284","targetHints":{"allow":["GET"]}}],"collection":[{"href":"https:\/\/radiorevelacionfm.cl\/index.php?rest_route=\/wp\/v2\/posts"}],"about":[{"href":"https:\/\/radiorevelacionfm.cl\/index.php?rest_route=\/wp\/v2\/types\/post"}],"author":[{"embeddable":true,"href":"https:\/\/radiorevelacionfm.cl\/index.php?rest_route=\/wp\/v2\/users\/1"}],"replies":[{"embeddable":true,"href":"https:\/\/radiorevelacionfm.cl\/index.php?rest_route=%2Fwp%2Fv2%2Fcomments&post=40284"}],"version-history":[{"count":1,"href":"https:\/\/radiorevelacionfm.cl\/index.php?rest_route=\/wp\/v2\/posts\/40284\/revisions"}],"predecessor-version":[{"id":40286,"href":"https:\/\/radiorevelacionfm.cl\/index.php?rest_route=\/wp\/v2\/posts\/40284\/revisions\/40286"}],"wp:featuredmedia":[{"embeddable":true,"href":"https:\/\/radiorevelacionfm.cl\/index.php?rest_route=\/wp\/v2\/media\/40285"}],"wp:attachment":[{"href":"https:\/\/radiorevelacionfm.cl\/index.php?rest_route=%2Fwp%2Fv2%2Fmedia&parent=40284"}],"wp:term":[{"taxonomy":"category","embeddable":true,"href":"https:\/\/radiorevelacionfm.cl\/index.php?rest_route=%2Fwp%2Fv2%2Fcategories&post=40284"},{"taxonomy":"post_tag","embeddable":true,"href":"https:\/\/radiorevelacionfm.cl\/index.php?rest_route=%2Fwp%2Fv2%2Ftags&post=40284"}],"curies":[{"name":"wp","href":"https:\/\/api.w.org\/{rel}","templated":true}]}}