{"id":40281,"date":"2024-03-12T21:23:12","date_gmt":"2024-03-13T00:23:12","guid":{"rendered":"https:\/\/radiorevelacionfm.cl\/?p=40281"},"modified":"2024-03-12T21:23:12","modified_gmt":"2024-03-13T00:23:12","slug":"nuevo-director-serviu-y-alcalde-de-aysen-fijan-trabajo-en-conjunto-para-avanzar-en-proyectos-habitacionales","status":"publish","type":"post","link":"https:\/\/radiorevelacionfm.cl\/?p=40281","title":{"rendered":"Nuevo Director Serviu y Alcalde de Ays\u00e9n fijan trabajo en conjunto para avanzar en proyectos habitacionales"},"content":{"rendered":"<div class=\"flex_column av_one_full  flex_column_div av-zero-column-padding first  avia-builder-el-0  el_before_av_one_full  avia-builder-el-first  \" style='border-radius:0px; '><div  class='avia-image-container  av-styling-    avia-builder-el-1  avia-builder-el-no-sibling  avia-align-center '  itemprop=\"image\" itemscope=\"itemscope\" itemtype=\"https:\/\/schema.org\/ImageObject\"  ><div class='avia-image-container-inner'><div class='avia-image-overlay-wrap'><img decoding=\"async\" class='wp-image-40282 avia-img-lazy-loading-not-40282 avia_image' src=\"https:\/\/radiorevelacionfm.cl\/wp-content\/uploads\/2024\/03\/reunion-director-serviu-3-1_optimized.jpg\" alt='' title='reunion-director-serviu-3-(1)_optimized' height=\"600\" width=\"1066\"  itemprop=\"thumbnailUrl\" srcset=\"https:\/\/radiorevelacionfm.cl\/wp-content\/uploads\/2024\/03\/reunion-director-serviu-3-1_optimized.jpg 1066w, https:\/\/radiorevelacionfm.cl\/wp-content\/uploads\/2024\/03\/reunion-director-serviu-3-1_optimized-300x169.jpg 300w, https:\/\/radiorevelacionfm.cl\/wp-content\/uploads\/2024\/03\/reunion-director-serviu-3-1_optimized-1030x580.jpg 1030w, https:\/\/radiorevelacionfm.cl\/wp-content\/uploads\/2024\/03\/reunion-director-serviu-3-1_optimized-768x432.jpg 768w, https:\/\/radiorevelacionfm.cl\/wp-content\/uploads\/2024\/03\/reunion-director-serviu-3-1_optimized-705x397.jpg 705w, https:\/\/radiorevelacionfm.cl\/wp-content\/uploads\/2024\/03\/reunion-director-serviu-3-1_optimized-450x253.jpg 450w, https:\/\/radiorevelacionfm.cl\/wp-content\/uploads\/2024\/03\/reunion-director-serviu-3-1_optimized-600x338.jpg 600w\" sizes=\"(max-width: 1066px) 100vw, 1066px\" \/><\/div><\/div><\/div><\/div><div class=\"flex_column av_one_full  flex_column_div av-zero-column-padding first  avia-builder-el-2  el_after_av_one_full  el_before_av_one_full  column-top-margin\" style='border-radius:0px; '><section class=\"av_textblock_section \"  itemscope=\"itemscope\" itemtype=\"https:\/\/schema.org\/BlogPosting\" itemprop=\"blogPost\" ><div class='avia_textblock  '   itemprop=\"text\" ><p style=\"text-align: center;\"><strong><span style=\"font-size: 18pt;\">Nuevo Director Serviu y Alcalde de Ays\u00e9n fijan trabajo en conjunto para avanzar en proyectos habitacionales<\/span><\/strong><\/p>\n<div id=\"gtx-trans\" style=\"position: absolute; left: -50px; top: 4.31534px;\">\n<div class=\"gtx-trans-icon\"><\/div>\n<\/div>\n<\/div><\/section><\/div><div class=\"flex_column av_one_full  flex_column_div av-zero-column-padding first  avia-builder-el-4  el_after_av_one_full  el_before_av_hr  column-top-margin\" style='border-radius:0px; '><section class=\"av_textblock_section \"  itemscope=\"itemscope\" itemtype=\"https:\/\/schema.org\/BlogPosting\" itemprop=\"blogPost\" ><div class='avia_textblock  '   itemprop=\"text\" ><p style=\"text-align: justify;\">La ma\u00f1ana de este martes, lleg\u00f3 hasta la Ilustre Municipalidad de Ays\u00e9n, el nuevo Director Regional del Servicio de Vivienda y Urbanismo de la regi\u00f3n, V\u00edctor Contreras, quien realiz\u00f3 el saludo protocolar al Alcalde, Julio Uribe.<\/p>\n<p style=\"text-align: justify;\">En el encuentro estuvo presente tambi\u00e9n el delegado provincial Serviu, Cristian Borquez y la encargada de la entidad patrocinante municipal de Ays\u00e9n, Carolina Cifuentes, con quienes se analiz\u00f3 la actual situaci\u00f3n de los proyectos de la comuna.<\/p>\n<p style=\"text-align: justify;\">La nueva autoridad sectorial, manifest\u00f3 que es muy importante sostener reuniones con los alcaldes de las distintas comunas y en particular en Ays\u00e9n, se determinaron acuerdos que permitan superar algunas brechas desde el punto de vista administrativo.<\/p>\n<p style=\"text-align: justify;\">\u201cEstamos iniciando una visita a las comunas de la regi\u00f3n, para conocer el territorio, era importante venir a saludar a su casa a la m\u00e1xima autoridad comunal. Acordamos algunas cosas, de c\u00f3mo hacer que el trabajo fluya de manera m\u00e1s din\u00e1mica y tambi\u00e9n superar algunas brechas que a veces son administrativas, no son temas tan complejos, pero que es importante coordinarse. Fortalecer la comunicaci\u00f3n y la coordinaci\u00f3n con los Alcaldes, con los Municipios y a trav\u00e9s de ellos con la gente, es lo que nos interesa, es lo que nos pide el Presidente y lo tratamos de hacer en cada una de nuestras acciones\u201d, indic\u00f3 V\u00edctor Contreras.<\/p>\n<p style=\"text-align: justify;\">El Alcalde de la comuna de Ays\u00e9n, Julio Uribe, relev\u00f3 el buen desarrollo de la reuni\u00f3n, una instancia productiva, donde se destaca la voluntad del nuevo Director Regional del Serviu, en avanzar y llegar a acuerdos que deriven en prontas acciones y beneficios para la comunidad organizada.<\/p>\n<p style=\"text-align: justify;\">\u201cUna muy buena reuni\u00f3n con el nuevo director don, V\u00edctor Contreras, quien ha mostrado disposici\u00f3n para poder trabajar con el Municipio, felicit\u00f3 tambi\u00e9n a nuestra entidad patrocinante, \u00e9l estuvo averiguando, somos el Municipio que m\u00e1s proyectos de vivienda tiene. Por lo tanto, es una alegr\u00eda cuando somos reconocidos y tambi\u00e9n le mostramos los problemas que tenemos con los proyectos DS 27, los que han quedado algunos meses con retrasos, planteando como poder mejorar y esas son cosas que nos tienen muy motivados, porque al primer alcalde que venga a visitar, por la cantidad de proyectos que tenemos, eso es muy relevante\u201d.<\/p>\n<p style=\"text-align: justify;\">Acortar los tiempos, avanzar con los distintos comit\u00e9s, sostener reuniones con los dirigentes y fortalecer el v\u00ednculo de trabajo entre los equipos de la Municipalidad de Ays\u00e9n y el Servicio de Vivienda y Urbanismo, fue parte de lo conversado en esta reuni\u00f3n entre el Alcalde Julio Uribe y el nuevo Director Regional Serviu, V\u00edctor Contreras.<\/p>\n<\/div><\/section><\/div><div  style='height:50px' class='hr hr-invisible   avia-builder-el-6  el_after_av_one_full  el_before_av_social_share '><span class='hr-inner ' ><span class='hr-inner-style'><\/span><\/span><\/div><\/p>\n<div  class='av-social-sharing-box  avia-builder-el-7  el_after_av_hr  el_before_av_hr  '><div class='av-share-box'><h5 class='av-share-link-description av-no-toc '>Compartir esta noticia<\/h5><ul class='av-share-box-list noLightbox'><li class='av-share-link av-social-link-facebook' ><a target=\"_blank\" aria-label=\"Compartir en Facebook\" href='https:\/\/www.facebook.com\/sharer.php?u=https:\/\/radiorevelacionfm.cl\/?p=40281&#038;t=Nuevo%20Director%20Serviu%20y%20Alcalde%20de%20Ays%C3%A9n%20fijan%20trabajo%20en%20conjunto%20para%20avanzar%20en%20proyectos%20habitacionales' aria-hidden='false' data-av_icon='\ue8f3' data-av_iconfont='entypo-fontello' title='' data-avia-related-tooltip='Compartir en Facebook' rel=\"noopener\"><span class='avia_hidden_link_text'>Compartir en Facebook<\/span><\/a><\/li><li class='av-share-link av-social-link-twitter' ><a target=\"_blank\" aria-label=\"Compartir en Twitter\" href='https:\/\/twitter.com\/share?text=Nuevo%20Director%20Serviu%20y%20Alcalde%20de%20Ays%C3%A9n%20fijan%20trabajo%20en%20conjunto%20para%20avanzar%20en%20proyectos%20habitacionales&#038;url=https:\/\/radiorevelacionfm.cl\/?p=40281' aria-hidden='false' data-av_icon='\ue8f1' data-av_iconfont='entypo-fontello' title='' data-avia-related-tooltip='Compartir en Twitter' rel=\"noopener\"><span class='avia_hidden_link_text'>Compartir en Twitter<\/span><\/a><\/li><li class='av-share-link av-social-link-whatsapp' ><a target=\"_blank\" aria-label=\"Compartir en Whatsapp\" href='https:\/\/api.whatsapp.com\/send?text=https:\/\/radiorevelacionfm.cl\/?p=40281' aria-hidden='false' data-av_icon='\uf232' data-av_iconfont='entypo-fontello' title='' data-avia-related-tooltip='Compartir en Whatsapp' rel=\"noopener\"><span class='avia_hidden_link_text'>Compartir en Whatsapp<\/span><\/a><\/li><li class='av-share-link av-social-link-linkedin' ><a target=\"_blank\" aria-label=\"Compartir en LinkedIn\" href='https:\/\/linkedin.com\/shareArticle?mini=true&#038;title=Nuevo%20Director%20Serviu%20y%20Alcalde%20de%20Ays%C3%A9n%20fijan%20trabajo%20en%20conjunto%20para%20avanzar%20en%20proyectos%20habitacionales&#038;url=https:\/\/radiorevelacionfm.cl\/?p=40281' aria-hidden='false' data-av_icon='\ue8fc' data-av_iconfont='entypo-fontello' title='' data-avia-related-tooltip='Compartir en LinkedIn' rel=\"noopener\"><span class='avia_hidden_link_text'>Compartir en LinkedIn<\/span><\/a><\/li><li class='av-share-link av-social-link-mail' ><a  aria-label=\"Compartir por correo\" href='mailto:?subject=Nuevo%20Director%20Serviu%20y%20Alcalde%20de%20Ays%C3%A9n%20fijan%20trabajo%20en%20conjunto%20para%20avanzar%20en%20proyectos%20habitacionales&#038;body=https:\/\/radiorevelacionfm.cl\/?p=40281' aria-hidden='false' data-av_icon='\ue805' data-av_iconfont='entypo-fontello' title='' data-avia-related-tooltip='Compartir por correo'><span class='avia_hidden_link_text'>Compartir por correo<\/span><\/a><\/li><\/ul><\/div><\/div>\n<div  style='height:50px' class='hr hr-invisible   avia-builder-el-8  el_after_av_social_share  el_before_av_comments_list '><span class='hr-inner ' ><span class='hr-inner-style'><\/span><\/span><\/div>\n<div  class='av-buildercomment  av-blog-meta-html-info-disabled av-blog-meta-tag-disabled  '><\/div>\n","protected":false},"excerpt":{"rendered":"","protected":false},"author":1,"featured_media":40282,"comment_status":"open","ping_status":"open","sticky":false,"template":"","format":"standard","meta":{"footnotes":""},"categories":[38],"tags":[],"class_list":["post-40281","post","type-post","status-publish","format-standard","has-post-thumbnail","hentry","category-regional"],"jetpack_featured_media_url":"https:\/\/radiorevelacionfm.cl\/wp-content\/uploads\/2024\/03\/reunion-director-serviu-3-1_optimized.jpg","_links":{"self":[{"href":"https:\/\/radiorevelacionfm.cl\/index.php?rest_route=\/wp\/v2\/posts\/40281","targetHints":{"allow":["GET"]}}],"collection":[{"href":"https:\/\/radiorevelacionfm.cl\/index.php?rest_route=\/wp\/v2\/posts"}],"about":[{"href":"https:\/\/radiorevelacionfm.cl\/index.php?rest_route=\/wp\/v2\/types\/post"}],"author":[{"embeddable":true,"href":"https:\/\/radiorevelacionfm.cl\/index.php?rest_route=\/wp\/v2\/users\/1"}],"replies":[{"embeddable":true,"href":"https:\/\/radiorevelacionfm.cl\/index.php?rest_route=%2Fwp%2Fv2%2Fcomments&post=40281"}],"version-history":[{"count":1,"href":"https:\/\/radiorevelacionfm.cl\/index.php?rest_route=\/wp\/v2\/posts\/40281\/revisions"}],"predecessor-version":[{"id":40283,"href":"https:\/\/radiorevelacionfm.cl\/index.php?rest_route=\/wp\/v2\/posts\/40281\/revisions\/40283"}],"wp:featuredmedia":[{"embeddable":true,"href":"https:\/\/radiorevelacionfm.cl\/index.php?rest_route=\/wp\/v2\/media\/40282"}],"wp:attachment":[{"href":"https:\/\/radiorevelacionfm.cl\/index.php?rest_route=%2Fwp%2Fv2%2Fmedia&parent=40281"}],"wp:term":[{"taxonomy":"category","embeddable":true,"href":"https:\/\/radiorevelacionfm.cl\/index.php?rest_route=%2Fwp%2Fv2%2Fcategories&post=40281"},{"taxonomy":"post_tag","embeddable":true,"href":"https:\/\/radiorevelacionfm.cl\/index.php?rest_route=%2Fwp%2Fv2%2Ftags&post=40281"}],"curies":[{"name":"wp","href":"https:\/\/api.w.org\/{rel}","templated":true}]}}