{"id":4028,"date":"2021-05-11T18:03:15","date_gmt":"2021-05-11T21:03:15","guid":{"rendered":"https:\/\/radiorevelacionfm.cl\/?p=4028"},"modified":"2021-05-11T18:03:15","modified_gmt":"2021-05-11T21:03:15","slug":"llaman-a-turistas-electorales-a-dejar-que-la-gente-de-chile-chico-elija-a-sus-autoridades","status":"publish","type":"post","link":"https:\/\/radiorevelacionfm.cl\/?p=4028","title":{"rendered":"Llaman a \u201cturistas electorales\u201d a dejar que la gente de Chile Chico elija a sus autoridades"},"content":{"rendered":"<div class=\"flex_column av_one_full  flex_column_div av-zero-column-padding first  avia-builder-el-0  el_before_av_one_full  avia-builder-el-first  \" style='border-radius:0px; '><div  class='avia-image-container  av-styling-    avia-builder-el-1  avia-builder-el-no-sibling  avia-align-center '  itemprop=\"image\" itemscope=\"itemscope\" itemtype=\"https:\/\/schema.org\/ImageObject\"  ><div class='avia-image-container-inner'><div class='avia-image-overlay-wrap'><img decoding=\"async\" class='wp-image-4029 avia-img-lazy-loading-not-4029 avia_image' src=\"https:\/\/radiorevelacionfm.cl\/wp-content\/uploads\/2021\/05\/CHILE-CHICO_2.jpg\" alt='' title='CHILE CHICO_2' height=\"600\" width=\"900\"  itemprop=\"thumbnailUrl\" srcset=\"https:\/\/radiorevelacionfm.cl\/wp-content\/uploads\/2021\/05\/CHILE-CHICO_2.jpg 900w, https:\/\/radiorevelacionfm.cl\/wp-content\/uploads\/2021\/05\/CHILE-CHICO_2-300x200.jpg 300w, https:\/\/radiorevelacionfm.cl\/wp-content\/uploads\/2021\/05\/CHILE-CHICO_2-768x512.jpg 768w, https:\/\/radiorevelacionfm.cl\/wp-content\/uploads\/2021\/05\/CHILE-CHICO_2-705x470.jpg 705w, https:\/\/radiorevelacionfm.cl\/wp-content\/uploads\/2021\/05\/CHILE-CHICO_2-600x400.jpg 600w\" sizes=\"(max-width: 900px) 100vw, 900px\" \/><\/div><\/div><\/div><\/div><div class=\"flex_column av_one_full  flex_column_div av-zero-column-padding first  avia-builder-el-2  el_after_av_one_full  el_before_av_one_full  column-top-margin\" style='border-radius:0px; '><section class=\"av_textblock_section \"  itemscope=\"itemscope\" itemtype=\"https:\/\/schema.org\/BlogPosting\" itemprop=\"blogPost\" ><div class='avia_textblock  '   itemprop=\"text\" ><p style=\"text-align: center;\"><strong><span style=\"font-size: 18pt;\">Llaman a \u201cturistas electorales\u201d a dejar que la gente de Chile Chico elija a sus autoridades<\/span><\/strong><\/p>\n<div id=\"gtx-trans\" style=\"position: absolute; left: -50px; top: 4.31534px;\">\n<div class=\"gtx-trans-icon\"><\/div>\n<\/div>\n<\/div><\/section><\/div><div class=\"flex_column av_one_full  flex_column_div av-zero-column-padding first  avia-builder-el-4  el_after_av_one_full  el_before_av_hr  column-top-margin\" style='border-radius:0px; '><section class=\"av_textblock_section \"  itemscope=\"itemscope\" itemtype=\"https:\/\/schema.org\/BlogPosting\" itemprop=\"blogPost\" ><div class='avia_textblock  '   itemprop=\"text\" ><p style=\"text-align: justify;\">El tema sanitario es algo principal, considerando que quienes llegar\u00edan a Chile Chico y Guadal ser\u00edan personas que viven en Coyhaique y ello podr\u00eda significar una compleja propagaci\u00f3n del Covid -19.<\/p>\n<p style=\"text-align: justify;\">Tal como estar\u00eda ocurriendo en Guaitecas, donde la comunidad y dirigentes han manifestado su preocupaci\u00f3n por la llegada de al menos 400 votantes que no son de la comuna. A Chile Chico tambi\u00e9n llegar\u00eda este fin de semana un n\u00famero no menor de personas que viajan solo para participar en las elecciones de este 15 y 16 mayo, pero que no viven en la zona.<\/p>\n<p style=\"text-align: justify;\">La Concejala Teresa Aguilar, junto dar con a conocer su molestia por esta situaci\u00f3n, cree que es importante tomar conciencia de los riegos sanitarios a los que se expone la comunidad, ya que, desde su experiencia cuenta que estar contagiada con Covid no es algo sencillo.<\/p>\n<p style=\"text-align: justify;\">\u201cYo lo encuentro bastante tirado de las mechas que venga gente de afuera a votar, siendo que ellos no viven ac\u00e1, no conocen nuestra realidad y con todo lo que estamos pasando con la pandemia, donde siguen d\u00eda a d\u00eda los contagios, no deber\u00edan exponerse de venir a votar ac\u00e1 a Chile Chico. Porque todos tienen familia, tienen hijos, abuelos, nietos, por eso, cuiden su familia, qu\u00e9dense en Coyhaique y se los digo porque yo estuve enferma, tuve Covid \u2013 19, no s\u00e9 qui\u00e9n me contagio, pudo haber sido alguien de afuera que vino, como yo visito a tanta gente. Pero el mensaje es que no venga de Coyhaique\u201d.<\/p>\n<p style=\"text-align: justify;\">Aun cuando no se puede exigir, pero si hay personas que viajan a Chile Chico a votar, lo ideal ser\u00eda que lleguen con PCR Negativo, se\u00f1al\u00f3 la Concejala Velides Urrutia.<\/p>\n<p style=\"text-align: justify;\">\u201cSi es que realmente va a venir gente a nuestra comuna a votar, yo creo que lo m\u00e1s l\u00f3gico ser\u00eda que vengan con la medida del PCR Negativo, que la gente tome esa precauci\u00f3n, porque nosotros tampoco nos podemos exponer a que en un acto eleccionario quede ac\u00e1 la embarrada y quedemos de nuevo contagiados con altos \u00edndices y volvamos a fase 2, fase1, porque claramente la gente que no vive ac\u00e1 no debiera elegir a nuestras autoridades\u201d.<\/p>\n<p style=\"text-align: justify;\">Para el dirigente pol\u00edtico de la \u201cciudad del sol\u201d, Luis Vel\u00e1squez, de ocurrir un \u201cacarreo\u201d de votantes de Coyhaique a Chile Chico, eso vendr\u00eda a distorsionar la realidad electoral de la comuna. Dando cuenta adem\u00e1s que, esto obedece a antiguas estrategias de pol\u00edticos irresponsables, que solo trabajan en base a la mentira y la demagogia.<\/p>\n<p style=\"text-align: justify;\">\u201cIndudablemente que eso viene a distorsionar la realidad electoral de nuestro pueblo, quienes hacen eso, saben que est\u00e1n incurriendo en faltas y burlando la ley, eso es acarreo. Es algo lamentable, porque son compatriotas que no est\u00e1n viviendo hoy en d\u00eda en la comuna de Chile Chico, tienen su residencia en otro lugar. Pero lo bueno es dejar a chilechiquenses que decidan cual es el camino que quieren seguir, ahora, esperemos que las fiscalizaciones funcionen. Adem\u00e1s, muchos pol\u00edticos se caracterizan, no precisamente por ser responsables, la mentira, la demagogia, el enga\u00f1ar a la gente, es parte de ellos y lamentablemente con este tipo de actitudes siguen en lo mismo que la gente ha venido rechazando y que en definitiva le hace mucho mal a la pol\u00edtica en s\u00ed misma\u201d.<\/p>\n<p style=\"text-align: justify;\">Margarita Alarc\u00f3n es dirigente sindical y social de Chile Chico, quien dio a conocer su temor porque en los pr\u00f3ximos d\u00edas y a ra\u00edz de votantes de otros lugares de la regi\u00f3n se vuelva retroceder en el plan paso a paso.<\/p>\n<p style=\"text-align: justify;\">\u201cNo me gustar\u00eda estar temiendo que la pr\u00f3xima semana volvamos a retroceder, no ser\u00eda bueno que venga tanta gente, yo no lo encuentro ideal. Ojala que las autoridades hagan algo y se preocupen de eso, para cuidarnos todos. Porque cuando nos restring\u00edan tanto en salir y de lo contrario nos llamaban la atenci\u00f3n en la calle, sacaban multa y ahora esta tan f\u00e1cil llegar y salir este fin de semana. Tambi\u00e9n yo s\u00e9 que va a venir mucha gente de Coyhaique a votar, pero quiz\u00e1s vengan personas que nos puedan contagiar, por ello, lo ideal que todos los que votemos seamos de Chile Chico y de la comuna, para que la persona que va a salir electa sea por la gente de la zona y no por gente de afuera. Porque van a venir a votar, el d\u00eda domingo se van a ir, no los vamos a ver m\u00e1s y los que nos quedamos somos nosotros\u201d.<\/p>\n<p style=\"text-align: justify;\">Reiteraron el llamado a las autoridades que estar\u00e1n a cargo del proceso eleccionario a desarrollar las fiscalizaciones como corresponde, sobre todo el tema sanitario, ya que, en Coyhaique este fin de semana estar\u00e1n en cuarentena hay alrededor de 300 casos activos de Covid \u2013 19, mientras que la comuna de Chile Chico tiene apenas 1 caso activo y ha sido con la responsabilidad de toda la ciudadan\u00eda, por lo mismo, no quieren y rechazan toda presencia de \u201cturistas electorales\u201d este fin de semana, ya que ello, podr\u00eda desatar un serio problema sanitario y aumento en los casos de coronavirus.<\/p>\n<\/div><\/section><\/div><div  style='height:50px' class='hr hr-invisible   avia-builder-el-6  el_after_av_one_full  el_before_av_social_share '><span class='hr-inner ' ><span class='hr-inner-style'><\/span><\/span><\/div><\/p>\n<div  class='av-social-sharing-box  avia-builder-el-7  el_after_av_hr  el_before_av_hr  '><div class='av-share-box'><h5 class='av-share-link-description av-no-toc '>Compartir esta noticia<\/h5><ul class='av-share-box-list noLightbox'><li class='av-share-link av-social-link-facebook' ><a target=\"_blank\" aria-label=\"Compartir en Facebook\" href='https:\/\/www.facebook.com\/sharer.php?u=https:\/\/radiorevelacionfm.cl\/?p=4028&#038;t=Llaman%20a%20%E2%80%9Cturistas%20electorales%E2%80%9D%20a%20dejar%20que%20la%20gente%20de%20Chile%20Chico%20elija%20a%20sus%20autoridades' aria-hidden='false' data-av_icon='\ue8f3' data-av_iconfont='entypo-fontello' title='' data-avia-related-tooltip='Compartir en Facebook' rel=\"noopener\"><span class='avia_hidden_link_text'>Compartir en Facebook<\/span><\/a><\/li><li class='av-share-link av-social-link-twitter' ><a target=\"_blank\" aria-label=\"Compartir en Twitter\" href='https:\/\/twitter.com\/share?text=Llaman%20a%20%E2%80%9Cturistas%20electorales%E2%80%9D%20a%20dejar%20que%20la%20gente%20de%20Chile%20Chico%20elija%20a%20sus%20autoridades&#038;url=https:\/\/radiorevelacionfm.cl\/?p=4028' aria-hidden='false' data-av_icon='\ue8f1' data-av_iconfont='entypo-fontello' title='' data-avia-related-tooltip='Compartir en Twitter' rel=\"noopener\"><span class='avia_hidden_link_text'>Compartir en Twitter<\/span><\/a><\/li><li class='av-share-link av-social-link-whatsapp' ><a target=\"_blank\" aria-label=\"Compartir en Whatsapp\" href='https:\/\/api.whatsapp.com\/send?text=https:\/\/radiorevelacionfm.cl\/?p=4028' aria-hidden='false' data-av_icon='\uf232' data-av_iconfont='entypo-fontello' title='' data-avia-related-tooltip='Compartir en Whatsapp' rel=\"noopener\"><span class='avia_hidden_link_text'>Compartir en Whatsapp<\/span><\/a><\/li><li class='av-share-link av-social-link-linkedin' ><a target=\"_blank\" aria-label=\"Compartir en LinkedIn\" href='https:\/\/linkedin.com\/shareArticle?mini=true&#038;title=Llaman%20a%20%E2%80%9Cturistas%20electorales%E2%80%9D%20a%20dejar%20que%20la%20gente%20de%20Chile%20Chico%20elija%20a%20sus%20autoridades&#038;url=https:\/\/radiorevelacionfm.cl\/?p=4028' aria-hidden='false' data-av_icon='\ue8fc' data-av_iconfont='entypo-fontello' title='' data-avia-related-tooltip='Compartir en LinkedIn' rel=\"noopener\"><span class='avia_hidden_link_text'>Compartir en LinkedIn<\/span><\/a><\/li><li class='av-share-link av-social-link-mail' ><a  aria-label=\"Compartir por correo\" href='mailto:?subject=Llaman%20a%20%E2%80%9Cturistas%20electorales%E2%80%9D%20a%20dejar%20que%20la%20gente%20de%20Chile%20Chico%20elija%20a%20sus%20autoridades&#038;body=https:\/\/radiorevelacionfm.cl\/?p=4028' aria-hidden='false' data-av_icon='\ue805' data-av_iconfont='entypo-fontello' title='' data-avia-related-tooltip='Compartir por correo'><span class='avia_hidden_link_text'>Compartir por correo<\/span><\/a><\/li><\/ul><\/div><\/div>\n<div  style='height:50px' class='hr hr-invisible   avia-builder-el-8  el_after_av_social_share  el_before_av_comments_list '><span class='hr-inner ' ><span class='hr-inner-style'><\/span><\/span><\/div>\n<div  class='av-buildercomment  av-blog-meta-html-info-disabled av-blog-meta-tag-disabled  '><\/div>\n","protected":false},"excerpt":{"rendered":"","protected":false},"author":1,"featured_media":4029,"comment_status":"open","ping_status":"open","sticky":false,"template":"","format":"standard","meta":{"footnotes":""},"categories":[38],"tags":[],"class_list":["post-4028","post","type-post","status-publish","format-standard","has-post-thumbnail","hentry","category-regional"],"jetpack_featured_media_url":"https:\/\/radiorevelacionfm.cl\/wp-content\/uploads\/2021\/05\/CHILE-CHICO_2.jpg","_links":{"self":[{"href":"https:\/\/radiorevelacionfm.cl\/index.php?rest_route=\/wp\/v2\/posts\/4028","targetHints":{"allow":["GET"]}}],"collection":[{"href":"https:\/\/radiorevelacionfm.cl\/index.php?rest_route=\/wp\/v2\/posts"}],"about":[{"href":"https:\/\/radiorevelacionfm.cl\/index.php?rest_route=\/wp\/v2\/types\/post"}],"author":[{"embeddable":true,"href":"https:\/\/radiorevelacionfm.cl\/index.php?rest_route=\/wp\/v2\/users\/1"}],"replies":[{"embeddable":true,"href":"https:\/\/radiorevelacionfm.cl\/index.php?rest_route=%2Fwp%2Fv2%2Fcomments&post=4028"}],"version-history":[{"count":1,"href":"https:\/\/radiorevelacionfm.cl\/index.php?rest_route=\/wp\/v2\/posts\/4028\/revisions"}],"predecessor-version":[{"id":4030,"href":"https:\/\/radiorevelacionfm.cl\/index.php?rest_route=\/wp\/v2\/posts\/4028\/revisions\/4030"}],"wp:featuredmedia":[{"embeddable":true,"href":"https:\/\/radiorevelacionfm.cl\/index.php?rest_route=\/wp\/v2\/media\/4029"}],"wp:attachment":[{"href":"https:\/\/radiorevelacionfm.cl\/index.php?rest_route=%2Fwp%2Fv2%2Fmedia&parent=4028"}],"wp:term":[{"taxonomy":"category","embeddable":true,"href":"https:\/\/radiorevelacionfm.cl\/index.php?rest_route=%2Fwp%2Fv2%2Fcategories&post=4028"},{"taxonomy":"post_tag","embeddable":true,"href":"https:\/\/radiorevelacionfm.cl\/index.php?rest_route=%2Fwp%2Fv2%2Ftags&post=4028"}],"curies":[{"name":"wp","href":"https:\/\/api.w.org\/{rel}","templated":true}]}}