{"id":40275,"date":"2024-03-12T12:53:38","date_gmt":"2024-03-12T15:53:38","guid":{"rendered":"https:\/\/radiorevelacionfm.cl\/?p=40275"},"modified":"2024-03-12T12:53:38","modified_gmt":"2024-03-12T15:53:38","slug":"seis-iniciativas-de-aysen-se-adjudicaron-el-fondo-del-patrimonio-cultural","status":"publish","type":"post","link":"https:\/\/radiorevelacionfm.cl\/?p=40275","title":{"rendered":"Seis iniciativas de Ays\u00e9n se adjudicaron el Fondo del Patrimonio Cultural"},"content":{"rendered":"<div class=\"flex_column av_one_full  flex_column_div av-zero-column-padding first  avia-builder-el-0  el_before_av_one_full  avia-builder-el-first  \" style='border-radius:0px; '><div  class='avia-image-container  av-styling-    avia-builder-el-1  avia-builder-el-no-sibling  avia-align-center '  itemprop=\"image\" itemscope=\"itemscope\" itemtype=\"https:\/\/schema.org\/ImageObject\"  ><div class='avia-image-container-inner'><div class='avia-image-overlay-wrap'><img decoding=\"async\" class='wp-image-40276 avia-img-lazy-loading-not-40276 avia_image' src=\"https:\/\/radiorevelacionfm.cl\/wp-content\/uploads\/2024\/03\/saavedra-s-gonzalez-m_optimized.-archivo-fotografico-de-aysen-decada-del-70-1-1.jpg\" alt='' title='saavedra-s,-gonzalez,-m_optimized.-archivo-fotogr\u00e1fico-de-ays\u00e9n-d\u00e9cada-del-70-(1) (1)' height=\"600\" width=\"914\"  itemprop=\"thumbnailUrl\" srcset=\"https:\/\/radiorevelacionfm.cl\/wp-content\/uploads\/2024\/03\/saavedra-s-gonzalez-m_optimized.-archivo-fotografico-de-aysen-decada-del-70-1-1.jpg 914w, https:\/\/radiorevelacionfm.cl\/wp-content\/uploads\/2024\/03\/saavedra-s-gonzalez-m_optimized.-archivo-fotografico-de-aysen-decada-del-70-1-1-300x197.jpg 300w, https:\/\/radiorevelacionfm.cl\/wp-content\/uploads\/2024\/03\/saavedra-s-gonzalez-m_optimized.-archivo-fotografico-de-aysen-decada-del-70-1-1-768x504.jpg 768w, https:\/\/radiorevelacionfm.cl\/wp-content\/uploads\/2024\/03\/saavedra-s-gonzalez-m_optimized.-archivo-fotografico-de-aysen-decada-del-70-1-1-705x463.jpg 705w, https:\/\/radiorevelacionfm.cl\/wp-content\/uploads\/2024\/03\/saavedra-s-gonzalez-m_optimized.-archivo-fotografico-de-aysen-decada-del-70-1-1-450x295.jpg 450w, https:\/\/radiorevelacionfm.cl\/wp-content\/uploads\/2024\/03\/saavedra-s-gonzalez-m_optimized.-archivo-fotografico-de-aysen-decada-del-70-1-1-600x394.jpg 600w\" sizes=\"(max-width: 914px) 100vw, 914px\" \/><\/div><\/div><\/div><\/div><div class=\"flex_column av_one_full  flex_column_div av-zero-column-padding first  avia-builder-el-2  el_after_av_one_full  el_before_av_one_full  column-top-margin\" style='border-radius:0px; '><section class=\"av_textblock_section \"  itemscope=\"itemscope\" itemtype=\"https:\/\/schema.org\/BlogPosting\" itemprop=\"blogPost\" ><div class='avia_textblock  '   itemprop=\"text\" ><p style=\"text-align: center;\"><span style=\"font-size: 18pt;\"><strong>Seis iniciativas de Ays\u00e9n se adjudicaron el Fondo del Patrimonio Cultural<\/strong><\/span><\/p>\n<div id=\"gtx-trans\" style=\"position: absolute; left: -50px; top: 4.31534px;\">\n<div class=\"gtx-trans-icon\"><\/div>\n<\/div>\n<\/div><\/section><\/div><div class=\"flex_column av_one_full  flex_column_div av-zero-column-padding first  avia-builder-el-4  el_after_av_one_full  el_before_av_hr  column-top-margin\" style='border-radius:0px; '><section class=\"av_textblock_section \"  itemscope=\"itemscope\" itemtype=\"https:\/\/schema.org\/BlogPosting\" itemprop=\"blogPost\" ><div class='avia_textblock  '   itemprop=\"text\" ><p style=\"text-align: justify;\">Ya podemos conocer los proyectos que tras un largo proceso iniciado el 2023 con las postulaciones,\u00a0 hoy cuentan con financiamiento para desarrollarse en diversas tem\u00e1ticas y territorios. El Fondo del Patrimonio Cultural, dependiente del Servicio Nacional del Patrimonio Cultural, cumple ya su quinta versi\u00f3n, entregando financiamiento a iniciativas que\u00a0 reflejan\u00a0la pluralidad territorial \u00a0y la amplitud de \u00a0visiones del patrimonio cultural que existen a lo largo del pa\u00eds, privilegiando la calidad de las propuestas y su conexi\u00f3n con las comunidades, a fin de que los temas patrimoniales sean progresivamente conocidos y valorados por la poblaci\u00f3n en general.<\/p>\n<p style=\"text-align: justify;\">Submodalidad: Investigaci\u00f3n, registro y levantamiento de patrimonio cultural<\/p>\n<p style=\"text-align: justify;\">Proyecto Adjudicado: <strong>Inventario Patrimonial de Puerto Cristal<\/strong><\/p>\n<p style=\"text-align: justify;\">Submodalidad: Investigaci\u00f3n, registro y levantamiento de patrimonio cultural<\/p>\n<p style=\"text-align: justify;\">Proyecto Adjudicado: <strong>\u201cExploradores de bordemar: Arqueolog\u00eda y memoria territorial en Ra\u00fal Mar\u00edn Balmaceda\u201d<\/strong><\/p>\n<p style=\"text-align: justify;\">Submodalidad: Material did\u00e1ctico sobre patrimonio cultural para la educaci\u00f3n formal y no formal<\/p>\n<p style=\"text-align: justify;\">Proyecto Adjudicado: <strong>\u201cDise\u00f1o de material did\u00e1ctico para la puesta en valor del oficio de recolecci\u00f3n de hongos en la regi\u00f3n de Ays\u00e9n\u201d<\/strong><\/p>\n<p style=\"text-align: justify;\">Submodalidad: Material did\u00e1ctico sobre patrimonio cultural para la educaci\u00f3n formal y no formal\u00a0 Proyecto Adjudicado: <strong>\u201cGu\u00eda de campo: Explorando Ays\u00e9n\u201d <\/strong><\/p>\n<p style=\"text-align: justify;\">Submodalidad: Expedientes de solicitud para protecci\u00f3n o identificaci\u00f3n oficial del patrimonio cultural<\/p>\n<p style=\"text-align: justify;\">Proyecto Adjudicado:\u00a0 <strong>\u201cElaboraci\u00f3n de expediente casa Jos\u00e9 Colivoro Vera, Repollal Alto, Melinka\u201d<\/strong><\/p>\n<p style=\"text-align: justify;\">Submodalidad:\u00a0 Edici\u00f3n, reedici\u00f3n, publicaci\u00f3n y\/o distribuci\u00f3n de material impreso o digital referido al patrimonio cultural Divulgaci\u00f3n del patrimonio cultural material:<\/p>\n<p style=\"text-align: justify;\">Proyecto Adjudicado: <strong>\u201cArchivo fotogr\u00e1fico Ays\u00e9n, d\u00e9cada del \u00a070 libro 2. Edici\u00f3n, impresi\u00f3n, publicaci\u00f3n y distribuci\u00f3n\u201d<\/strong><\/p>\n<p style=\"text-align: justify;\">Esta convocatoria ha contado con un total de 6 proyectos financiados, por un monto de m\u00e1s de $74.000.000, lo que sin duda habla del inter\u00e9s de la regi\u00f3n por sus temas patrimoniales y del buen nivel t\u00e9cnico de las iniciativas presentadas, profundizando en tem\u00e1ticas que se \u00a0suman a las que ya lleva la Direcci\u00f3n Regional del Patrimonio Cultural de Ays\u00e9n, a trav\u00e9s de las distintas unidades que abarcan aspectos del\u00a0 patrimonio material e inmaterial de los diversos territorios.<\/p>\n<p style=\"text-align: justify;\"><strong>\u00a0<\/strong><\/p>\n<\/div><\/section><\/div><div  style='height:50px' class='hr hr-invisible   avia-builder-el-6  el_after_av_one_full  el_before_av_social_share '><span class='hr-inner ' ><span class='hr-inner-style'><\/span><\/span><\/div><\/p>\n<div  class='av-social-sharing-box  avia-builder-el-7  el_after_av_hr  el_before_av_hr  '><div class='av-share-box'><h5 class='av-share-link-description av-no-toc '>Compartir esta noticia<\/h5><ul class='av-share-box-list noLightbox'><li class='av-share-link av-social-link-facebook' ><a target=\"_blank\" aria-label=\"Compartir en Facebook\" href='https:\/\/www.facebook.com\/sharer.php?u=https:\/\/radiorevelacionfm.cl\/?p=40275&#038;t=Seis%20iniciativas%20de%20Ays%C3%A9n%20se%20adjudicaron%20el%20Fondo%20del%20Patrimonio%20Cultural' aria-hidden='false' data-av_icon='\ue8f3' data-av_iconfont='entypo-fontello' title='' data-avia-related-tooltip='Compartir en Facebook' rel=\"noopener\"><span class='avia_hidden_link_text'>Compartir en Facebook<\/span><\/a><\/li><li class='av-share-link av-social-link-twitter' ><a target=\"_blank\" aria-label=\"Compartir en Twitter\" href='https:\/\/twitter.com\/share?text=Seis%20iniciativas%20de%20Ays%C3%A9n%20se%20adjudicaron%20el%20Fondo%20del%20Patrimonio%20Cultural&#038;url=https:\/\/radiorevelacionfm.cl\/?p=40275' aria-hidden='false' data-av_icon='\ue8f1' data-av_iconfont='entypo-fontello' title='' data-avia-related-tooltip='Compartir en Twitter' rel=\"noopener\"><span class='avia_hidden_link_text'>Compartir en Twitter<\/span><\/a><\/li><li class='av-share-link av-social-link-whatsapp' ><a target=\"_blank\" aria-label=\"Compartir en Whatsapp\" href='https:\/\/api.whatsapp.com\/send?text=https:\/\/radiorevelacionfm.cl\/?p=40275' aria-hidden='false' data-av_icon='\uf232' data-av_iconfont='entypo-fontello' title='' data-avia-related-tooltip='Compartir en Whatsapp' rel=\"noopener\"><span class='avia_hidden_link_text'>Compartir en Whatsapp<\/span><\/a><\/li><li class='av-share-link av-social-link-linkedin' ><a target=\"_blank\" aria-label=\"Compartir en LinkedIn\" href='https:\/\/linkedin.com\/shareArticle?mini=true&#038;title=Seis%20iniciativas%20de%20Ays%C3%A9n%20se%20adjudicaron%20el%20Fondo%20del%20Patrimonio%20Cultural&#038;url=https:\/\/radiorevelacionfm.cl\/?p=40275' aria-hidden='false' data-av_icon='\ue8fc' data-av_iconfont='entypo-fontello' title='' data-avia-related-tooltip='Compartir en LinkedIn' rel=\"noopener\"><span class='avia_hidden_link_text'>Compartir en LinkedIn<\/span><\/a><\/li><li class='av-share-link av-social-link-mail' ><a  aria-label=\"Compartir por correo\" href='mailto:?subject=Seis%20iniciativas%20de%20Ays%C3%A9n%20se%20adjudicaron%20el%20Fondo%20del%20Patrimonio%20Cultural&#038;body=https:\/\/radiorevelacionfm.cl\/?p=40275' aria-hidden='false' data-av_icon='\ue805' data-av_iconfont='entypo-fontello' title='' data-avia-related-tooltip='Compartir por correo'><span class='avia_hidden_link_text'>Compartir por correo<\/span><\/a><\/li><\/ul><\/div><\/div>\n<div  style='height:50px' class='hr hr-invisible   avia-builder-el-8  el_after_av_social_share  el_before_av_comments_list '><span class='hr-inner ' ><span class='hr-inner-style'><\/span><\/span><\/div>\n<div  class='av-buildercomment  av-blog-meta-html-info-disabled av-blog-meta-tag-disabled  '><\/div>\n","protected":false},"excerpt":{"rendered":"","protected":false},"author":1,"featured_media":40276,"comment_status":"open","ping_status":"open","sticky":false,"template":"","format":"standard","meta":{"footnotes":""},"categories":[52],"tags":[],"class_list":["post-40275","post","type-post","status-publish","format-standard","has-post-thumbnail","hentry","category-cultura"],"jetpack_featured_media_url":"https:\/\/radiorevelacionfm.cl\/wp-content\/uploads\/2024\/03\/saavedra-s-gonzalez-m_optimized.-archivo-fotografico-de-aysen-decada-del-70-1-1.jpg","_links":{"self":[{"href":"https:\/\/radiorevelacionfm.cl\/index.php?rest_route=\/wp\/v2\/posts\/40275","targetHints":{"allow":["GET"]}}],"collection":[{"href":"https:\/\/radiorevelacionfm.cl\/index.php?rest_route=\/wp\/v2\/posts"}],"about":[{"href":"https:\/\/radiorevelacionfm.cl\/index.php?rest_route=\/wp\/v2\/types\/post"}],"author":[{"embeddable":true,"href":"https:\/\/radiorevelacionfm.cl\/index.php?rest_route=\/wp\/v2\/users\/1"}],"replies":[{"embeddable":true,"href":"https:\/\/radiorevelacionfm.cl\/index.php?rest_route=%2Fwp%2Fv2%2Fcomments&post=40275"}],"version-history":[{"count":1,"href":"https:\/\/radiorevelacionfm.cl\/index.php?rest_route=\/wp\/v2\/posts\/40275\/revisions"}],"predecessor-version":[{"id":40277,"href":"https:\/\/radiorevelacionfm.cl\/index.php?rest_route=\/wp\/v2\/posts\/40275\/revisions\/40277"}],"wp:featuredmedia":[{"embeddable":true,"href":"https:\/\/radiorevelacionfm.cl\/index.php?rest_route=\/wp\/v2\/media\/40276"}],"wp:attachment":[{"href":"https:\/\/radiorevelacionfm.cl\/index.php?rest_route=%2Fwp%2Fv2%2Fmedia&parent=40275"}],"wp:term":[{"taxonomy":"category","embeddable":true,"href":"https:\/\/radiorevelacionfm.cl\/index.php?rest_route=%2Fwp%2Fv2%2Fcategories&post=40275"},{"taxonomy":"post_tag","embeddable":true,"href":"https:\/\/radiorevelacionfm.cl\/index.php?rest_route=%2Fwp%2Fv2%2Ftags&post=40275"}],"curies":[{"name":"wp","href":"https:\/\/api.w.org\/{rel}","templated":true}]}}