{"id":40272,"date":"2024-03-12T12:38:26","date_gmt":"2024-03-12T15:38:26","guid":{"rendered":"https:\/\/radiorevelacionfm.cl\/?p=40272"},"modified":"2024-03-12T12:38:26","modified_gmt":"2024-03-12T15:38:26","slug":"ips-aysen-conmemoro-8m-con-reconocimiento-a-ex-funcionaria-por-trayectoria-gremial","status":"publish","type":"post","link":"https:\/\/radiorevelacionfm.cl\/?p=40272","title":{"rendered":"IPS Ays\u00e9n conmemor\u00f3 8M con reconocimiento a ex funcionaria por trayectoria gremial"},"content":{"rendered":"<div class=\"flex_column av_one_full  flex_column_div av-zero-column-padding first  avia-builder-el-0  el_before_av_one_full  avia-builder-el-first  \" style='border-radius:0px; '><div  class='avia-image-container  av-styling-    avia-builder-el-1  avia-builder-el-no-sibling  avia-align-center '  itemprop=\"image\" itemscope=\"itemscope\" itemtype=\"https:\/\/schema.org\/ImageObject\"  ><div class='avia-image-container-inner'><div class='avia-image-overlay-wrap'><img decoding=\"async\" class='wp-image-40273 avia-img-lazy-loading-not-40273 avia_image' src=\"https:\/\/radiorevelacionfm.cl\/wp-content\/uploads\/2024\/03\/VeronicaGallardo_AnaOjeda_SoledadJara_OK-1-1.jpeg\" alt='' title='VeronicaGallardo_AnaOjeda_SoledadJara_OK (1) (1)' height=\"600\" width=\"783\"  itemprop=\"thumbnailUrl\" srcset=\"https:\/\/radiorevelacionfm.cl\/wp-content\/uploads\/2024\/03\/VeronicaGallardo_AnaOjeda_SoledadJara_OK-1-1.jpeg 783w, https:\/\/radiorevelacionfm.cl\/wp-content\/uploads\/2024\/03\/VeronicaGallardo_AnaOjeda_SoledadJara_OK-1-1-300x230.jpeg 300w, https:\/\/radiorevelacionfm.cl\/wp-content\/uploads\/2024\/03\/VeronicaGallardo_AnaOjeda_SoledadJara_OK-1-1-768x589.jpeg 768w, https:\/\/radiorevelacionfm.cl\/wp-content\/uploads\/2024\/03\/VeronicaGallardo_AnaOjeda_SoledadJara_OK-1-1-705x540.jpeg 705w, https:\/\/radiorevelacionfm.cl\/wp-content\/uploads\/2024\/03\/VeronicaGallardo_AnaOjeda_SoledadJara_OK-1-1-450x345.jpeg 450w, https:\/\/radiorevelacionfm.cl\/wp-content\/uploads\/2024\/03\/VeronicaGallardo_AnaOjeda_SoledadJara_OK-1-1-600x460.jpeg 600w\" sizes=\"(max-width: 783px) 100vw, 783px\" \/><\/div><\/div><\/div><\/div><div class=\"flex_column av_one_full  flex_column_div av-zero-column-padding first  avia-builder-el-2  el_after_av_one_full  el_before_av_one_full  column-top-margin\" style='border-radius:0px; '><section class=\"av_textblock_section \"  itemscope=\"itemscope\" itemtype=\"https:\/\/schema.org\/BlogPosting\" itemprop=\"blogPost\" ><div class='avia_textblock  '   itemprop=\"text\" ><p style=\"text-align: center;\"><span style=\"font-size: 18pt;\"><strong>IPS Ays\u00e9n conmemor\u00f3 8M con reconocimiento a ex funcionaria por trayectoria gremial <\/strong><\/span><\/p>\n<div id=\"gtx-trans\" style=\"position: absolute; left: -50px; top: 4.31534px;\">\n<div class=\"gtx-trans-icon\"><\/div>\n<\/div>\n<\/div><\/section><\/div><div class=\"flex_column av_one_full  flex_column_div av-zero-column-padding first  avia-builder-el-4  el_after_av_one_full  el_before_av_hr  column-top-margin\" style='border-radius:0px; '><section class=\"av_textblock_section \"  itemscope=\"itemscope\" itemtype=\"https:\/\/schema.org\/BlogPosting\" itemprop=\"blogPost\" ><div class='avia_textblock  '   itemprop=\"text\" ><p style=\"text-align: justify;\">Con 34 a\u00f1os de desempe\u00f1o en la instituci\u00f3n y al menos 12 de ellos como dirigente, Ana Ojeda Vidal, fue reconocida en el D\u00eda Internacional de la Mujer, por su labor en la lucha por los derechos de las mujeres trabajadoras.<\/p>\n<p style=\"text-align: justify;\">Si bien Ana se acogi\u00f3 a retiro en el \u00faltimo trimestre del a\u00f1o pasado, al momento de ser presentada como candidata para el reconocimiento de una mujer representativa del trabajo gremial en el IPS y de la lucha por la reivindicaci\u00f3n de los derechos de las mujeres trabajadoras, cont\u00f3 con apoyo no s\u00f3lo de la dirigencia de la Asociaci\u00f3n Nacional de Trabajadores del INP &#8211; Anatrinp de la regi\u00f3n de Ays\u00e9n sino tambi\u00e9n de otras regiones de la zona sur.<\/p>\n<p style=\"text-align: justify;\">\u201cFue bastante interesante, porque para esta selecci\u00f3n el pa\u00eds se dividi\u00f3 en zonas, y a nosotros nos correspondi\u00f3 la regi\u00f3n de Los R\u00edos, Los Lagos, Ays\u00e9n y Magallanes. Entonces, que entre todas estas regiones, se haya podido conseguir que Anita sea la persona elegida, fue tambi\u00e9n gratificante; ya que era una persona conocida en las otras regiones, como una gran dirigente, una gran mujer, que se esforz\u00f3 mucho para educar a sus hijos, sacar adelante a su familia\u2026 Entonces, que hoy ella haya podido recibir este reconocimiento, es muy gratificante como Asociaci\u00f3n\u201d, detall\u00f3 la secretaria de Anatrinp Ays\u00e9n, Soledad Jara.<\/p>\n<p style=\"text-align: justify;\">Por su parte, Ana Ojeda se manifest\u00f3 muy agradecida por el homenaje recibido. \u201cNo recuerdo si estuve tres periodos como presidenta de la Asociaci\u00f3n, en los cuales tuvimos hartas cosas que hacer\u2026 muchas. Yo me siento orgullosa de haber pertenecido a esta instituci\u00f3n, a este servicio. Agradecida de todos mis colegas (\u2026) Las vivencias que tuve cuando estuve en la Asociaci\u00f3n, fueron bonitas vivencias y las llevo siempre en mi coraz\u00f3n. Agradecida de todos\u201d, expres\u00f3.<\/p>\n<p style=\"text-align: justify;\">La iniciativa surgi\u00f3 en la asamblea nacional de la asociaci\u00f3n de funcionarios y funcionarias, como una forma de homenaje a mujeres dirigentes con destacada trayectoria gremial. As\u00ed lo se\u00f1al\u00f3 la presidenta de Anatrinp Ays\u00e9n, Ver\u00f3nica Gallardo. \u201cNosotras propusimos, desde nuestra regi\u00f3n, a nuestra querida compa\u00f1era Anita Ojeda, como una forma de que nos represente a todas por su larga trayectoria tanto como funcionaria del Instituto de Previsi\u00f3n Social, como dirigente de nuestra asociaci\u00f3n, Anatrinp. Ella estuvo casi toda su vida siendo dirigente, y qu\u00e9 mejor oportunidad que \u00e9sta, para reconocerle un poco lo que ella entreg\u00f3 para todos y todas\u201d, expres\u00f3.<\/p>\n<p style=\"text-align: justify;\">La entrega del galvano se llev\u00f3 a cabo en el marco del desayuno de conmemoraci\u00f3n del D\u00eda Internacional de la Mujer, preparado por los colegas varones para recordar esta hist\u00f3rica fecha que reconoce el camino que las mujeres de todo el mundo han llevado en su lucha por la igualdad de derechos.<\/p>\n<\/div><\/section><\/div><div  style='height:50px' class='hr hr-invisible   avia-builder-el-6  el_after_av_one_full  el_before_av_social_share '><span class='hr-inner ' ><span class='hr-inner-style'><\/span><\/span><\/div><\/p>\n<div  class='av-social-sharing-box  avia-builder-el-7  el_after_av_hr  el_before_av_hr  '><div class='av-share-box'><h5 class='av-share-link-description av-no-toc '>Compartir esta noticia<\/h5><ul class='av-share-box-list noLightbox'><li class='av-share-link av-social-link-facebook' ><a target=\"_blank\" aria-label=\"Compartir en Facebook\" href='https:\/\/www.facebook.com\/sharer.php?u=https:\/\/radiorevelacionfm.cl\/?p=40272&#038;t=IPS%20Ays%C3%A9n%20conmemor%C3%B3%208M%20con%20reconocimiento%20a%20ex%20funcionaria%20por%20trayectoria%20gremial' aria-hidden='false' data-av_icon='\ue8f3' data-av_iconfont='entypo-fontello' title='' data-avia-related-tooltip='Compartir en Facebook' rel=\"noopener\"><span class='avia_hidden_link_text'>Compartir en Facebook<\/span><\/a><\/li><li class='av-share-link av-social-link-twitter' ><a target=\"_blank\" aria-label=\"Compartir en Twitter\" href='https:\/\/twitter.com\/share?text=IPS%20Ays%C3%A9n%20conmemor%C3%B3%208M%20con%20reconocimiento%20a%20ex%20funcionaria%20por%20trayectoria%20gremial&#038;url=https:\/\/radiorevelacionfm.cl\/?p=40272' aria-hidden='false' data-av_icon='\ue8f1' data-av_iconfont='entypo-fontello' title='' data-avia-related-tooltip='Compartir en Twitter' rel=\"noopener\"><span class='avia_hidden_link_text'>Compartir en Twitter<\/span><\/a><\/li><li class='av-share-link av-social-link-whatsapp' ><a target=\"_blank\" aria-label=\"Compartir en Whatsapp\" href='https:\/\/api.whatsapp.com\/send?text=https:\/\/radiorevelacionfm.cl\/?p=40272' aria-hidden='false' data-av_icon='\uf232' data-av_iconfont='entypo-fontello' title='' data-avia-related-tooltip='Compartir en Whatsapp' rel=\"noopener\"><span class='avia_hidden_link_text'>Compartir en Whatsapp<\/span><\/a><\/li><li class='av-share-link av-social-link-linkedin' ><a target=\"_blank\" aria-label=\"Compartir en LinkedIn\" href='https:\/\/linkedin.com\/shareArticle?mini=true&#038;title=IPS%20Ays%C3%A9n%20conmemor%C3%B3%208M%20con%20reconocimiento%20a%20ex%20funcionaria%20por%20trayectoria%20gremial&#038;url=https:\/\/radiorevelacionfm.cl\/?p=40272' aria-hidden='false' data-av_icon='\ue8fc' data-av_iconfont='entypo-fontello' title='' data-avia-related-tooltip='Compartir en LinkedIn' rel=\"noopener\"><span class='avia_hidden_link_text'>Compartir en LinkedIn<\/span><\/a><\/li><li class='av-share-link av-social-link-mail' ><a  aria-label=\"Compartir por correo\" href='mailto:?subject=IPS%20Ays%C3%A9n%20conmemor%C3%B3%208M%20con%20reconocimiento%20a%20ex%20funcionaria%20por%20trayectoria%20gremial&#038;body=https:\/\/radiorevelacionfm.cl\/?p=40272' aria-hidden='false' data-av_icon='\ue805' data-av_iconfont='entypo-fontello' title='' data-avia-related-tooltip='Compartir por correo'><span class='avia_hidden_link_text'>Compartir por correo<\/span><\/a><\/li><\/ul><\/div><\/div>\n<div  style='height:50px' class='hr hr-invisible   avia-builder-el-8  el_after_av_social_share  el_before_av_comments_list '><span class='hr-inner ' ><span class='hr-inner-style'><\/span><\/span><\/div>\n<div  class='av-buildercomment  av-blog-meta-html-info-disabled av-blog-meta-tag-disabled  '><\/div>\n","protected":false},"excerpt":{"rendered":"","protected":false},"author":1,"featured_media":40273,"comment_status":"open","ping_status":"open","sticky":false,"template":"","format":"standard","meta":{"footnotes":""},"categories":[38],"tags":[],"class_list":["post-40272","post","type-post","status-publish","format-standard","has-post-thumbnail","hentry","category-regional"],"jetpack_featured_media_url":"https:\/\/radiorevelacionfm.cl\/wp-content\/uploads\/2024\/03\/VeronicaGallardo_AnaOjeda_SoledadJara_OK-1-1.jpeg","_links":{"self":[{"href":"https:\/\/radiorevelacionfm.cl\/index.php?rest_route=\/wp\/v2\/posts\/40272","targetHints":{"allow":["GET"]}}],"collection":[{"href":"https:\/\/radiorevelacionfm.cl\/index.php?rest_route=\/wp\/v2\/posts"}],"about":[{"href":"https:\/\/radiorevelacionfm.cl\/index.php?rest_route=\/wp\/v2\/types\/post"}],"author":[{"embeddable":true,"href":"https:\/\/radiorevelacionfm.cl\/index.php?rest_route=\/wp\/v2\/users\/1"}],"replies":[{"embeddable":true,"href":"https:\/\/radiorevelacionfm.cl\/index.php?rest_route=%2Fwp%2Fv2%2Fcomments&post=40272"}],"version-history":[{"count":1,"href":"https:\/\/radiorevelacionfm.cl\/index.php?rest_route=\/wp\/v2\/posts\/40272\/revisions"}],"predecessor-version":[{"id":40274,"href":"https:\/\/radiorevelacionfm.cl\/index.php?rest_route=\/wp\/v2\/posts\/40272\/revisions\/40274"}],"wp:featuredmedia":[{"embeddable":true,"href":"https:\/\/radiorevelacionfm.cl\/index.php?rest_route=\/wp\/v2\/media\/40273"}],"wp:attachment":[{"href":"https:\/\/radiorevelacionfm.cl\/index.php?rest_route=%2Fwp%2Fv2%2Fmedia&parent=40272"}],"wp:term":[{"taxonomy":"category","embeddable":true,"href":"https:\/\/radiorevelacionfm.cl\/index.php?rest_route=%2Fwp%2Fv2%2Fcategories&post=40272"},{"taxonomy":"post_tag","embeddable":true,"href":"https:\/\/radiorevelacionfm.cl\/index.php?rest_route=%2Fwp%2Fv2%2Ftags&post=40272"}],"curies":[{"name":"wp","href":"https:\/\/api.w.org\/{rel}","templated":true}]}}