{"id":40269,"date":"2024-03-11T21:26:14","date_gmt":"2024-03-12T00:26:14","guid":{"rendered":"https:\/\/radiorevelacionfm.cl\/?p=40269"},"modified":"2024-03-11T21:26:14","modified_gmt":"2024-03-12T00:26:14","slug":"continua-busqueda-de-patron-de-embarcacion-desaparecido-en-puerto-chacabuco","status":"publish","type":"post","link":"https:\/\/radiorevelacionfm.cl\/?p=40269","title":{"rendered":"Contin\u00faa b\u00fasqueda de patr\u00f3n de embarcaci\u00f3n desaparecido en Puerto Chacabuco"},"content":{"rendered":"<div class=\"flex_column av_one_full  flex_column_div av-zero-column-padding first  avia-builder-el-0  el_before_av_one_full  avia-builder-el-first  \" style='border-radius:0px; '><div  class='avia-image-container  av-styling-    avia-builder-el-1  avia-builder-el-no-sibling  avia-align-center '  itemprop=\"image\" itemscope=\"itemscope\" itemtype=\"https:\/\/schema.org\/ImageObject\"  ><div class='avia-image-container-inner'><div class='avia-image-overlay-wrap'><img decoding=\"async\" class='wp-image-40270 avia-img-lazy-loading-not-40270 avia_image' src=\"https:\/\/radiorevelacionfm.cl\/wp-content\/uploads\/2024\/03\/Busqueda-Chacabuco-11.03.24-1-1.jpg\" alt='' title='Busqueda Chacabuco 11.03.24 (1) (1)' height=\"600\" width=\"800\"  itemprop=\"thumbnailUrl\" srcset=\"https:\/\/radiorevelacionfm.cl\/wp-content\/uploads\/2024\/03\/Busqueda-Chacabuco-11.03.24-1-1.jpg 800w, https:\/\/radiorevelacionfm.cl\/wp-content\/uploads\/2024\/03\/Busqueda-Chacabuco-11.03.24-1-1-300x225.jpg 300w, https:\/\/radiorevelacionfm.cl\/wp-content\/uploads\/2024\/03\/Busqueda-Chacabuco-11.03.24-1-1-768x576.jpg 768w, https:\/\/radiorevelacionfm.cl\/wp-content\/uploads\/2024\/03\/Busqueda-Chacabuco-11.03.24-1-1-705x529.jpg 705w, https:\/\/radiorevelacionfm.cl\/wp-content\/uploads\/2024\/03\/Busqueda-Chacabuco-11.03.24-1-1-450x338.jpg 450w, https:\/\/radiorevelacionfm.cl\/wp-content\/uploads\/2024\/03\/Busqueda-Chacabuco-11.03.24-1-1-600x450.jpg 600w\" sizes=\"(max-width: 800px) 100vw, 800px\" \/><\/div><\/div><\/div><\/div><div class=\"flex_column av_one_full  flex_column_div av-zero-column-padding first  avia-builder-el-2  el_after_av_one_full  el_before_av_one_full  column-top-margin\" style='border-radius:0px; '><section class=\"av_textblock_section \"  itemscope=\"itemscope\" itemtype=\"https:\/\/schema.org\/BlogPosting\" itemprop=\"blogPost\" ><div class='avia_textblock  '   itemprop=\"text\" ><p style=\"text-align: center;\"><strong><span style=\"font-size: 18pt;\">Contin\u00faa b\u00fasqueda de patr\u00f3n de embarcaci\u00f3n desaparecido en Puerto Chacabuco<\/span><\/strong><\/p>\n<div id=\"gtx-trans\" style=\"position: absolute; left: -50px; top: 4.31534px;\">\n<div class=\"gtx-trans-icon\"><\/div>\n<\/div>\n<\/div><\/section><\/div><div class=\"flex_column av_one_full  flex_column_div av-zero-column-padding first  avia-builder-el-4  el_after_av_one_full  el_before_av_hr  column-top-margin\" style='border-radius:0px; '><section class=\"av_textblock_section \"  itemscope=\"itemscope\" itemtype=\"https:\/\/schema.org\/BlogPosting\" itemprop=\"blogPost\" ><div class='avia_textblock  '   itemprop=\"text\" ><p style=\"text-align: justify;\">Autoridad Mar\u00edtima de Puerto Chacabuco mantiene intensa rebusca de persona desaparecida desde embarcaci\u00f3n menor que se encontraba a la gira en Bah\u00eda de Chacabuco, en la regi\u00f3n de Ays\u00e9n.<\/p>\n<div dir=\"auto\" style=\"text-align: justify;\">Se trata de la desaparici\u00f3n de DANIEL ANDRES CHIGUAY CHIGUAY de 35 a\u00f1os, oriundo de Quell\u00f3n y padre de dos hijos. Su desaparici\u00f3n fue reportada el d\u00eda s\u00e1bado 09 de marzo de 2024\u00a0 a la autoridad mar\u00edtima por sus compa\u00f1eros de trabajo de la L\/M Don Carlos 2, quienes no lo encontraron durante la ma\u00f1ana en la embarcaci\u00f3n en la que desarrollaba sus labores como patr\u00f3n de nave.<\/div>\n<p style=\"text-align: justify;\">Pese al operativo desplegado hasta ahora la b\u00fasqueda contin\u00faa sin resultados positivos, la tarea de rebusca son desarrolladas por personal de la Armada, Unidad de Bomberos del grupo GERSA y voluntarios que se han unido al operativo.<\/p>\n<p style=\"text-align: justify;\">De acuerdo a informaci\u00f3n entregada por el Capit\u00e1n de Puerto de Chacabuco, Sim\u00f3n Stuven, se\u00f1al\u00f3 que \u00abnos encontramos desde el d\u00eda s\u00e1bado en que se recibi\u00f3 la denuncia presunta desgracia y desde ah\u00ed mantenemos las labores de b\u00fasqueda de esta persona. Las condiciones no nos han acompa\u00f1ado mucho, salvo el d\u00eda de hoy, as\u00ed es que, hemos desplegado bastantes medios, tanto civiles, Bomberos y de la Autoridad Mar\u00edtima, para poder dar con el paradero de esta persona desaparecida. Lamentablemente a la fecha no hemos tenido resultados, pero seguimos trabajando y aprovechando las condiciones clim\u00e1ticas para seguir efectuando la b\u00fasqueda\u00bb.<\/p>\n<p style=\"text-align: justify;\">\u00abLa denuncia fue elevada a Fiscal\u00eda y los peritajes los efectu\u00f3 la Polic\u00eda de Investigaciones. En la b\u00fasqueda, estamos con el apoyo del grupo Gersa de la Segunda Compa\u00f1\u00eda de Bomberos de Puerto Ays\u00e9n, tambi\u00e9n hemos recibido el apoyo de voluntarios civiles, operadores de robot submarino y tambi\u00e9n drone. As\u00ed es que, hemos efectuado b\u00fasqueda por el mar y el borde costero con patrullas terrestres\u00bb, indic\u00f3.<\/p>\n<p style=\"text-align: justify;\">\u00abEste martes hay aviso de mal tiempo, el pron\u00f3stico no es favorable\u00bb, pero se est\u00e1 evaluando permanentemente cu\u00e1les ser\u00e1n las pr\u00f3ximas acciones, tendientes a continuar la b\u00fasqueda, puntualiz\u00f3 el Capit\u00e1n Stuven.<\/p>\n<\/div><\/section><\/div><div  style='height:50px' class='hr hr-invisible   avia-builder-el-6  el_after_av_one_full  el_before_av_social_share '><span class='hr-inner ' ><span class='hr-inner-style'><\/span><\/span><\/div><\/p>\n<div  class='av-social-sharing-box  avia-builder-el-7  el_after_av_hr  el_before_av_hr  '><div class='av-share-box'><h5 class='av-share-link-description av-no-toc '>Compartir esta noticia<\/h5><ul class='av-share-box-list noLightbox'><li class='av-share-link av-social-link-facebook' ><a target=\"_blank\" aria-label=\"Compartir en Facebook\" href='https:\/\/www.facebook.com\/sharer.php?u=https:\/\/radiorevelacionfm.cl\/?p=40269&#038;t=Contin%C3%BAa%20b%C3%BAsqueda%20de%20patr%C3%B3n%20de%20embarcaci%C3%B3n%20desaparecido%20en%20Puerto%20Chacabuco' aria-hidden='false' data-av_icon='\ue8f3' data-av_iconfont='entypo-fontello' title='' data-avia-related-tooltip='Compartir en Facebook' rel=\"noopener\"><span class='avia_hidden_link_text'>Compartir en Facebook<\/span><\/a><\/li><li class='av-share-link av-social-link-twitter' ><a target=\"_blank\" aria-label=\"Compartir en Twitter\" href='https:\/\/twitter.com\/share?text=Contin%C3%BAa%20b%C3%BAsqueda%20de%20patr%C3%B3n%20de%20embarcaci%C3%B3n%20desaparecido%20en%20Puerto%20Chacabuco&#038;url=https:\/\/radiorevelacionfm.cl\/?p=40269' aria-hidden='false' data-av_icon='\ue8f1' data-av_iconfont='entypo-fontello' title='' data-avia-related-tooltip='Compartir en Twitter' rel=\"noopener\"><span class='avia_hidden_link_text'>Compartir en Twitter<\/span><\/a><\/li><li class='av-share-link av-social-link-whatsapp' ><a target=\"_blank\" aria-label=\"Compartir en Whatsapp\" href='https:\/\/api.whatsapp.com\/send?text=https:\/\/radiorevelacionfm.cl\/?p=40269' aria-hidden='false' data-av_icon='\uf232' data-av_iconfont='entypo-fontello' title='' data-avia-related-tooltip='Compartir en Whatsapp' rel=\"noopener\"><span class='avia_hidden_link_text'>Compartir en Whatsapp<\/span><\/a><\/li><li class='av-share-link av-social-link-linkedin' ><a target=\"_blank\" aria-label=\"Compartir en LinkedIn\" href='https:\/\/linkedin.com\/shareArticle?mini=true&#038;title=Contin%C3%BAa%20b%C3%BAsqueda%20de%20patr%C3%B3n%20de%20embarcaci%C3%B3n%20desaparecido%20en%20Puerto%20Chacabuco&#038;url=https:\/\/radiorevelacionfm.cl\/?p=40269' aria-hidden='false' data-av_icon='\ue8fc' data-av_iconfont='entypo-fontello' title='' data-avia-related-tooltip='Compartir en LinkedIn' rel=\"noopener\"><span class='avia_hidden_link_text'>Compartir en LinkedIn<\/span><\/a><\/li><li class='av-share-link av-social-link-mail' ><a  aria-label=\"Compartir por correo\" href='mailto:?subject=Contin%C3%BAa%20b%C3%BAsqueda%20de%20patr%C3%B3n%20de%20embarcaci%C3%B3n%20desaparecido%20en%20Puerto%20Chacabuco&#038;body=https:\/\/radiorevelacionfm.cl\/?p=40269' aria-hidden='false' data-av_icon='\ue805' data-av_iconfont='entypo-fontello' title='' data-avia-related-tooltip='Compartir por correo'><span class='avia_hidden_link_text'>Compartir por correo<\/span><\/a><\/li><\/ul><\/div><\/div>\n<div  style='height:50px' class='hr hr-invisible   avia-builder-el-8  el_after_av_social_share  el_before_av_comments_list '><span class='hr-inner ' ><span class='hr-inner-style'><\/span><\/span><\/div>\n<div  class='av-buildercomment  av-blog-meta-html-info-disabled av-blog-meta-tag-disabled  '><\/div>\n","protected":false},"excerpt":{"rendered":"","protected":false},"author":1,"featured_media":40270,"comment_status":"open","ping_status":"open","sticky":false,"template":"","format":"standard","meta":{"footnotes":""},"categories":[38],"tags":[],"class_list":["post-40269","post","type-post","status-publish","format-standard","has-post-thumbnail","hentry","category-regional"],"jetpack_featured_media_url":"https:\/\/radiorevelacionfm.cl\/wp-content\/uploads\/2024\/03\/Busqueda-Chacabuco-11.03.24-1-1.jpg","_links":{"self":[{"href":"https:\/\/radiorevelacionfm.cl\/index.php?rest_route=\/wp\/v2\/posts\/40269","targetHints":{"allow":["GET"]}}],"collection":[{"href":"https:\/\/radiorevelacionfm.cl\/index.php?rest_route=\/wp\/v2\/posts"}],"about":[{"href":"https:\/\/radiorevelacionfm.cl\/index.php?rest_route=\/wp\/v2\/types\/post"}],"author":[{"embeddable":true,"href":"https:\/\/radiorevelacionfm.cl\/index.php?rest_route=\/wp\/v2\/users\/1"}],"replies":[{"embeddable":true,"href":"https:\/\/radiorevelacionfm.cl\/index.php?rest_route=%2Fwp%2Fv2%2Fcomments&post=40269"}],"version-history":[{"count":1,"href":"https:\/\/radiorevelacionfm.cl\/index.php?rest_route=\/wp\/v2\/posts\/40269\/revisions"}],"predecessor-version":[{"id":40271,"href":"https:\/\/radiorevelacionfm.cl\/index.php?rest_route=\/wp\/v2\/posts\/40269\/revisions\/40271"}],"wp:featuredmedia":[{"embeddable":true,"href":"https:\/\/radiorevelacionfm.cl\/index.php?rest_route=\/wp\/v2\/media\/40270"}],"wp:attachment":[{"href":"https:\/\/radiorevelacionfm.cl\/index.php?rest_route=%2Fwp%2Fv2%2Fmedia&parent=40269"}],"wp:term":[{"taxonomy":"category","embeddable":true,"href":"https:\/\/radiorevelacionfm.cl\/index.php?rest_route=%2Fwp%2Fv2%2Fcategories&post=40269"},{"taxonomy":"post_tag","embeddable":true,"href":"https:\/\/radiorevelacionfm.cl\/index.php?rest_route=%2Fwp%2Fv2%2Ftags&post=40269"}],"curies":[{"name":"wp","href":"https:\/\/api.w.org\/{rel}","templated":true}]}}